{"id":2090,"date":"2012-06-26T16:56:15","date_gmt":"2012-06-26T23:56:15","guid":{"rendered":"http:\/\/13.53.127.146\/?p=2090"},"modified":"2021-02-01T20:40:33","modified_gmt":"2021-02-02T04:40:33","slug":"quarry-rock","status":"publish","type":"post","link":"https:\/\/www.vuosiamaailmalla.fi\/blog\/2012\/quarry-rock\/","title":{"rendered":"Quarry Rock"},"content":{"rendered":"<p style=\"text-align: justify;\">Deep Cove on pieni pittoreski kyl\u00e4 <a title=\"Kes\u00e4p\u00e4iv\u00e4 North Vancouverissa\" href=\"https:\/\/www.vuosiamaailmalla.fi\/?p=7861\">North Vancouverin<\/a> kaupungin it\u00e4laidalla, joka sijaitsee kauniilla paikalla <a title=\"Pilvihattaraa Mount Seymourilla\" href=\"https:\/\/www.vuosiamaailmalla.fi\/?p=7765\">Mount Seymourin<\/a> juurella ja Indian Arm nimisen vuonon rannalla. Et\u00e4isyytt\u00e4 Vancouverin keskustaan on vain noin 13 kilometri\u00e4, mink\u00e4 vuoksi paikka onkin ulkoilijoiden suosiossa. Viikonloppuisin pienen kyl\u00e4n kadut t\u00e4yttyv\u00e4t kaupunkilaisten autoista, jotka tulevat paikalle maastopy\u00f6r\u00e4ilem\u00e4\u00e4n, kajakoimaan tai vaeltamaan. Hauska knoppitieto onkin, ett\u00e4 paikalliseksi instituutioksi tituleerattava <em>The Deep Cove Bike Shop<\/em> oli ensimm\u00e4inen py\u00f6r\u00e4liike joka toi maastopy\u00f6r\u00e4t Vancouveriin 80-luvulla. Harrastus, joka on nykyisin <a title=\"Maastopy\u00f6r\u00e4ilij\u00e4n paratiisi\" href=\"https:\/\/www.vuosiamaailmalla.fi\/?p=1828\">eritt\u00e4in suosittua<\/a> alueella.<\/p>\n<p><!--more--><\/p>\n<p style=\"text-align: justify;\">Me ajoimme paikalle puolipilvisen\u00e4 sunnuntaina paikalliset vaellusreitit mieless\u00e4mme. Kohteenamme oli sangen simppeli noin nelj\u00e4n kilometrin mittainen reitti l\u00e4heiselle Quarry Rockin kalliolle, jolta sanottiin aukeavan kaunis maisema ymp\u00e4r\u00f6iv\u00e4lle vuonolle. Parkkipaikan l\u00f6yt\u00e4minen oli kuitenkin ensimm\u00e4inen haaste, sill\u00e4 Deep Cove n\u00e4ytt\u00e4\u00e4 mainostetun suosittu paikka viikonloppuisin. Auton parkkiin saatuamme vaihdoimme jalkaan vaelluskenk\u00e4mme ja l\u00e4hdimme mets\u00e4\u00e4n.<\/p>\n<p style=\"text-align: center;\"><a href=\"\/blog\/wp-content\/uploads\/2012\/quarry_rock3.jpg\"><img decoding=\"async\" style=\"border: 0px none; margin: 5px;\" src=\"\/blog\/wp-content\/uploads\/2012\/thumbs\/thumbs_quarry_rock3.jpg\" alt=\"\" \/><\/a><a href=\"\/blog\/wp-content\/uploads\/2012\/quarry_rock5.jpg\"><img decoding=\"async\" style=\"border: 0px none; margin: 5px;\" src=\"\/blog\/wp-content\/uploads\/2012\/thumbs\/thumbs_quarry_rock5.jpg\" alt=\"\" \/><\/a><a href=\"\/blog\/wp-content\/uploads\/2012\/quarry_rock1.jpg\"><img decoding=\"async\" style=\"border: 0px none; margin: 5px;\" src=\"\/blog\/wp-content\/uploads\/2012\/thumbs\/thumbs_quarry_rock1.jpg\" alt=\"\" \/><\/a><\/p>\n<p style=\"text-align: center;\"><em>Mets\u00e4\u00e4 ja puroja reitin varrella<\/em><\/p>\n<p style=\"text-align: justify;\">T\u00e4ll\u00e4 retkell\u00e4 ei ollut tarvetta karhukellolle, sill\u00e4 v\u00e4ke\u00e4 oli liikkeell\u00e4 aivan simona ja kaikki tuntuivat olevan matkalla samaan paikkaan. Reitin alkup\u00e4\u00e4 on hieman raskasta yl\u00e4m\u00e4ke\u00e4, mutta siit\u00e4 selvitty\u00e4 on loppumatka melko tasaista, laskeutuen kuitenkin muutamassa kohdin hieman suuremman puron ylitt\u00e4\u00e4kseen. Maisemat ovat kauniit ja ymp\u00e4r\u00f6iv\u00e4 mets\u00e4 eritt\u00e4in rehev\u00e4\u00e4 purojen solistessa polun alitse monin kohdin.<\/p>\n<p style=\"text-align: center;\"><a href=\"\/blog\/wp-content\/uploads\/2012\/quarry_rock2.jpg\"><img decoding=\"async\" style=\"border: 0px none; margin: 5px;\" src=\"\/blog\/wp-content\/uploads\/2012\/thumbs\/thumbs_quarry_rock2.jpg\" alt=\"\" \/><\/a><a href=\"\/blog\/wp-content\/uploads\/2012\/quarry_rock4.jpg\"><img decoding=\"async\" style=\"border: 0px none; margin: 5px;\" src=\"\/blog\/wp-content\/uploads\/2012\/thumbs\/thumbs_quarry_rock4.jpg\" alt=\"\" \/><\/a><\/p>\n<p style=\"text-align: center;\"><em>Hetkellisesti tyhj\u00e4 polku<\/em><\/p>\n<p style=\"text-align: justify;\">Perill\u00e4 Quarry Rockin kalliolta aukeavat luvatun kaltaiset kauniit maisemat Deep Coven poukamaan. Sangen jyrkk\u00e4 ja t\u00e4ysin ilman turvakaiteita oleva kallio oli t\u00e4ynn\u00e4 piknikille saapunutta v\u00e4ke\u00e4, jota ei pelottanut antaa lasten juosta ymp\u00e4ri kalliota. Koska v\u00e4ke\u00e4 oli niin paljon, p\u00e4\u00e4timme jatkaa polkua hieman edemm\u00e4s. Vain muutaman sadan metrin p\u00e4\u00e4ss\u00e4 polku kohoaa aluetta halkovan s\u00e4hk\u00f6linjan kohdalla toiselle kalliolle, jossa saimme istua rauhassa kaunista maisemaa ihaillen ja l\u00e4mpim\u00e4st\u00e4 auringosta nauttien. Vastarannalla n\u00e4kyy Belcarrassa sijaitseva pieni <a title=\"Jug Island Beach\" href=\"http:\/\/www.vuosiamaailmalla.fi\/blog\/2015\/jug-island-beach\/\">Jug Islandin<\/a> saari.<\/p>\n<p style=\"text-align: center;\"><a href=\"\/blog\/wp-content\/uploads\/2012\/deep_cove1.jpg\"><img decoding=\"async\" style=\"border: 0px none; margin: 5px;\" src=\"\/blog\/wp-content\/uploads\/2012\/deep_cove1.jpg\" alt=\"\" \/><\/a><\/p>\n<p style=\"text-align: center;\"><em>Deep Coven poukama<\/em><\/p>\n<p style=\"text-align: center;\"><a href=\"\/blog\/wp-content\/uploads\/2012\/alla_sahkolankojen.jpg\"><img decoding=\"async\" style=\"border: 0px none; margin: 5px;\" src=\"\/blog\/wp-content\/uploads\/2012\/alla_sahkolankojen.jpg\" alt=\"\" \/><\/a><\/p>\n<p style=\"text-align: center;\"><em>Rauhallinen paikka nauttia maisemista<\/em><\/p>\n<p style=\"text-align: justify;\">Reissu j\u00e4tti <a title=\"Sapattivieraat k\u00e4ym\u00e4ss\u00e4\" href=\"http:\/\/www.vuosiamaailmalla.fi\/blog\/2015\/sapattivieraat-kaymassa\/\">Deep Covesta<\/a> hyv\u00e4n kuvan ja alueelle pit\u00e4\u00e4kin palata uudemman kerran tekem\u00e4\u00e4n siihen l\u00e4hemp\u00e4\u00e4 tuttavuutta.<\/p>\n","protected":false},"excerpt":{"rendered":"<p>Deep Cove on pieni pittoreski kyl\u00e4 North Vancouverin kaupungin it\u00e4laidalla, joka sijaitsee kauniilla paikalla Mount Seymourin juurella ja Indian Arm nimisen vuonon rannalla. Et\u00e4isyytt\u00e4 Vancouverin keskustaan on vain noin 13 kilometri\u00e4, mink\u00e4 vuoksi paikka onkin ulkoilijoiden suosiossa. Viikonloppuisin pienen kyl\u00e4n kadut t\u00e4yttyv\u00e4t kaupunkilaisten autoista, jotka tulevat paikalle maastopy\u00f6r\u00e4ilem\u00e4\u00e4n, kajakoimaan tai vaeltamaan. Hauska knoppitieto onkin, ett\u00e4 &hellip; <a href=\"https:\/\/www.vuosiamaailmalla.fi\/blog\/2012\/quarry-rock\/\" class=\"more-link\">Jatka lukemista<span class=\"screen-reader-text\"> &#8221;Quarry Rock&#8221;<\/span><\/a><\/p>\n","protected":false},"author":1,"featured_media":11561,"comment_status":"open","ping_status":"open","sticky":false,"template":"","format":"standard","meta":{"_jetpack_memberships_contains_paid_content":false,"footnotes":""},"categories":[17,3,774,775],"tags":[562,184,563,938],"class_list":["post-2090","post","type-post","status-publish","format-standard","has-post-thumbnail","hentry","category-arki-kanadassa","category-arki-ulkomailla","category-ulkoilu","category-vaellus-ulkoilu","tag-deep-cove","tag-north-vancouver","tag-quarry-rock","tag-vaellus"],"jetpack_featured_media_url":"https:\/\/www.vuosiamaailmalla.fi\/blog\/wp-content\/uploads\/alla_sahkolankojen_banner-1.jpg","jetpack_sharing_enabled":true,"_links":{"self":[{"href":"https:\/\/www.vuosiamaailmalla.fi\/blog\/wp-json\/wp\/v2\/posts\/2090","targetHints":{"allow":["GET"]}}],"collection":[{"href":"https:\/\/www.vuosiamaailmalla.fi\/blog\/wp-json\/wp\/v2\/posts"}],"about":[{"href":"https:\/\/www.vuosiamaailmalla.fi\/blog\/wp-json\/wp\/v2\/types\/post"}],"author":[{"embeddable":true,"href":"https:\/\/www.vuosiamaailmalla.fi\/blog\/wp-json\/wp\/v2\/users\/1"}],"replies":[{"embeddable":true,"href":"https:\/\/www.vuosiamaailmalla.fi\/blog\/wp-json\/wp\/v2\/comments?post=2090"}],"version-history":[{"count":2,"href":"https:\/\/www.vuosiamaailmalla.fi\/blog\/wp-json\/wp\/v2\/posts\/2090\/revisions"}],"predecessor-version":[{"id":11562,"href":"https:\/\/www.vuosiamaailmalla.fi\/blog\/wp-json\/wp\/v2\/posts\/2090\/revisions\/11562"}],"wp:featuredmedia":[{"embeddable":true,"href":"https:\/\/www.vuosiamaailmalla.fi\/blog\/wp-json\/wp\/v2\/media\/11561"}],"wp:attachment":[{"href":"https:\/\/www.vuosiamaailmalla.fi\/blog\/wp-json\/wp\/v2\/media?parent=2090"}],"wp:term":[{"taxonomy":"category","embeddable":true,"href":"https:\/\/www.vuosiamaailmalla.fi\/blog\/wp-json\/wp\/v2\/categories?post=2090"},{"taxonomy":"post_tag","embeddable":true,"href":"https:\/\/www.vuosiamaailmalla.fi\/blog\/wp-json\/wp\/v2\/tags?post=2090"}],"curies":[{"name":"wp","href":"https:\/\/api.w.org\/{rel}","templated":true}]}}