{"id":2107,"date":"2013-05-25T18:46:34","date_gmt":"2013-05-26T01:46:34","guid":{"rendered":"http:\/\/13.53.127.146\/?p=2107"},"modified":"2021-01-20T21:41:07","modified_gmt":"2021-01-21T05:41:07","slug":"banaani-johdattaa-taideaarteen-luo","status":"publish","type":"post","link":"https:\/\/www.vuosiamaailmalla.fi\/blog\/2013\/banaani-johdattaa-taideaarteen-luo\/","title":{"rendered":"Banaani johdattaa taideaarteen luo"},"content":{"rendered":"<p style=\"text-align: justify;\">Jos olet taiteen yst\u00e4v\u00e4 ja matkalla Saksassa, sinun kannattaa seurata keltaista banaania. Ai mit\u00e4k\u00f6? No keltaisia banaani graffitteja, joita saatat n\u00e4hd\u00e4 katukuvassa esimerkiksi Berliiniss\u00e4 kuljeskellessasi. Graffitit ovat k\u00f6lnil\u00e4isen taiteilija Thomas Baumg\u00e4rtelin k\u00e4sialaa ja h\u00e4n on maalannut niit\u00e4 (joskus luvalla, joskus ilman) jo yli 4000 rakennuksen ulkosein\u00e4\u00e4n ymp\u00e4ri Eurooppaa. Erityisen paljon n\u00e4it\u00e4 banaaneja l\u00f6ytyy Baumg\u00e4rtelin kotimaasta Saksasta ja Berliiniss\u00e4 niihin t\u00f6rm\u00e4\u00e4kin aika ajoin.<\/p>\n<p><!--more--><\/p>\n<p style=\"text-align: justify;\">Mystiset banaanit eiv\u00e4t kuitenkaan ole vihattuja t\u00f6hryj\u00e4, vaan sellaisen ilmestyminen ulkosein\u00e4\u00e4n on monen taidegallerian pit\u00e4j\u00e4n m\u00e4rk\u00e4 uni. Banaanit nimitt\u00e4in indikoivat, ett\u00e4 rakennuksesta sijaitsee loistavana pidett\u00e4v\u00e4 <a href=\"https:\/\/www.vuosiamaailmalla.fi\/?p=6915\">taidegalleria<\/a>, jossa kannattaa poiketa. Vaikka banaanit ovatkin Baumg\u00e4rtelin oman mielen mukaan jaettuja, on niist\u00e4 muodostunut niiden tunnettavuuden lis\u00e4\u00e4nnytty\u00e4 yleisesti hyv\u00e4ksytty ep\u00e4virallinen leima &#8221;loistavalle taidel\u00f6yd\u00f6lle&#8221;, jota ei sovi sivuuttaa.<\/p>\n<p style=\"text-align: center;\"><a href=\"\/blog\/wp-content\/uploads\/2011\/taideaarteen_epavirallinen_leima.jpg\"><img decoding=\"async\" style=\"border: 0px none; margin: 5px;\" src=\"\/blog\/wp-content\/uploads\/2011\/taideaarteen_epavirallinen_leima.jpg\" alt=\"\" \/><\/a><\/p>\n<p style=\"text-align: center;\"><em>Taideaarteen ep\u00e4virallinen leima<\/em><\/p>\n<p style=\"text-align: justify;\">Idea on hauska ja satunnaidet banaanit pist\u00e4v\u00e4t katukuvassa silm\u00e4\u00e4n. Niiden sijaintipaikoista ei ole kuitenkaan olemassa karttoja, joten l\u00f6yd\u00f6t t\u00e4ytyy tehd\u00e4 itse. Ei niin yll\u00e4tt\u00e4en <em><a title=\"Nykytaidetta Hamburger Bahnhofilla\" href=\"https:\/\/www.vuosiamaailmalla.fi\/?p=1257\">Hamburger Bahnhofin<\/a><\/em> ulkosein\u00e4ss\u00e4 ei keltaista banaania ole, joten n\u00e4ytt\u00e4\u00e4 silt\u00e4 ett\u00e4 olemme Baumg\u00e4rtelin kanssa samaa mielt\u00e4 ainakin t\u00e4m\u00e4n museon tarjonnasta.<\/p>\n","protected":false},"excerpt":{"rendered":"<p>Jos olet taiteen yst\u00e4v\u00e4 ja matkalla Saksassa, sinun kannattaa seurata keltaista banaania. Ai mit\u00e4k\u00f6? No keltaisia banaani graffitteja, joita saatat n\u00e4hd\u00e4 katukuvassa esimerkiksi Berliiniss\u00e4 kuljeskellessasi. Graffitit ovat k\u00f6lnil\u00e4isen taiteilija Thomas Baumg\u00e4rtelin k\u00e4sialaa ja h\u00e4n on maalannut niit\u00e4 (joskus luvalla, joskus ilman) jo yli 4000 rakennuksen ulkosein\u00e4\u00e4n ymp\u00e4ri Eurooppaa. Erityisen paljon n\u00e4it\u00e4 banaaneja l\u00f6ytyy Baumg\u00e4rtelin kotimaasta &hellip; <a href=\"https:\/\/www.vuosiamaailmalla.fi\/blog\/2013\/banaani-johdattaa-taideaarteen-luo\/\" class=\"more-link\">Jatka lukemista<span class=\"screen-reader-text\"> &#8221;Banaani johdattaa taideaarteen luo&#8221;<\/span><\/a><\/p>\n","protected":false},"author":1,"featured_media":11347,"comment_status":"open","ping_status":"open","sticky":false,"template":"","format":"standard","meta":{"_jetpack_memberships_contains_paid_content":false,"footnotes":""},"categories":[18,3],"tags":[49,133,190],"class_list":["post-2107","post","type-post","status-publish","format-standard","has-post-thumbnail","hentry","category-arki-saksassa","category-arki-ulkomailla","tag-berliini","tag-hassua","tag-saksa"],"jetpack_featured_media_url":"https:\/\/www.vuosiamaailmalla.fi\/blog\/wp-content\/uploads\/taideaarteen_epavirallinen_leima_banner-1.jpg","jetpack_sharing_enabled":true,"_links":{"self":[{"href":"https:\/\/www.vuosiamaailmalla.fi\/blog\/wp-json\/wp\/v2\/posts\/2107","targetHints":{"allow":["GET"]}}],"collection":[{"href":"https:\/\/www.vuosiamaailmalla.fi\/blog\/wp-json\/wp\/v2\/posts"}],"about":[{"href":"https:\/\/www.vuosiamaailmalla.fi\/blog\/wp-json\/wp\/v2\/types\/post"}],"author":[{"embeddable":true,"href":"https:\/\/www.vuosiamaailmalla.fi\/blog\/wp-json\/wp\/v2\/users\/1"}],"replies":[{"embeddable":true,"href":"https:\/\/www.vuosiamaailmalla.fi\/blog\/wp-json\/wp\/v2\/comments?post=2107"}],"version-history":[{"count":2,"href":"https:\/\/www.vuosiamaailmalla.fi\/blog\/wp-json\/wp\/v2\/posts\/2107\/revisions"}],"predecessor-version":[{"id":11348,"href":"https:\/\/www.vuosiamaailmalla.fi\/blog\/wp-json\/wp\/v2\/posts\/2107\/revisions\/11348"}],"wp:featuredmedia":[{"embeddable":true,"href":"https:\/\/www.vuosiamaailmalla.fi\/blog\/wp-json\/wp\/v2\/media\/11347"}],"wp:attachment":[{"href":"https:\/\/www.vuosiamaailmalla.fi\/blog\/wp-json\/wp\/v2\/media?parent=2107"}],"wp:term":[{"taxonomy":"category","embeddable":true,"href":"https:\/\/www.vuosiamaailmalla.fi\/blog\/wp-json\/wp\/v2\/categories?post=2107"},{"taxonomy":"post_tag","embeddable":true,"href":"https:\/\/www.vuosiamaailmalla.fi\/blog\/wp-json\/wp\/v2\/tags?post=2107"}],"curies":[{"name":"wp","href":"https:\/\/api.w.org\/{rel}","templated":true}]}}