{"id":2118,"date":"2013-06-02T12:10:42","date_gmt":"2013-06-02T19:10:42","guid":{"rendered":"http:\/\/13.53.127.146\/?p=2118"},"modified":"2020-10-12T15:11:56","modified_gmt":"2020-10-12T22:11:56","slug":"vieraita-vanhalta-mantereelta","status":"publish","type":"post","link":"https:\/\/www.vuosiamaailmalla.fi\/blog\/2013\/vieraita-vanhalta-mantereelta\/","title":{"rendered":"Vieraita vanhalta mantereelta"},"content":{"rendered":"<p style=\"text-align: justify;\">Olemme asuneet Vancouverissa nyt noin 16 kuukautta. Tuona aikana luonamme on kerennyt k\u00e4yd\u00e4 vain yksi vieras, kun entinen ty\u00f6kaverimme pys\u00e4htyi viime elokuussa viikon verran luonamme osana maailmanymp\u00e4rysmatkaansa. T\u00e4h\u00e4n on kuitenkin tulossa merkitt\u00e4v\u00e4 muutos, sill\u00e4 olemme t\u00e4n\u00e4 kes\u00e4n\u00e4 saamassa luoksemme ainakin kolmet vieraat. Ensimm\u00e4isen\u00e4 luoksemme saapuivat Niinan vanhemmat, jotka laskeutuivat Vancouveriin noin kolme viikkoa sitten.<\/p>\n<p><!--more--><\/p>\n<p style=\"text-align: justify;\">Vaikka appivanhemmat ovatkin matkustelleet sangen paljon, oli matka Pohjois-Amerikkaan heillekin hieman harvinaisempi juttu. Vieraamme kuitenkin selvisiv\u00e4t hyvin pitk\u00e4st\u00e4 melkein vuorokauden mittaisesta ja kolme eri lentoa sis\u00e4lt\u00e4neest\u00e4 matkastaan ja noudimme heid\u00e4t lentokent\u00e4lt\u00e4 torstai-iltana. Olemme oppineet ajoittamaan matkamme lentokent\u00e4lle sangen hyvin ja n\u00e4immekin autosta miten heid\u00e4n jumbojettins\u00e4 laskeutui Vancouverin lentokent\u00e4lle. Kolmisen varttia my\u00f6hemmin lentokent\u00e4n ovista tepastelikin tuttuja iloisia kasvoja.<\/p>\n<p style=\"text-align: center;\"><a href=\"\/blog\/wp-content\/uploads\/2013\/jumbojetti_laskeutuu.jpg\"><img decoding=\"async\" style=\"border: 0px none; margin: 5px;\" src=\"\/blog\/wp-content\/uploads\/2013\/jumbojetti_laskeutuu.jpg\" alt=\"\" \/><\/a><\/p>\n<p style=\"text-align: center;\"><em>Pieni jumbojetti laskeutuu<\/em><\/p>\n<p style=\"text-align: justify;\">Torstai-ilta meni asuntoomme tutustuessa ja suomalaisittain eritt\u00e4in poikkeuksellisia pilvenpiirt\u00e4j\u00e4maisemia ihmetelless\u00e4. Kovin paljon illan aikana ei kuitenkaan keretty ihmetell\u00e4, sill\u00e4 pitk\u00e4 matka ja <a title=\"Tunnin l\u00e4hemp\u00e4n\u00e4 Suomea\" href=\"https:\/\/www.vuosiamaailmalla.fi\/?p=194\">10 tunnin aikaero<\/a> saivat vieraamme simahtamaan nopeasti.<\/p>\n<p style=\"text-align: justify;\">Perjantai oli ty\u00f6p\u00e4iv\u00e4 ja meid\u00e4n ollessa t\u00f6iss\u00e4 vieraamme ottivat ensikosketuksen Vancouverin keskustaan. Hieman lyhyemm\u00e4n ty\u00f6p\u00e4iv\u00e4n j\u00e4lleen suuntasimme yhdess\u00e4 Granville Islandille. Vieraamme tyk\u00e4styiv\u00e4t saareen kovasti ja vierailivat siell\u00e4 seuraavalla viikolla useaan otteeseen. Heid\u00e4n mielest\u00e4\u00e4n alue oli kiintoisa ja mukavan eloisa, mink\u00e4 lis\u00e4ksi siell\u00e4 myydyt tuoreet marjat ja hedelm\u00e4t olivat erinomaisia ostoksia.<\/p>\n<p style=\"text-align: justify;\">Granville Islandilla ollessamme k\u00e4vimme my\u00f6s kokeilemassa l\u00e4hettyvill\u00e4 sijaitsevan <em>Go Fish Ocean Emporium <\/em> -sn\u00e4g\u00e4rin kuuluisat <em>fish and chipsit<\/em>. Koleassa keliss\u00e4 ruokaa ei poikkeuksellisesti tarvinnut edes jonottaa ja se oli hyv\u00e4\u00e4, kuten aina ennenkin.<\/p>\n<p style=\"text-align: justify;\">Lauantaina otimme auton allemme ja l\u00e4hdimme ajamaan kaupungista etel\u00e4\u00e4n. K\u00e4vimme vieraiden kanssa kurkkaamassa Stevestonin pient\u00e4 kalastajakyl\u00e4\u00e4, mink\u00e4 j\u00e4lkeen matkasimme <a href=\"https:\/\/www.vuosiamaailmalla.fi\/?p=5783\">Tsawwasseniin<\/a>. Siell\u00e4 ihmettelimme hetken aikaa Yhdysvaltojen rajaviivaa ja sen toisella puolella olevaa Point Robertsin nieme\u00e4, mutta emme ylitt\u00e4neet rajaa. Alueella sijaitsee joitain n\u00e4ytt\u00e4vi\u00e4 omakotitaloja, joita kiertelimme katselemassa ehtaan &#8221;lauantai-illan ajelu&#8221; -tyyliin. Paikan n\u00e4htye\u00e4mm\u00e4 jatkoimme matkaa Semiahmoo Bayn\u00e4 tunnetun merenlahden vastarannalle, jossa sijaitsee White Rockin pikkukaupunki.<\/p>\n<p style=\"text-align: justify;\">White Rock on reilun 19 000 asukkaan pikkukaupunki aivan Yhdysvaltojen rajan pinnassa. Kaupunki tunnetaan Lower Mainlandin aurinkoisimpana ja on erityisesti el\u00e4kel\u00e4isten suosiossa. El\u00e4minen White Rockissa on huomattavasti 45 kilometrin p\u00e4\u00e4ss\u00e4 sijaitsevaa Vancouveria halvempaa ja varsinkin vedenrajasta l\u00e4htev\u00e4ll\u00e4 rinteell\u00e4 sijaitsevista sadoista asuintaloista avautuvat <a href=\"https:\/\/www.vuosiamaailmalla.fi\/?p=5019\">kauniit merimaisemat<\/a> jokailtaisine auringonlaskuineen.<\/p>\n<p style=\"text-align: justify;\">Kaupunki on saanut nimens\u00e4 486-tonnisesta valkoisesta graniittilohkareesta, jonka j\u00e4\u00e4kausi on kuljetti aikanaan kaupungin edustan rantahietikolle. Kiven valkoisen v\u00e4rin selitt\u00e4\u00e4 sen p\u00e4\u00e4ll\u00e4 matalassa rantavedess\u00e4 uiskentelevia kaloja kyt\u00e4nneet tuhannet linnut, joiden uloste teki siit\u00e4 kauttaaltaan vaalean. Nykyisin lohkareen valkoinen v\u00e4ri on maalia ja se on kyl\u00e4n pienimuotoinen n\u00e4ht\u00e4vyys.<\/p>\n<p style=\"text-align: center;\"><a href=\"\/blog\/wp-content\/uploads\/2013\/valkoinen_kivi.jpg\"><img decoding=\"async\" style=\"border: 0px none; margin: 5px;\" src=\"\/blog\/wp-content\/uploads\/2013\/valkoinen_kivi.jpg\" alt=\"\" \/><\/a><\/p>\n<p style=\"text-align: center;\"><em>White Rockin valkoinen lohkare<\/em><\/p>\n<p style=\"text-align: justify;\">Toinen n\u00e4ht\u00e4vyys on melkeinp\u00e4 vieress\u00e4 sijaitseva, vuonna 1914 valmistunut <a title=\"Kanadan pisimm\u00e4ll\u00e4 laiturilla\" href=\"https:\/\/www.vuosiamaailmalla.fi\/?p=10861\">470-metri\u00e4 pitk\u00e4 laituri<\/a> ulos merelle. Laituri vie pienelle kivikolle ja sit\u00e4 pitkin on suosittua k\u00e4vell\u00e4 merta katsellen. Matalassa vedess\u00e4 asustelee runsaasti rapuja ja n\u00e4immekin monia paikallisia kalastamassa rapumerroilla pohjan asukkeja, joita n\u00e4ytti nousevan joka heitolla. \ud83d\udca1<\/p>\n<p style=\"text-align: center;\"><a href=\"\/blog\/wp-content\/uploads\/2013\/white_rockin_laituri2.jpg\"><img decoding=\"async\" style=\"border: 0px none; margin: 5px;\" src=\"\/blog\/wp-content\/uploads\/2013\/thumbs\/thumbs_white_rockin_laituri2.jpg\" alt=\"\" \/><\/a><a href=\"\/blog\/wp-content\/uploads\/2013\/white_rockin_laituri1.jpg\"><img decoding=\"async\" style=\"border: 0px none; margin: 5px;\" src=\"\/blog\/wp-content\/uploads\/2013\/thumbs\/thumbs_white_rockin_laituri1.jpg\" alt=\"\" \/><\/a><a href=\"\/blog\/wp-content\/uploads\/2013\/white_rockin_laituri3.jpg\"><img decoding=\"async\" style=\"border: 0px none; margin: 5px;\" src=\"\/blog\/wp-content\/uploads\/2013\/thumbs\/thumbs_white_rockin_laituri3.jpg\" alt=\"\" \/><\/a><\/p>\n<p style=\"text-align: center;\"><em> Kaupungin kuuluisa laituri<\/em><\/p>\n<p style=\"text-align: justify;\">Rantaa sivuavan promenaadin varrella on paljon ravintoloita meriterasseilla ja nautimme er\u00e4\u00e4ll\u00e4 n\u00e4ist\u00e4 makoisan lounaan. Hieman hassusti promenaadin vierelt\u00e4 kulkee my\u00f6s Vancouverin ja Seattlen v\u00e4linen rautatie, jota t\u00f6misteli lounaan aikana todella pitk\u00e4 tavarajuna. Emme tulleet laskeneeksi vaunujen m\u00e4\u00e4r\u00e4\u00e4, mutta kolme veturia veti per\u00e4ss\u00e4\u00e4n varmaan sataa vaunua t\u00e4ynn\u00e4 mit\u00e4 erilaisempaa tavaraa. \ud83d\ude2e<\/p>\n<p style=\"text-align: justify;\">White Rockista ajoimme Vancouverin pohjoispuolelle West Vancouveriin, jossa k\u00e4vimme <em>Lighthouse Parkin<\/em> luonnonpuistossa k\u00e4velem\u00e4ss\u00e4 noin kolmen kilometrin mittaisen luontopolun. Sill\u00e4 n\u00e4imme vanhoja suuria puita sek\u00e4 kauniita kalliorantoja, joista t\u00e4m\u00e4 pieni luonnonpuisto l\u00e4hell\u00e4 kaupunkia on kuuluisa. Illalla k\u00e4vimme viel\u00e4 katsomassa West Vancouverin rinteill\u00e4 sijaitsevia valtavia kartanoita, mutta vieraiden <em>jetlag<\/em> oli sen verran paha, ett\u00e4 reissu meni loppuvaiheessa hieman torkkumiseksi.<\/p>\n<p style=\"text-align: center;\"><a href=\"\/blog\/wp-content\/uploads\/2013\/lighthouse_park2.jpg\"><img decoding=\"async\" style=\"border: 0px none; margin: 5px;\" src=\"\/blog\/wp-content\/uploads\/2013\/thumbs\/thumbs_lighthouse_park2.jpg\" alt=\"\" \/><\/a><a href=\"\/blog\/wp-content\/uploads\/2013\/lighthouse_park1.jpg\"><img decoding=\"async\" style=\"border: 0px none; margin: 5px;\" src=\"\/blog\/wp-content\/uploads\/2013\/thumbs\/thumbs_lighthouse_park1.jpg\" alt=\"\" \/><\/a><a href=\"\/blog\/wp-content\/uploads\/2013\/keskusta_ja_stanley_park.jpg\"><img decoding=\"async\" style=\"border: 0px none; margin: 5px;\" src=\"\/blog\/wp-content\/uploads\/2013\/thumbs\/thumbs_keskusta_ja_stanley_park.jpg\" alt=\"\" \/><\/a><\/p>\n<p style=\"text-align: center;\"><em>Maisemia Lighthouse Parkissa<\/em><\/p>\n<p style=\"text-align: justify;\">Sunnuntaina kelin luvattiin olevan hieman parempi, joten otimme suunnaksi Whistlerin. Pys\u00e4hdyimme matkalla katsomassa <em>Shannon Fallsin<\/em> sek\u00e4 <em>Brandywine Fallsin<\/em> vesiputouksia. Whistleriss\u00e4 oli meno kuin talvella ja kaupungin keskusta oli t\u00e4ynn\u00e4 ihmisi\u00e4. Lumi oli kadonnut kyl\u00e4st\u00e4 ja alarinteilt\u00e4, mutta Blackcombin huipulla lasketeltiin edelleen. Harmillisesti Whistlerin kuuluisa <a href=\"https:\/\/www.vuosiamaailmalla.fi\/?p=7000\"><em>Peak 2 Peak<\/em> gondolihissi<\/a> ei ollut viel\u00e4 kes\u00e4k\u00e4yt\u00f6ss\u00e4, joten emme p\u00e4\u00e4ssee kurkistamaan maisemia vuorten huipulta. P\u00e4\u00e4timmekin jatkaa matkaamme pohjoisemmas kohti Pembertonia.<\/p>\n<p style=\"text-align: justify;\">L\u00e4hell\u00e4 Pembertonin kyl\u00e4\u00e4 sijaitsee kolmas vierailun arvoinen vesiputous nimelt\u00e4\u00e4n <em>Nairn Falls<\/em>. Kyseess\u00e4 ei ole niink\u00e4\u00e4n vesiputouksesta, vaan kanjonimaisesta kurusta, jossa varsinkin kev\u00e4isin vuolaana virtaavan Rutherford Creekin vesimassat puristuvat kapean kalliomuodostelman l\u00e4vitse. Kapeikon j\u00e4lkeen vesimassat sukeltavat kallion sis\u00e4\u00e4n muodostuneeseen vedenalaiseen tunneliin, joka pulpauttaa ne ulos juuri ennen parinkymmenen metrin korkuista pudotusta. Vaikka pudotus ei ole j\u00e4rin suuri, ovat joen vesimassat sellaiset, ett\u00e4 pauhua riitt\u00e4\u00e4.<\/p>\n<p style=\"text-align: center;\"><a href=\"\/blog\/wp-content\/uploads\/2013\/nairn_falls1.jpg\"><img decoding=\"async\" style=\"border: 0px none; margin: 5px;\" src=\"\/blog\/wp-content\/uploads\/2013\/thumbs\/thumbs_nairn_falls1.jpg\" alt=\"\" \/><\/a><a href=\"\/blog\/wp-content\/uploads\/2013\/nairn_falls6.jpg\"><img decoding=\"async\" style=\"border: 0px none; margin: 5px;\" src=\"\/blog\/wp-content\/uploads\/2013\/thumbs\/thumbs_nairn_falls6.jpg\" alt=\"\" \/><\/a><\/p>\n<p style=\"text-align: center;\"><em>Kuru alhaalla ja j\u00e4\u00e4tikk\u00f6 ylh\u00e4\u00e4ll\u00e4<\/em><\/p>\n<p style=\"text-align: center;\"><a href=\"\/blog\/wp-content\/uploads\/2013\/nairn_falls4.jpg\"><img decoding=\"async\" style=\"border: 0px none; margin: 5px;\" src=\"\/blog\/wp-content\/uploads\/2013\/thumbs\/thumbs_nairn_falls4.jpg\" alt=\"\" \/><\/a><a href=\"\/blog\/wp-content\/uploads\/2013\/nairn_falls3.jpg\"><img decoding=\"async\" style=\"border: 0px none; margin: 5px;\" src=\"\/blog\/wp-content\/uploads\/2013\/thumbs\/thumbs_nairn_falls3.jpg\" alt=\"\" \/><\/a><br \/>\n<a href=\"\/blog\/wp-content\/uploads\/2013\/nairn_falls5.jpg\"><img decoding=\"async\" style=\"border: 0px none; margin: 5px;\" src=\"\/blog\/wp-content\/uploads\/2013\/thumbs\/thumbs_nairn_falls5.jpg\" alt=\"\" \/><\/a><a href=\"\/blog\/wp-content\/uploads\/2013\/nairn_falls2.jpg\"><img decoding=\"async\" style=\"border: 0px none; margin: 5px;\" src=\"\/blog\/wp-content\/uploads\/2013\/thumbs\/thumbs_nairn_falls2.jpg\" alt=\"\" \/><\/a><\/p>\n<p style=\"text-align: center;\"><em>Pauhaava Nairn Falls<\/em><\/p>\n<p style=\"text-align: center;\"><iframe loading=\"lazy\" src=\"https:\/\/www.youtube-nocookie.com\/embed\/0hqRs3SyrNQ?rel=0\" width=\"560\" height=\"315\" frameborder=\"0\"><\/iframe><\/p>\n<p style=\"text-align: justify;\">Nairn Fallsille on noin puolentoista kilometrin k\u00e4vely l\u00e4heiselt\u00e4 parkkialueelta ja lyhyt k\u00e4velymatka kannattaa. Vieraamme tykk\u00e4siv\u00e4t maisemista kovasti ja keli sattui olemaan kaunis juuri vierailun aikaan.<\/p>\n<p style=\"text-align: justify;\">Putouksilta ajoimme Pembertoniin, josta jatkoimme matkaamme viel\u00e4 hieman edemm\u00e4s Joffre Lakelle. T\u00e4m\u00e4 pieni vuoristoj\u00e4rvi sijaitsee 1200 metrin korkeudessa merenpinnasta, mik\u00e4 tarkoitti ett\u00e4 siell\u00e4 oli viel\u00e4 n\u00e4in toukokuun lopussa puolisen metri\u00e4 lunta. Onneksi alimman j\u00e4rven rantaan ei ole parkkipaikalta kovin pitk\u00e4 matka, joten onnistuimme k\u00e4ym\u00e4\u00e4n rannassa ilman ett\u00e4 kukaan liukastui kovaksi painuneella lumihangella.<\/p>\n<p style=\"text-align: center;\"><a href=\"\/blog\/wp-content\/uploads\/2013\/lunta_joffre_lakesilla2.jpg\"><img decoding=\"async\" style=\"border: 0px none; margin: 5px;\" src=\"\/blog\/wp-content\/uploads\/2013\/thumbs\/thumbs_lunta_joffre_lakesilla2.jpg\" alt=\"\" \/><\/a><a href=\"\/blog\/wp-content\/uploads\/2013\/lunta_joffre_lakesilla1.jpg\"><img decoding=\"async\" style=\"border: 0px none; margin: 5px;\" src=\"\/blog\/wp-content\/uploads\/2013\/thumbs\/thumbs_lunta_joffre_lakesilla1.jpg\" alt=\"\" \/><\/a><\/p>\n<p style=\"text-align: center;\"><em>Paksu hanki viel\u00e4 maassa<\/em><\/p>\n<p style=\"text-align: justify;\">Hangesta johtuen j\u00e4rven rannassa oli sangen kylm\u00e4, mutta hyttysi\u00e4 oli siit\u00e4kin huolimatta. Hetken maisemia ihailtuamme l\u00e4hdimme paluumatkalle takaisin Vancouveriin, pys\u00e4htyen muutamalla paikalla valokuvaamaan kauniita maisemia.<\/p>\n<p style=\"text-align: center;\"><a href=\"\/blog\/wp-content\/uploads\/2013\/lunta_joffre_lakesilla3.jpg\"><img decoding=\"async\" style=\"border: 0px none; margin: 5px;\" src=\"\/blog\/wp-content\/uploads\/2013\/lunta_joffre_lakesilla3.jpg\" alt=\"\" \/><\/a><\/p>\n<p style=\"text-align: center;\"><em>J\u00e4\u00e4peitteest\u00e4 vapautunut Joffre Lake<\/em><\/p>\n<p style=\"text-align: justify;\">Melko pitk\u00e4ksi automatkaksi venynytt\u00e4, mutta upeiden vuoristomaisemien t\u00e4hditt\u00e4m\u00e4\u00e4 sunnuntaita seurasi hieman liikuntapainotteisempi maanantai. P\u00e4iv\u00e4 oli meillekin vapaa, sill\u00e4 tuolloin vietet\u00e4\u00e4n <em>Victoria Dayt\u00e4<\/em>. Suuntasimme heti aamusta Stanley Parkin suuntaan, jossa vuokrasimme vieraillemme fillarit (itseh\u00e4n ostimme uudet polkupy\u00f6r\u00e4t viikkoa aiemmin) ja l\u00e4hdimme kierrokselle Stanley Parkin ymp\u00e4ri. Noin kymmenen kilometrin mittainen kierros on ehdottomasti Vancouverin parhaita n\u00e4ht\u00e4vyyksi\u00e4 ja hieman pilvisen\u00e4kin p\u00e4iv\u00e4n\u00e4 maisemat ovat mahtavat. Mik\u00e4 parasta, v\u00e4ke\u00e4 oli liikkeell\u00e4 huomattavasti normaalia v\u00e4hemm\u00e4n, eik\u00e4 <em>Seawallina<\/em> tunnettu rantaraitti ollut ollenkaan ruuhkainen.<\/p>\n<p style=\"text-align: justify;\">Stanley Parkin kierretty\u00e4mme p\u00e4\u00e4timme jatkaa matkaa ymp\u00e4ri False Creekin, jolloin py\u00f6r\u00e4reissulle tulee mittaa noin 25 kilometri\u00e4. Poljimme matkan rauhalliseen tahtiin, pys\u00e4hdellen aina v\u00e4lill\u00e4 valokuvaamaan ymp\u00e4r\u00f6ivi\u00e4 maisemia. Itsell\u00e4ni ei ollut kameraa t\u00e4ll\u00e4 kertaa mukana, joten laitan kuvia rantaraitin maisemista joskus my\u00f6hemmin.<\/p>\n<p style=\"text-align: justify;\">Tiistaina meid\u00e4n oli Niinan kanssa tarvis menn\u00e4 j\u00e4lleen t\u00f6ihin. P\u00e4iv\u00e4 oli sateinen, joten p\u00e4\u00e4timme ty\u00f6p\u00e4iv\u00e4n j\u00e4lkeen ajaa West Vancouverin puolelle ostoksille. Tai oikeastaan ostoksille suuntasivat vain naiset ja min\u00e4 k\u00e4vin appiukon kanssa vilkaisemassa <a title=\"Capilano Canyon\" href=\"https:\/\/www.vuosiamaailmalla.fi\/?p=2032\">Cleveland Damia<\/a> sek\u00e4 potkimassa renkaita bemariliikkeell\u00e4, josta meid\u00e4nkin <a title=\"2012 BMW X1 xDrive28i\" href=\"https:\/\/www.vuosiamaailmalla.fi\/?p=201\">BMW X1<\/a> hankittiin.<\/p>\n<p style=\"text-align: justify;\">Keskiviikkona keli oli alkuviikkoa parempi, joten ajoimme iltap\u00e4iv\u00e4ll\u00e4 Deep Coven seudulle, miss\u00e4 k\u00e4velimme porukassa <a title=\"Quarry Rock\" href=\"https:\/\/www.vuosiamaailmalla.fi\/?p=2090\"><em>Quarry Rockille<\/em><\/a>. Keli oli hieman pilvinen, mutta viile\u00e4 ilma ei haitannut alkuunkaan paikoin puuskuttamista aiheuttavalla luontopolulla. Maisema polun p\u00e4\u00e4st\u00e4 l\u00f6ytyv\u00e4lt\u00e4 kalliolta oli j\u00e4lleen upea ja alla onkin siit\u00e4 t\u00e4ll\u00e4 kertaa nappaamani panoraama, jossa koko Deep Cove on n\u00e4ht\u00e4viss\u00e4.<\/p>\n<p style=\"text-align: center;\"><a href=\"\/blog\/wp-content\/uploads\/2013\/piha_deep_covessa.jpg\"><img decoding=\"async\" style=\"border: 0px none; margin: 5px;\" src=\"\/blog\/wp-content\/uploads\/2013\/piha_deep_covessa.jpg\" alt=\"\" \/><\/a><\/p>\n<p style=\"text-align: center;\"><em>Kaunis piha Deep Covessa<\/em><\/p>\n<p style=\"text-align: center;\"><a href=\"\/blog\/wp-content\/uploads\/2013\/quarry_rock6.jpg\"><img decoding=\"async\" style=\"border: 0px none; margin: 5px;\" src=\"\/blog\/wp-content\/uploads\/2013\/thumbs\/thumbs_quarry_rock6.jpg\" alt=\"\" \/><\/a><a href=\"\/blog\/wp-content\/uploads\/2013\/quarry_rock7.jpg\"><img decoding=\"async\" style=\"border: 0px none; margin: 5px;\" src=\"\/blog\/wp-content\/uploads\/2013\/thumbs\/thumbs_quarry_rock7.jpg\" alt=\"\" \/><\/a><a href=\"\/blog\/wp-content\/uploads\/2013\/quarry_rock8.jpg\"><img decoding=\"async\" style=\"border: 0px none; margin: 5px;\" src=\"\/blog\/wp-content\/uploads\/2013\/thumbs\/thumbs_quarry_rock8.jpg\" alt=\"\" \/><\/a><\/p>\n<p style=\"text-align: center;\"><em>Matkalla Quarry Rockille<\/em><\/p>\n<p style=\"text-align: center;\"><a href=\"\/blog\/wp-content\/uploads\/2013\/quarry_rock_panoraama.jpg\"><img decoding=\"async\" style=\"border: 0px none; margin: 5px;\" src=\"\/blog\/wp-content\/uploads\/2013\/quarry_rock_panoraama_pieni.jpg\" alt=\"\" \/><\/a><\/p>\n<p style=\"text-align: center;\"><em>Deep Coven panoraama Quarry Rockilta<\/em><\/p>\n<p style=\"text-align: justify;\">Torstainakin keli oli kaunis ja niinp\u00e4 vieraamme vuokrasivat itselleen toistamiseen polkupy\u00f6r\u00e4t. Poljimme yhdess\u00e4 keskustasta Vancouverin kaupungin korkeimmalle pisteelle <em>Queen Elizabeth Parkin<\/em> puistoon. Pitk\u00e4 ja paikoin raskas nousu palkittiin puistosta aukeavilla maisemilla keskustaan, joista nautimme puistossa sijaitsevalta maisemaravintolalta. En jaksanut raahata j\u00e4rkk\u00e4ri\u00e4ni mukana t\u00e4ll\u00e4k\u00e4\u00e4n py\u00f6r\u00e4reissulla, joten kuvia ei tullut napsittua. Vieraamme olivat kuitenkin hyvin iloisia t\u00e4st\u00e4kin el\u00e4myksest\u00e4 ja retkest\u00e4, johon polkupy\u00f6r\u00e4 oli t\u00e4ydellinen kulkupeli.<\/p>\n<p style=\"text-align: justify;\">Perjantai-illan ainoaksi ohjelmaksi muodostui vierailu japanilaisessa ravintolassa <em>Robson Streetin<\/em> varrella, jota seurasi viel\u00e4 herkuttelu vohveleilla l\u00e4heisess\u00e4 kahvilassa.<\/p>\n<p style=\"text-align: justify;\">Vieraidemme viimeisen\u00e4 p\u00e4iv\u00e4n\u00e4 lauantaina p\u00e4\u00e4timme l\u00e4hte\u00e4 viel\u00e4 kertaalleen tien p\u00e4\u00e4lle. Ajoimme aamusta aika tarkalleen sata kilometri\u00e4 Vancouverista it\u00e4\u00e4n, jossa sijaitsee 78 000 asukkaan Chilliwack. Siell\u00e4 s\u00f6imme aamupalan aiemmalla vierailullamme hyv\u00e4ksi toteamassamme aamupalapaikassa. Perinteisten pannukakkujen j\u00e4lkeen ajoimme viel\u00e4 l\u00e4heiselle Cultus Lakelle, joka on suosittu leirint\u00e4kohde Lower Mainlandin alueella. Keli oli p\u00e4\u00e4asiassa sateinen ja keskityimme l\u00e4hinn\u00e4 ajelemaan paikallisteit\u00e4 alueella ennen paluutamme takaisin Vancouveriin.<\/p>\n<p style=\"text-align: center;\"><a href=\"\/blog\/wp-content\/uploads\/2013\/aamiaisella.jpg\"><img decoding=\"async\" style=\"border: 0px none; margin: 5px;\" src=\"\/blog\/wp-content\/uploads\/2013\/aamiaisella.jpg\" alt=\"\" \/><\/a><\/p>\n<p style=\"text-align: center;\"><em>Aamiaisella<\/em><\/p>\n<p style=\"text-align: justify;\">Yhdeks\u00e4n vuorokauden mittainen vierailu p\u00e4\u00e4ttyi illalla vieraiden kuljetukseen <a title=\"Vancouverin lentokentt\u00e4 uusille miljoonaluvuille\" href=\"https:\/\/www.vuosiamaailmalla.fi\/?p=7907\">lentokent\u00e4lle<\/a>. Visiitin pituus oli aika onnistunut, sill\u00e4 ensimm\u00e4iset 2-3 p\u00e4iv\u00e4\u00e4 olivat jetlagin vuoksi vieraillemme v\u00e4sytt\u00e4vi\u00e4. Siit\u00e4 huolimatta ehdimme kuitenkin n\u00e4hd\u00e4 todella paljon eri maisemia ja tehd\u00e4 monia juttuja. Kaikkea ei todellakaan keretty n\u00e4kem\u00e4\u00e4n, eik\u00e4 ollut tarkoituskaan, sill\u00e4 appivanhemmat palaavat varmasti luoksemme my\u00f6s tulevaisuudessa. Toiveissa on, ett\u00e4 vierailusta t\u00e4nne koilliskulmalle tulisi vuosittainen tapaus, kuten oli tapana Saksassakin asuttaessa. \ud83d\ude42<\/p>\n","protected":false},"excerpt":{"rendered":"<p>Olemme asuneet Vancouverissa nyt noin 16 kuukautta. Tuona aikana luonamme on kerennyt k\u00e4yd\u00e4 vain yksi vieras, kun entinen ty\u00f6kaverimme pys\u00e4htyi viime elokuussa viikon verran luonamme osana maailmanymp\u00e4rysmatkaansa. T\u00e4h\u00e4n on kuitenkin tulossa merkitt\u00e4v\u00e4 muutos, sill\u00e4 olemme t\u00e4n\u00e4 kes\u00e4n\u00e4 saamassa luoksemme ainakin kolmet vieraat. Ensimm\u00e4isen\u00e4 luoksemme saapuivat Niinan vanhemmat, jotka laskeutuivat Vancouveriin noin kolme viikkoa sitten.<\/p>\n","protected":false},"author":1,"featured_media":9046,"comment_status":"open","ping_status":"open","sticky":false,"template":"","format":"standard","meta":{"_jetpack_memberships_contains_paid_content":false,"footnotes":""},"categories":[17,3,774,775],"tags":[568,935,426,566,565,563,939,725,943,567],"class_list":["post-2118","post","type-post","status-publish","format-standard","has-post-thumbnail","hentry","category-arki-kanadassa","category-arki-ulkomailla","category-ulkoilu","category-vaellus-ulkoilu","tag-joffre-lake","tag-kanada","tag-lighthouse-park","tag-nairn-falls","tag-pemberton","tag-quarry-rock","tag-vancouver","tag-vierailu","tag-west-vancouver","tag-white-rock"],"jetpack_featured_media_url":"https:\/\/www.vuosiamaailmalla.fi\/blog\/wp-content\/uploads\/quarry_rock_banner.jpg","jetpack_sharing_enabled":true,"_links":{"self":[{"href":"https:\/\/www.vuosiamaailmalla.fi\/blog\/wp-json\/wp\/v2\/posts\/2118","targetHints":{"allow":["GET"]}}],"collection":[{"href":"https:\/\/www.vuosiamaailmalla.fi\/blog\/wp-json\/wp\/v2\/posts"}],"about":[{"href":"https:\/\/www.vuosiamaailmalla.fi\/blog\/wp-json\/wp\/v2\/types\/post"}],"author":[{"embeddable":true,"href":"https:\/\/www.vuosiamaailmalla.fi\/blog\/wp-json\/wp\/v2\/users\/1"}],"replies":[{"embeddable":true,"href":"https:\/\/www.vuosiamaailmalla.fi\/blog\/wp-json\/wp\/v2\/comments?post=2118"}],"version-history":[{"count":0,"href":"https:\/\/www.vuosiamaailmalla.fi\/blog\/wp-json\/wp\/v2\/posts\/2118\/revisions"}],"wp:featuredmedia":[{"embeddable":true,"href":"https:\/\/www.vuosiamaailmalla.fi\/blog\/wp-json\/wp\/v2\/media\/9046"}],"wp:attachment":[{"href":"https:\/\/www.vuosiamaailmalla.fi\/blog\/wp-json\/wp\/v2\/media?parent=2118"}],"wp:term":[{"taxonomy":"category","embeddable":true,"href":"https:\/\/www.vuosiamaailmalla.fi\/blog\/wp-json\/wp\/v2\/categories?post=2118"},{"taxonomy":"post_tag","embeddable":true,"href":"https:\/\/www.vuosiamaailmalla.fi\/blog\/wp-json\/wp\/v2\/tags?post=2118"}],"curies":[{"name":"wp","href":"https:\/\/api.w.org\/{rel}","templated":true}]}}