{"id":2137,"date":"2013-06-19T20:28:10","date_gmt":"2013-06-20T03:28:10","guid":{"rendered":"http:\/\/13.53.127.146\/?p=2137"},"modified":"2020-12-13T17:05:19","modified_gmt":"2020-12-14T01:05:19","slug":"trump-international-hotel-tower-vancouver","status":"publish","type":"post","link":"https:\/\/www.vuosiamaailmalla.fi\/blog\/2013\/trump-international-hotel-tower-vancouver\/","title":{"rendered":"Trump tulee Vancouveriin"},"content":{"rendered":"<p style=\"text-align: justify;\">Vancouverin kiinteist\u00f6markkinoilla putosi t\u00e4ll\u00e4 viikolla oikea uutispommi, kun k\u00e4vi ilmi ett\u00e4 newyorkilainen kiinteist\u00f6moguli ja tosi-tv:st\u00e4kin tuttu <a title=\"Kanada sulattelee USA:n vaalitulosta\" href=\"https:\/\/www.vuosiamaailmalla.fi\/?p=8606\">Donald Trump<\/a> laajentaa bisneksi\u00e4\u00e4n Vancouveriin ja on mukana pystytt\u00e4m\u00e4ss\u00e4 t\u00e4nne uutta nime\u00e4\u00e4n kantavaa pilvenpiirt\u00e4j\u00e4\u00e4. Asiasta on huhuttu rakennuspiireiss\u00e4 koko kev\u00e4\u00e4n ajan ja asiaan saatiin viimein vahvistus t\u00e4n\u00e4\u00e4n j\u00e4rjestetyss\u00e4 tiedotustilaisuudessa, jossa my\u00f6s itse Trump oli paikalla kolmen lapsensa kanssa.<\/p>\n<p><!--more--><\/p>\n<p style=\"text-align: justify;\">Trump on mukana rakennuttamassa kaupungin ydinkeskustaan nousevaa per\u00e4ti 63-kerroksista pilvenpiirt\u00e4j\u00e4\u00e4, joka kohoaa 188 metrin korkeuteen ja josta tulee valmistuttuaan kaupungin <a title=\"Kilpailu korkeimmasta pilvenpiirt\u00e4j\u00e4st\u00e4\" href=\"https:\/\/www.vuosiamaailmalla.fi\/?p=11013\">toiseksi korkein rakennus<\/a>. Vain aavistuksen korkeampi on kadun toisella puolella kohoava, vuonna 2008 valmistunut 62-kerroksinen ja 201-metrinen <em>Living Shangri-La<\/em>.<\/p>\n<p style=\"text-align: center;\"><a href=\"\/blog\/wp-content\/uploads\/2013\/trump_tower_havainnekuva1.jpg\"><img decoding=\"async\" style=\"border: 0px none; margin: 5px;\" src=\"\/blog\/wp-content\/uploads\/2013\/trump_tower_havainnekuva1.jpg\" alt=\"\" \/><\/a><\/p>\n<p style=\"text-align: center;\"><em>Trump International Hotel &amp; Tower Vancouver<\/em><\/p>\n<p style=\"text-align: center;\"><a href=\"\/blog\/wp-content\/uploads\/2013\/trump_tower_havainnekuva2.jpg\"><img decoding=\"async\" style=\"border: 0px none; margin: 5px;\" src=\"\/blog\/wp-content\/uploads\/2013\/trump_tower_havainnekuva2.jpg\" alt=\"\" \/><\/a><\/p>\n<p style=\"text-align: justify;\">Trump rakentaa torninsa tontille, jolla on takanaan pitk\u00e4 ja vaikea historia. Paikalla sijaitsi aiemmin 60-luvulla valmistunut vaatimaton yhdeks\u00e4n kerroksinen toimistotalo, joka p\u00e4\u00e4tettiin vuonna 1994 muuntaa uuteen k\u00e4ytt\u00f6\u00f6n. Muutosty\u00f6t aloitettiin julkisivun purkamisella samana vuonna, mutta tuntemattomasta syyst\u00e4 projekti keskeytyi kesken t\u00f6iden. Talousvaikeudet olivat todenn\u00e4k\u00f6inen syy projektin keskeytymiselle, mutta tuloksena kaupungin keskustaa j\u00e4i rumentamaan kuorittu runko aina vuoteen 2007 saakka.<\/p>\n<p style=\"text-align: center;\"><a href=\"\/blog\/wp-content\/uploads\/2013\/rakennuksenraato2.jpg\"><img decoding=\"async\" style=\"border: 0px none; margin: 5px;\" src=\"\/blog\/wp-content\/uploads\/2013\/thumbs\/thumbs_rakennuksenraato2.jpg\" alt=\"\" \/><\/a><a href=\"\/blog\/wp-content\/uploads\/2013\/rakennuksenraato3.jpg\"><img decoding=\"async\" style=\"border: 0px none; margin: 5px;\" src=\"\/blog\/wp-content\/uploads\/2013\/thumbs\/thumbs_rakennuksenraato3.jpg\" alt=\"\" \/><\/a><a href=\"\/blog\/wp-content\/uploads\/2013\/rakennuksenraato1.jpg\"><img decoding=\"async\" style=\"border: 0px none; margin: 5px;\" src=\"\/blog\/wp-content\/uploads\/2013\/thumbs\/thumbs_rakennuksenraato1.jpg\" alt=\"\" \/><\/a><\/p>\n<p style=\"text-align: center;\"><em>13 vuotta seissyt rakennuksen raato<\/em><\/p>\n<p style=\"text-align: justify;\">Vuonna 2007 julkistettiin uusi suunnitelma, jossa paikalle ehdotettiin uutta luksuspilvenpiirt\u00e4j\u00e4\u00e4, jonka perillinen Trumpin tornikin on. Uusi torni muodostui ellipsin muotoisesta pohjaratkaisusta, joka kaartui matkallaan yl\u00f6s 45 astetta (samaan tapaan kuin Malm\u00f6n <a title=\"Halki Ruotsin sek\u00e4 kes\u00e4loma roadsterilla\" href=\"https:\/\/www.vuosiamaailmalla.fi\/?p=1001\"><em>Turning Torso<\/em><\/a>). Tornin alaosaan oli tarkoitus valmistua 5 t\u00e4hden <em>Ritz-Carlton<\/em> hotelli, jolla my\u00f6s yl\u00e4puolella sijaitsevat <a title=\"Asukkaana Trump Towerissa\" href=\"https:\/\/www.vuosiamaailmalla.fi\/?p=9783\">luksusasunnot<\/a> oli tarkoitus br\u00e4nd\u00e4t\u00e4. Asuntojen l\u00e4ht\u00f6hinta oli rapeat 2,4 miljoonaa dollaria, ylimm\u00e4n kerroksen <em>penthousen<\/em> kustantaessa per\u00e4ti 28 miljoonaa dollaria. Hinta, jolla p\u00e4\u00e4sisi jo koko <a title=\"Kanadan 5 kalleinta miljoonakotia\" href=\"https:\/\/www.vuosiamaailmalla.fi\/?p=273\">Kanadan kalleimpien asuntojen<\/a> joukkoon.<\/p>\n<p style=\"text-align: center;\"><a href=\"\/blog\/wp-content\/uploads\/2013\/ritz-carlton_havainnekuva1.jpg\"><img decoding=\"async\" style=\"border: 0px none; margin: 5px;\" src=\"\/blog\/wp-content\/uploads\/2013\/ritz-carlton_havainnekuva1.jpg\" alt=\"\" \/><\/a><\/p>\n<p style=\"text-align: center;\"><em>Vuoden 2007 suunnitelma<\/em><\/p>\n<p style=\"text-align: center;\"><a href=\"\/blog\/wp-content\/uploads\/2013\/ritz-carlton_havainnekuva2.jpg\"><img decoding=\"async\" style=\"border: 0px none; margin: 5px;\" src=\"\/blog\/wp-content\/uploads\/2013\/ritz-carlton_havainnekuva2.jpg\" alt=\"\" \/><\/a><\/p>\n<p style=\"text-align: justify;\">Paljon kiinnostusta ja kiitosta osakseen saanut projekti l\u00e4hti nopeasti k\u00e4yntiin ja jyr\u00e4si pian altaan paikalla 13 vuotta seisseen rakennuksen raadon. Kuitenkin juuri kun paikalle alettiin kaivaa uuden rakennuksen syv\u00e4\u00e4 parkkihallia, iski vuoden 2008 maailmanlaajuinen finanssikriisi, jonka my\u00f6t\u00e4 n\u00e4m\u00e4kin suunnitelmat meniv\u00e4t j\u00e4ihin. Viereinen Shangri-La oli t\u00e4ss\u00e4 naapuriaan onnekkaampi, sill\u00e4 sen rakentaminen oli aloitettu noin vuoden aikaisemmin, joten se oli t\u00e4ss\u00e4 vaiheessa jo l\u00e4hes valmis ja valmistuikin pian loppuvuodesta 2008.<\/p>\n<p style=\"text-align: justify;\">Viimeiset kuusi vuotta t\u00e4m\u00e4 loistavalla paikalla sijaitseva &#8221;kirottu&#8221; tontti on odottanut uutta sijoittajaa, joksi n\u00e4ytt\u00e4\u00e4 nyt siunaantuneen amerikkalainen Trump. Huonosta kampauksestaan sek\u00e4 tosi-tv-ohjelma <em>Diilist\u00e4<\/em> tuttu Donald Trump on kiistanalainen henkil\u00f6, joka on kuitenkin onnistunut kiinteist\u00f6bisneksiss\u00e4\u00e4n eritt\u00e4in hyvin. Trump on pystytt\u00e4nyt monta merkitt\u00e4v\u00e4\u00e4 pilvenpiirt\u00e4j\u00e4\u00e4 kotikaupunkiinsa <a title=\"Kes\u00e4lomalla New Yorkissa\" href=\"https:\/\/www.vuosiamaailmalla.fi\/?p=9567\">New Yorkiin<\/a>, jossa Trumpin tummanpuhuvat pilvenpiirt\u00e4j\u00e4t ovat tunnistettava osa Manhattanin silhuettia. Muutama vuosi sitten Trump siirtyi my\u00f6s t\u00e4nne Kanadan puolelle, rakennuttaen <a title=\"Taivaisiin kasvanut Toronto\" href=\"https:\/\/www.vuosiamaailmalla.fi\/?p=3097\">Toronton<\/a> keskustaan 65-kerroksisen pilvenpiirt\u00e4j\u00e4n. T\u00e4m\u00e4n j\u00e4lkeen onkin odotettu milloin kiinteist\u00f6moguli n\u00e4ht\u00e4isiin l\u00e4nsirannikon suunnalla ja juuri Vancouverissa, mink\u00e4 aika n\u00e4ytt\u00e4\u00e4 koittaneen nyt.<\/p>\n<p style=\"text-align: justify;\">Vaikka itse Trumpista voikin olla montaa mielt\u00e4, on silti hieno asia ett\u00e4 keskeiselle tontille saadaan viimeinkin rakennettua sille kuuluva maamerkki. Rakennus tulee n\u00e4kym\u00e4\u00e4n eritt\u00e4in hyvin asunnostamme ja paikalle kaivettu syv\u00e4 kuoppa on ollut jo itsess\u00e4\u00e4n pieni n\u00e4ht\u00e4vyys. Tuleekin olemaan kiintoisaa katsoa miten rakennus l\u00e4htee piakkoin nousemaan <a title=\"Trump Tower Vancouver 18 kerrosta\" href=\"https:\/\/www.vuosiamaailmalla.fi\/?p=2695\">maanpinnan ylle<\/a> ja millainen siit\u00e4 tulee valmistuttuaan joskus ensi vuoden lopulla. \ud83d\udca1<\/p>\n<p style=\"text-align: center;\"><a href=\"\/blog\/wp-content\/uploads\/2012\/vancouvers_turn_kuoppa1.jpg\"><img decoding=\"async\" style=\"border: 0px none; margin: 5px;\" src=\"\/blog\/wp-content\/uploads\/2012\/thumbs\/thumbs_vancouvers_turn_kuoppa1.jpg\" alt=\"\" \/><\/a><a href=\"\/blog\/wp-content\/uploads\/2013\/vancouvers_turn_nosturi4.jpg\"><img decoding=\"async\" style=\"border: 0px none; margin: 5px;\" src=\"\/blog\/wp-content\/uploads\/2013\/thumbs\/thumbs_vancouvers_turn_nosturi4.jpg\" alt=\"\" \/><\/a><\/p>\n<p style=\"text-align: center;\"><em>Rakennusty\u00f6maan syv\u00e4 kuoppa ja nosturi<br \/>\n<\/em><\/p>\n","protected":false},"excerpt":{"rendered":"<p>Vancouverin kiinteist\u00f6markkinoilla putosi t\u00e4ll\u00e4 viikolla oikea uutispommi, kun k\u00e4vi ilmi ett\u00e4 newyorkilainen kiinteist\u00f6moguli ja tosi-tv:st\u00e4kin tuttu Donald Trump laajentaa bisneksi\u00e4\u00e4n Vancouveriin ja on mukana pystytt\u00e4m\u00e4ss\u00e4 t\u00e4nne uutta nime\u00e4\u00e4n kantavaa pilvenpiirt\u00e4j\u00e4\u00e4. Asiasta on huhuttu rakennuspiireiss\u00e4 koko kev\u00e4\u00e4n ajan ja asiaan saatiin viimein vahvistus t\u00e4n\u00e4\u00e4n j\u00e4rjestetyss\u00e4 tiedotustilaisuudessa, jossa my\u00f6s itse Trump oli paikalla kolmen lapsensa kanssa.<\/p>\n","protected":false},"author":1,"featured_media":9860,"comment_status":"open","ping_status":"open","sticky":false,"template":"","format":"standard","meta":{"_jetpack_memberships_contains_paid_content":false,"footnotes":""},"categories":[17,3],"tags":[25,569,935,301,571,939,211,940],"class_list":["post-2137","post","type-post","status-publish","format-standard","has-post-thumbnail","hentry","category-arki-kanadassa","category-arki-ulkomailla","tag-ajankohtaista","tag-donald-trump","tag-kanada","tag-rakennustyomaa","tag-trump-international-hotel-tower-vancouver","tag-vancouver","tag-vancouver-coal-harbour","tag-vancouver-downtown"],"jetpack_featured_media_url":"https:\/\/www.vuosiamaailmalla.fi\/blog\/wp-content\/uploads\/trump_tower_havainnekuva_banner.jpg","jetpack_sharing_enabled":true,"_links":{"self":[{"href":"https:\/\/www.vuosiamaailmalla.fi\/blog\/wp-json\/wp\/v2\/posts\/2137","targetHints":{"allow":["GET"]}}],"collection":[{"href":"https:\/\/www.vuosiamaailmalla.fi\/blog\/wp-json\/wp\/v2\/posts"}],"about":[{"href":"https:\/\/www.vuosiamaailmalla.fi\/blog\/wp-json\/wp\/v2\/types\/post"}],"author":[{"embeddable":true,"href":"https:\/\/www.vuosiamaailmalla.fi\/blog\/wp-json\/wp\/v2\/users\/1"}],"replies":[{"embeddable":true,"href":"https:\/\/www.vuosiamaailmalla.fi\/blog\/wp-json\/wp\/v2\/comments?post=2137"}],"version-history":[{"count":0,"href":"https:\/\/www.vuosiamaailmalla.fi\/blog\/wp-json\/wp\/v2\/posts\/2137\/revisions"}],"wp:featuredmedia":[{"embeddable":true,"href":"https:\/\/www.vuosiamaailmalla.fi\/blog\/wp-json\/wp\/v2\/media\/9860"}],"wp:attachment":[{"href":"https:\/\/www.vuosiamaailmalla.fi\/blog\/wp-json\/wp\/v2\/media?parent=2137"}],"wp:term":[{"taxonomy":"category","embeddable":true,"href":"https:\/\/www.vuosiamaailmalla.fi\/blog\/wp-json\/wp\/v2\/categories?post=2137"},{"taxonomy":"post_tag","embeddable":true,"href":"https:\/\/www.vuosiamaailmalla.fi\/blog\/wp-json\/wp\/v2\/tags?post=2137"}],"curies":[{"name":"wp","href":"https:\/\/api.w.org\/{rel}","templated":true}]}}