{"id":2148,"date":"2013-02-18T16:54:03","date_gmt":"2013-02-19T00:54:03","guid":{"rendered":"http:\/\/13.53.127.146\/?p=2148"},"modified":"2021-02-27T20:17:54","modified_gmt":"2021-02-28T04:17:54","slug":"united-states-capitol","status":"publish","type":"post","link":"https:\/\/www.vuosiamaailmalla.fi\/blog\/2013\/united-states-capitol\/","title":{"rendered":"United States Capitol"},"content":{"rendered":"<p style=\"text-align: justify;\">Washingtonin kaupunki tuo yleens\u00e4 ihmisten mieliin kaksi rakennusta Yhdysvaltojen p\u00e4\u00e4kaupungissa: presidentin virka-asunto ja ty\u00f6paikka <a href=\"https:\/\/www.vuosiamaailmalla.fi\/?p=6703\">Valkoinen talo<\/a> sek\u00e4 Yhdysvaltain kongressin kokoontumispaikka <em>United States Capitol<\/em>. N\u00e4ist\u00e4 kahdesta todellinen vallan keskus on US Capitol, jossa maan \u00e4\u00e4nestetyt p\u00e4\u00e4tt\u00e4j\u00e4t kokoontuvat p\u00e4\u00e4t\u00f6ksentekoon sek\u00e4 s\u00e4\u00e4t\u00e4m\u00e4\u00e4n uusia lakeja.<\/p>\n<p><!--more--><\/p>\n<p style=\"text-align: justify;\">US Capitol on valtava neoklassista suuntausta edustava hallintorakennus p\u00e4\u00e4kaupungin keskustassa. Rakennus vihittiin k\u00e4ytt\u00f6\u00f6n vuonna 1800, kun tuolloin viel\u00e4 nuoren valtion hallitus muutti uuteen p\u00e4\u00e4kaupunkiin. Alkuper\u00e4inen rakennus oli huomattavasti nykyist\u00e4 pienempi ja se valmistui virallisesti vuonna 1811. Seuraavana vuonna syttynyt Yhdysvaltojen ja Ison-Britannian v\u00e4linen Vuoden 1812 sota ylsi kuitenkin Washingtoniinkin saakka ja elokuussa 1814 britit polttivat kaupungin sek\u00e4 my\u00f6s US Capitolin maantasalle. Tapaus on edelleen jotain mit\u00e4 kanadalaiset (tuolloin viel\u00e4 Iso-Britannian alaisuudessa) jaksavat tuoda toisinaan esille n\u00e4p\u00e4ytyksen\u00e4 etel\u00e4iselle naapurilleen. 8)<\/p>\n<p style=\"text-align: justify;\">32-kuukautisen sodan p\u00e4\u00e4tytty\u00e4 seuraavana vuonna, Washington sek\u00e4 US Capitol j\u00e4lleenrakennettiin nopeasti. Vuonna 1855 valmistui j\u00e4lleen uusi laajennus ja rakennus sai kuuluisan kupolinsa. 88 metrin korkeuteen ylt\u00e4v\u00e4 kupoli on rakennuksen tunnistettavin osa ja se on Yhdysvaltojen hallituksen symbolina. Kupolin huippua koristaa 6-metrinen ja 6800-kiloinen pronssinen vapaudenpatsas, joka symbolisesti <a title=\"Maailmaa valaiseva Vapaudenpatsas\" href=\"http:\/\/www.vuosiamaailmalla.fi\/blog\/2011\/maailmaa-valaiseva-vapaudenpatsas\/\">valvoo ymp\u00e4r\u00f6iv\u00e4\u00e4 vapautta<\/a>.<\/p>\n<p style=\"text-align: center;\"><a href=\"\/blog\/wp-content\/uploads\/2013\/us_capitol_tammikuussa2.jpg\"><img decoding=\"async\" style=\"border: 0px none; margin: 5px;\" src=\"\/blog\/wp-content\/uploads\/2013\/thumbs\/thumbs_us_capitol_tammikuussa2.jpg\" alt=\"\" \/><\/a><a href=\"\/blog\/wp-content\/uploads\/2013\/us_capitol_tammikuussa1.jpg\"><img decoding=\"async\" style=\"border: 0px none; margin: 5px;\" src=\"\/blog\/wp-content\/uploads\/2013\/thumbs\/thumbs_us_capitol_tammikuussa1.jpg\" alt=\"\" \/><\/a><\/p>\n<p style=\"text-align: center;\"><em>US Capitol koleassa tammikuussa<\/em><\/p>\n<p style=\"text-align: center;\"><a href=\"\/blog\/wp-content\/uploads\/2013\/us_capitol_tammikuussa3.jpg\"><img decoding=\"async\" style=\"border: 0px none; margin: 5px;\" src=\"\/blog\/wp-content\/uploads\/2013\/thumbs\/thumbs_us_capitol_tammikuussa3.jpg\" alt=\"\" \/><\/a><\/p>\n<p style=\"text-align: center;\"><em>Rakennuksen valkea kupoli<\/em><\/p>\n<p style=\"text-align: justify;\">Rakennus on merkitykseens\u00e4 n\u00e4hden kohtuullisen helposti l\u00e4hestytt\u00e4viss\u00e4 niin sen etu- kuin takapuoleltakin ja sinne j\u00e4rjestet\u00e4\u00e4n kymmeni\u00e4 ilmaisia kierroksia kuutena p\u00e4iv\u00e4n\u00e4 viikossa (ei sunnuntaina). Kierroksille suositellaan etuk\u00e4teen teht\u00e4v\u00e4\u00e4 nettivarausta, mutta itse p\u00e4\u00e4dyin vain k\u00e4velem\u00e4\u00e4n paikalle lauantaina ja p\u00e4\u00e4sin silti heti seuraavalle kierrokselle. Kapasiteettia siis on ainakin kuumimman turistikauden ulkopuolella.<\/p>\n<p style=\"text-align: center;\"><a href=\"\/blog\/wp-content\/uploads\/2013\/us_capitol_panoraama.jpg\"><img decoding=\"async\" style=\"border: 0px none; margin: 5px;\" src=\"\/blog\/wp-content\/uploads\/2013\/us_capitol_panoraama_pieni.jpg\" alt=\"\" \/><\/a><\/p>\n<p style=\"text-align: center;\"><em>US Capitolin k\u00e4\u00e4nt\u00f6puoli<\/em><\/p>\n<p style=\"text-align: justify;\">Paikalle saavutaan rakennuksen takapuolelta, jonne valmistui uusi maanalainen vierailukeskus vuonna 2008. Kuten arvata saattaa, ovat paikan turvatoimet tiukat, mutta niist\u00e4 selvitty\u00e4\u00e4n saa sis\u00e4puolella kulkea sangen rauhasssa osana opastettua ryhm\u00e4\u00e4.<\/p>\n<p style=\"text-align: center;\"><a href=\"\/blog\/wp-content\/uploads\/2013\/us_capitol_vierailukeskus.jpg\"><img decoding=\"async\" style=\"border: 0px none; margin: 5px;\" src=\"\/blog\/wp-content\/uploads\/2013\/us_capitol_vierailukeskus.jpg\" alt=\"\" \/><\/a><\/p>\n<p style=\"text-align: center;\"><em>Vierailukeskus<\/em><\/p>\n<p style=\"text-align: center;\"><a href=\"\/blog\/wp-content\/uploads\/2013\/havaijin_kuningas.jpg\"><img decoding=\"async\" style=\"border: 0px none; margin: 5px;\" src=\"\/blog\/wp-content\/uploads\/2013\/thumbs\/thumbs_havaijin_kuningas.jpg\" alt=\"\" \/><\/a><a href=\"\/blog\/wp-content\/uploads\/2013\/heimopaallikko_washakie.jpg\"><img decoding=\"async\" style=\"border: 0px none; margin: 5px;\" src=\"\/blog\/wp-content\/uploads\/2013\/thumbs\/thumbs_heimopaallikko_washakie.jpg\" alt=\"\" \/><\/a><a href=\"\/blog\/wp-content\/uploads\/2013\/jack_swigert.jpg\"><img decoding=\"async\" style=\"border: 0px none; margin: 5px;\" src=\"\/blog\/wp-content\/uploads\/2013\/thumbs\/thumbs_jack_swigert.jpg\" alt=\"\" \/><\/a><\/p>\n<p style=\"text-align: center;\"><em>Patsaita vierailukeskuksen aulassa<\/em><\/p>\n<p style=\"text-align: justify;\">Ensimm\u00e4iseksi ryhm\u00e4 kuljetetaan teatteriin, jossa n\u00e4ytet\u00e4\u00e4n lyhyt elokuva Yhdysvaltojen demokratian syntymisest\u00e4 sek\u00e4 nykyisest\u00e4 p\u00e4\u00e4t\u00f6ksenteosta. Elokuva on kaikessa demokratian ja vapauden hokemisessaan sen verran paatoksellinen ja todellisuutta idealisoiva, ettei sit\u00e4 katsoessa voi kuin pudistella p\u00e4\u00e4t\u00e4\u00e4n miettiess\u00e4\u00e4n miten demokraattinen ja oikeudenmukainen Yhdysvallat todellisuudessa t\u00e4n\u00e4 p\u00e4iv\u00e4n\u00e4 on. \ud83d\ude44 Hieman piinallisen diibadaiban j\u00e4lkeen ryhm\u00e4lle jaetaan radiovastaanottimet, jonka avulla voi kuunnella oppaan selostusta.<\/p>\n<p style=\"text-align: justify;\">Ensimm\u00e4iseksi ryhm\u00e4t siirtyv\u00e4t US Capitolin kryptaan, joka sijaitsee rakennuksen suuren kupolin alapuolisen rotundan alapuolella. Tila tarkoitettiin alunperin Yhdysvaltojen ensimm\u00e4isen presidentin George Washingtonin hautapaikaksi, mutta t\u00e4m\u00e4n testamentti sek\u00e4 kotitilan omistajan tahto muuttivat suunnitelmaa ja Washington haudattiin lopulta kotitilalleen Mount Vernoniin, hieman Washingtonin etel\u00e4puolelle.<\/p>\n<p style=\"text-align: center;\"><a href=\"\/blog\/wp-content\/uploads\/2013\/us_capitol_krypta.jpg\"><img decoding=\"async\" style=\"border: 0px none; margin: 5px;\" src=\"\/blog\/wp-content\/uploads\/2013\/us_capitol_krypta.jpg\" alt=\"\" \/><\/a><\/p>\n<p style=\"text-align: center;\"><em>Krypta<\/em><\/p>\n<p style=\"text-align: justify;\">Kryptassa ei ole mit\u00e4\u00e4n kovin ihmeellist\u00e4 n\u00e4ht\u00e4v\u00e4\u00e4 muutaman alkuper\u00e4isi\u00e4 13 osavaltiota muistavan patsaan lis\u00e4ksi. Ehk\u00e4 kiintoisin yksityiskohta on keskell\u00e4 huonetta lattiassa oleva t\u00e4hti, joka on piste jota kohti kaikki kaupungin p\u00e4\u00e4kadut suuntaavat. Pistett\u00e4 voikin kutsua hyv\u00e4ll\u00e4 mielell\u00e4 Washingtonin keskuspisteeksi, vaikkei se sit\u00e4 maantieteellisess\u00e4 mieless\u00e4 kuitenkaan ole.<\/p>\n<p style=\"text-align: justify;\">Kryptan j\u00e4lkeen noustaan portaita pitkin yl\u00e4puolella sijaitsevaan rotundaan, joka on kierroksen p\u00e4\u00e4n\u00e4ht\u00e4vyys. Valtaisa rotunda sijaitsee rakennuksen keskell\u00e4 ja yhdist\u00e4\u00e4 sen kaksi siipe\u00e4 yhteen. Py\u00f6re\u00e4n salin halkaisija on 29 metri\u00e4 ja sen kupolin lakipiste on 55 metri\u00e4 lattian yl\u00e4puolella. Rotundassa sijaitsee paljon merkitt\u00e4v\u00e4\u00e4 taidetta, joka kuvaa niin Amerikan l\u00f6yt\u00e4mist\u00e4, mantereen asuttamista, Yhdysvaltojen synty\u00e4 sek\u00e4 muita maan merkitt\u00e4vi\u00e4 tapahtumia. Kuuluisin teos lienee John Trumbullin maalaus <a href=\"https:\/\/www.vuosiamaailmalla.fi\/?p=2718\">itsen\u00e4isyysjulistuksen allekirjoittamisesta<\/a>, joka koristaa my\u00f6s harvinaisen kahden dollarin setelin k\u00e4\u00e4nt\u00f6puolta. Maalausten, veistosten, katon suuren frescon lis\u00e4ksi rotundassa sijaitsee my\u00f6s seitsem\u00e4n patsasta ja muutama rintaveistos. Osa n\u00e4ist\u00e4 on paikallaan pysyv\u00e4sti (esimerkiksi George Washingtonin patsas) ja osa vaihtuu aika ajoin.<\/p>\n<p style=\"text-align: center;\"><a href=\"\/blog\/wp-content\/uploads\/2013\/us_capitol_rotunda2.jpg\"><img decoding=\"async\" style=\"border: 0px none; margin: 5px;\" src=\"\/blog\/wp-content\/uploads\/2013\/thumbs\/thumbs_us_capitol_rotunda2.jpg\" alt=\"\" \/><\/a><a href=\"\/blog\/wp-content\/uploads\/2013\/us_capitol_rotunda1.jpg\"><img decoding=\"async\" style=\"border: 0px none; margin: 5px;\" src=\"\/blog\/wp-content\/uploads\/2013\/thumbs\/thumbs_us_capitol_rotunda1.jpg\" alt=\"\" \/><\/a><\/p>\n<p style=\"text-align: center;\"><em>Rotunda ja rakennuksen kupoli<\/em><\/p>\n<p style=\"text-align: center;\"><a href=\"\/blog\/wp-content\/uploads\/2013\/us_capitol_kupoli.jpg\"><img decoding=\"async\" style=\"border: 0px none; margin: 5px;\" src=\"\/blog\/wp-content\/uploads\/2013\/us_capitol_kupoli.jpg\" alt=\"\" \/><\/a><\/p>\n<p style=\"text-align: center;\"><em>Korea kupoli<\/em><\/p>\n<p style=\"text-align: center;\"><a href=\"\/blog\/wp-content\/uploads\/2013\/itsenaisyyden_julistus_maalaus.jpg\"><img decoding=\"async\" style=\"border: 0px none; margin: 5px;\" src=\"\/blog\/wp-content\/uploads\/2013\/itsenaisyyden_julistus_maalaus.jpg\" alt=\"\" \/><\/a><\/p>\n<p style=\"text-align: center;\"><em>John Trumbullin kuuluisa maalaus<\/em><\/p>\n<p style=\"text-align: center;\"><iframe loading=\"lazy\" src=\"\/\/www.youtube-nocookie.com\/embed\/Rsjx2M-djBU\" width=\"560\" height=\"315\" frameborder=\"0\"><\/iframe><\/p>\n<p style=\"text-align: center;\"><em>360-asteen n\u00e4kym\u00e4 Rotundasta<\/em><\/p>\n<p style=\"text-align: justify;\">Rotunda on my\u00f6s paikka jossa Yhdysvaltojen presidenttien arkku normaalisti makaa kunniavartiossa muutaman p\u00e4iv\u00e4n presidentin kuoleman j\u00e4lkeen. Edellisen kerran tila on palvellut t\u00e4ss\u00e4 tarkoituksessa joulukuussa 2006 presidentti Gerald Fordin kuoltua.<\/p>\n<p style=\"text-align: justify;\">Kierros viett\u00e4\u00e4 rotundassa hyv\u00e4n aikaa, sill\u00e4 opas kertoo ymp\u00e4rill\u00e4 n\u00e4kyv\u00e4st\u00e4 taiteesta sangen tarkasti (tarkempaa tietoa l\u00f6ytyy my\u00f6s <a href=\"https:\/\/en.wikipedia.org\/wiki\/United_States_Capitol_rotunda\">Wikipediasta<\/a>). Valokuvia saa ottaa vapaasti ja teoksi voi tarkastella hieman l\u00e4hemp\u00e4\u00e4kin. Rotundan vieress\u00e4 sijaitsee pienempi <em>National Statuary Hall<\/em> nimell\u00e4 tunnettu sivukamari, joka toimi aikoinaan edustajainhuoneen kokoustilana. Nykyisin huoneessa sijaitsee noin viidenkymmenen merkitt\u00e4v\u00e4n amerikkalaisen patsaat, joista osa on rotundalle mahtumattomia presidenttej\u00e4 ja osa muutoin ansioituneita amerikkalaisia.<\/p>\n<p style=\"text-align: center;\"><a href=\"\/blog\/wp-content\/uploads\/2013\/us_capitol_sivukamari2.jpg\"><img decoding=\"async\" style=\"border: 0px none; margin: 5px;\" src=\"\/blog\/wp-content\/uploads\/2013\/thumbs\/thumbs_us_capitol_sivukamari2.jpg\" alt=\"\" \/><\/a><a href=\"\/blog\/wp-content\/uploads\/2013\/us_capitol_sivukamari1.jpg\"><img decoding=\"async\" style=\"border: 0px none; margin: 5px;\" src=\"\/blog\/wp-content\/uploads\/2013\/thumbs\/thumbs_us_capitol_sivukamari1.jpg\" alt=\"\" \/><\/a><\/p>\n<p style=\"text-align: center;\"><em>National Statuary Hall<\/em><\/p>\n<p style=\"text-align: center;\"><a href=\"\/blog\/wp-content\/uploads\/2013\/us_capitol_sivukamari3.jpg\"><img decoding=\"async\" style=\"border: 0px none; margin: 5px;\" src=\"\/blog\/wp-content\/uploads\/2013\/thumbs\/thumbs_us_capitol_sivukamari3.jpg\" alt=\"\" \/><\/a><\/p>\n<p style=\"text-align: center;\"><em>Patsas oviaukon yl\u00e4puolella<\/em><\/p>\n<p style=\"text-align: center;\"><iframe loading=\"lazy\" src=\"\/\/www.youtube-nocookie.com\/embed\/y6yzuK9_XrU\" width=\"560\" height=\"315\" frameborder=\"0\"><\/iframe><\/p>\n<p style=\"text-align: justify;\">Rotundan ja sen sivukamarin n\u00e4kemisen j\u00e4lkeen normaali turistikierros onkin jo ohitse ja ryhm\u00e4 palaa takaisin vierailukeskukseen. P\u00e4iv\u00e4st\u00e4 ja kongressin aikataulusta riippuen joillain ryhmill\u00e4 on my\u00f6s p\u00e4\u00e4sy n\u00e4kem\u00e4\u00e4n nykyiset senaatin ja edustajainhuoneen kokoustilat. T\u00e4h\u00e4n kuitenkin vaaditaan, ett\u00e4 k\u00e4ynniss\u00e4 on jokin kokous ja ett\u00e4 on etuk\u00e4teen hankkinut luvan oman osavaltion senaattorin toimistolta. Ulkomaalaiselle turistille t\u00e4m\u00e4n luvan hankkiminen on hieman hankalampaa, muttei luetun perusteella kuitenkaan mahdotonta. Vierailut ovat mahdollisia vain viikolla, joten itselleni ei ollut edes mahdollisuutta t\u00e4h\u00e4n vierailuun, joten lauantain anniksi j\u00e4ikin n\u00e4hd\u00e4 t\u00e4m\u00e4 arkkitehtuurisesti hieno rakennus p\u00e4\u00e4piirteiss\u00e4\u00e4n sis\u00e4lt\u00e4.<\/p>\n<p style=\"text-align: center;\"><a href=\"\/blog\/wp-content\/uploads\/2013\/vapaudenpatsas_katolla.jpg\"><img decoding=\"async\" style=\"border: 0px none; margin: 5px;\" src=\"\/blog\/wp-content\/uploads\/2013\/thumbs\/thumbs_vapaudenpatsas_katolla.jpg\" alt=\"\" \/><\/a><\/p>\n<p style=\"text-align: center;\"><em>Kupolin huipulla olevan patsaan 1:1 kopio<\/em><\/p>\n<p style=\"text-align: justify;\">Vierailua voi silti suositella kenelle tahansa, sill\u00e4 t\u00e4m\u00e4n hetkisen\u00e4 vallan keskuksena US Capitolissa teht\u00e4vill\u00e4 p\u00e4\u00e4t\u00f6ksill\u00e4 on monesti maailmanlaajuisiakin seurauksia. Vierailukeskuksen yhteydess\u00e4 on my\u00f6s hyv\u00e4 ja kohtuuhintainen ravintola, jossa kannattaa poiketa. Itse nautin siell\u00e4 hyv\u00e4n keittolounaan, jonka j\u00e4lkeen suuntasin maanalaista k\u00e4yt\u00e4v\u00e4\u00e4 pitkin naapurissa sijaitsevaan <em><a href=\"https:\/\/www.vuosiamaailmalla.fi\/?p=2348\">Thomas Jefferson Buildingiin<\/a><\/em>, miss\u00e4 sijaitsee arkkitehtuurisesti n\u00e4ytt\u00e4v\u00e4 ja n\u00e4kemisen arvoinen Yhdysvaltojen kongressin kirjasto.<\/p>\n<p style=\"text-align: center;\"><a href=\"\/blog\/wp-content\/uploads\/2013\/us_capitol_helmikuussa1.jpg\"><img decoding=\"async\" style=\"border: 0px none; margin: 5px;\" src=\"\/blog\/wp-content\/uploads\/2013\/us_capitol_helmikuussa1.jpg\" alt=\"\" \/><\/a><\/p>\n<p style=\"text-align: center;\"><em>Perinteinen n\u00e4kym\u00e4 Pennsylvania Avenuelta<\/em><\/p>\n<p style=\"text-align: center;\"><a href=\"\/blog\/wp-content\/uploads\/2013\/us_capitol_helmikuussa2.jpg\"><img decoding=\"async\" style=\"border: 0px none; margin: 5px;\" src=\"\/blog\/wp-content\/uploads\/2013\/thumbs\/thumbs_us_capitol_helmikuussa2.jpg\" alt=\"\" \/><\/a><a href=\"\/blog\/wp-content\/uploads\/2013\/us_capitol_helmikuussa3.jpg\"><img decoding=\"async\" style=\"border: 0px none; margin: 5px;\" src=\"\/blog\/wp-content\/uploads\/2013\/thumbs\/thumbs_us_capitol_helmikuussa3.jpg\" alt=\"\" \/><\/a><a href=\"\/blog\/wp-content\/uploads\/2013\/us_capitol_helmikuussa4.jpg\"><img decoding=\"async\" style=\"border: 0px none; margin: 5px;\" src=\"\/blog\/wp-content\/uploads\/2013\/thumbs\/thumbs_us_capitol_helmikuussa4.jpg\" alt=\"\" \/><\/a><\/p>\n<p style=\"text-align: center;\"><em>US Capitol aurinkoisena helmikuun p\u00e4iv\u00e4n\u00e4<\/em><\/p>\n","protected":false},"excerpt":{"rendered":"<p>Washingtonin kaupunki tuo yleens\u00e4 ihmisten mieliin kaksi rakennusta Yhdysvaltojen p\u00e4\u00e4kaupungissa: presidentin virka-asunto ja ty\u00f6paikka Valkoinen talo sek\u00e4 Yhdysvaltain kongressin kokoontumispaikka United States Capitol. N\u00e4ist\u00e4 kahdesta todellinen vallan keskus on US Capitol, jossa maan \u00e4\u00e4nestetyt p\u00e4\u00e4tt\u00e4j\u00e4t kokoontuvat p\u00e4\u00e4t\u00f6ksentekoon sek\u00e4 s\u00e4\u00e4t\u00e4m\u00e4\u00e4n uusia lakeja.<\/p>\n","protected":false},"author":1,"featured_media":11224,"comment_status":"open","ping_status":"open","sticky":false,"template":"","format":"standard","meta":{"_jetpack_memberships_contains_paid_content":false,"footnotes":""},"categories":[7,890],"tags":[139,457,462,395,11],"class_list":["post-2148","post","type-post","status-publish","format-standard","has-post-thumbnail","hentry","category-matkakertomukset","category-yhdysvallat","tag-historiaa-2","tag-matkakertomus-washington","tag-united-states-capitol","tag-washington","tag-matkakertomukset-yhdysvallat"],"jetpack_featured_media_url":"https:\/\/www.vuosiamaailmalla.fi\/blog\/wp-content\/uploads\/us_capitol_banner-1.jpg","jetpack_sharing_enabled":true,"_links":{"self":[{"href":"https:\/\/www.vuosiamaailmalla.fi\/blog\/wp-json\/wp\/v2\/posts\/2148","targetHints":{"allow":["GET"]}}],"collection":[{"href":"https:\/\/www.vuosiamaailmalla.fi\/blog\/wp-json\/wp\/v2\/posts"}],"about":[{"href":"https:\/\/www.vuosiamaailmalla.fi\/blog\/wp-json\/wp\/v2\/types\/post"}],"author":[{"embeddable":true,"href":"https:\/\/www.vuosiamaailmalla.fi\/blog\/wp-json\/wp\/v2\/users\/1"}],"replies":[{"embeddable":true,"href":"https:\/\/www.vuosiamaailmalla.fi\/blog\/wp-json\/wp\/v2\/comments?post=2148"}],"version-history":[{"count":2,"href":"https:\/\/www.vuosiamaailmalla.fi\/blog\/wp-json\/wp\/v2\/posts\/2148\/revisions"}],"predecessor-version":[{"id":12011,"href":"https:\/\/www.vuosiamaailmalla.fi\/blog\/wp-json\/wp\/v2\/posts\/2148\/revisions\/12011"}],"wp:featuredmedia":[{"embeddable":true,"href":"https:\/\/www.vuosiamaailmalla.fi\/blog\/wp-json\/wp\/v2\/media\/11224"}],"wp:attachment":[{"href":"https:\/\/www.vuosiamaailmalla.fi\/blog\/wp-json\/wp\/v2\/media?parent=2148"}],"wp:term":[{"taxonomy":"category","embeddable":true,"href":"https:\/\/www.vuosiamaailmalla.fi\/blog\/wp-json\/wp\/v2\/categories?post=2148"},{"taxonomy":"post_tag","embeddable":true,"href":"https:\/\/www.vuosiamaailmalla.fi\/blog\/wp-json\/wp\/v2\/tags?post=2148"}],"curies":[{"name":"wp","href":"https:\/\/api.w.org\/{rel}","templated":true}]}}