{"id":2163,"date":"2013-07-12T19:32:16","date_gmt":"2013-07-13T02:32:16","guid":{"rendered":"http:\/\/13.53.127.146\/?p=2163"},"modified":"2021-01-20T21:42:25","modified_gmt":"2021-01-21T05:42:25","slug":"17-syyta-asua-juuri-kanadassa","status":"publish","type":"post","link":"https:\/\/www.vuosiamaailmalla.fi\/blog\/2013\/17-syyta-asua-juuri-kanadassa\/","title":{"rendered":"17 syyt\u00e4 asua juuri Kanadassa"},"content":{"rendered":"<p style=\"text-align: justify;\">Viime viikolla vietettiin Pohjois-Amerikan mantereella itsen\u00e4isyysp\u00e4iv\u00e4\u00e4 kummallakin puolen rajaa. Hein\u00e4kuun ensimm\u00e4inen on <a title=\"Itsen\u00e4isyysp\u00e4iv\u00e4 Canada Day\" href=\"https:\/\/www.vuosiamaailmalla.fi\/?p=8277\"><em>Canada Day<\/em><\/a> ja nelj\u00e4s hein\u00e4kuuta on tietenkin etel\u00e4naapurin asukkaille t\u00e4rke\u00e4 <em>4th of July<\/em>. Vaikka Kanadalla ja Yhdysvalloilla onkin paljon yhteist\u00e4, ovat ne kuitenkin tarkemmin tarkasteltuna niin erilaisia, etten ainakaan min\u00e4 voisi kuvitellakaan asuvani rajan etel\u00e4puolella (vaikka <a title=\"Yhden aikakauden p\u00e4\u00e4t\u00f6s ja uuden alku\" href=\"https:\/\/www.vuosiamaailmalla.fi\/?p=1567\">sekin vaihtoehto<\/a> l\u00e4hell\u00e4 k\u00e4v\u00e4isi).<\/p>\n<p><!--more--><\/p>\n<p style=\"text-align: justify;\">Maiden v\u00e4lisist\u00e4 eroista pit\u00e4\u00e4 kirjoittaa joskus paremmalla ajalla ja laajasti eroja listaten, mutta laitetaan t\u00e4ll\u00e4 kertaa n\u00e4ht\u00e4ville netist\u00e4 l\u00f6ytynyt humoristinen infograafi 17:sta syyst\u00e4 miksi Kanada on Yhdysvaltoja parempi paikka asua. Listan kanssa ei voi kuin olla samaa mielt\u00e4, vaikka eri kohtien t\u00e4rkeydest\u00e4 voikin jokainen olla <a href=\"https:\/\/www.vuosiamaailmalla.fi\/?p=6870\">montaa eri mielt\u00e4<\/a>.<\/p>\n<p style=\"text-align: center;\"><img decoding=\"async\" style=\"border: 0px none; margin: 5px;\" src=\"\/blog\/wp-content\/uploads\/2013\/kanada_vs_usa.jpg\" alt=\"\" \/><\/p>\n","protected":false},"excerpt":{"rendered":"<p>Viime viikolla vietettiin Pohjois-Amerikan mantereella itsen\u00e4isyysp\u00e4iv\u00e4\u00e4 kummallakin puolen rajaa. Hein\u00e4kuun ensimm\u00e4inen on Canada Day ja nelj\u00e4s hein\u00e4kuuta on tietenkin etel\u00e4naapurin asukkaille t\u00e4rke\u00e4 4th of July. Vaikka Kanadalla ja Yhdysvalloilla onkin paljon yhteist\u00e4, ovat ne kuitenkin tarkemmin tarkasteltuna niin erilaisia, etten ainakaan min\u00e4 voisi kuvitellakaan asuvani rajan etel\u00e4puolella (vaikka sekin vaihtoehto l\u00e4hell\u00e4 k\u00e4v\u00e4isi).<\/p>\n","protected":false},"author":1,"featured_media":11350,"comment_status":"open","ping_status":"open","sticky":false,"template":"","format":"standard","meta":{"_jetpack_memberships_contains_paid_content":false,"footnotes":""},"categories":[3,4],"tags":[25,32,133,576,935,155,11],"class_list":["post-2163","post","type-post","status-publish","format-standard","has-post-thumbnail","hentry","category-arki-ulkomailla","category-asuminen-kanadassa","tag-ajankohtaista","tag-amerikkalainen-juttu","tag-hassua","tag-infograafi","tag-kanada","tag-kanadalainen-juttu","tag-matkakertomukset-yhdysvallat"],"jetpack_featured_media_url":"https:\/\/www.vuosiamaailmalla.fi\/blog\/wp-content\/uploads\/kanada_vs_usa_banner-1.jpg","jetpack_sharing_enabled":true,"_links":{"self":[{"href":"https:\/\/www.vuosiamaailmalla.fi\/blog\/wp-json\/wp\/v2\/posts\/2163","targetHints":{"allow":["GET"]}}],"collection":[{"href":"https:\/\/www.vuosiamaailmalla.fi\/blog\/wp-json\/wp\/v2\/posts"}],"about":[{"href":"https:\/\/www.vuosiamaailmalla.fi\/blog\/wp-json\/wp\/v2\/types\/post"}],"author":[{"embeddable":true,"href":"https:\/\/www.vuosiamaailmalla.fi\/blog\/wp-json\/wp\/v2\/users\/1"}],"replies":[{"embeddable":true,"href":"https:\/\/www.vuosiamaailmalla.fi\/blog\/wp-json\/wp\/v2\/comments?post=2163"}],"version-history":[{"count":2,"href":"https:\/\/www.vuosiamaailmalla.fi\/blog\/wp-json\/wp\/v2\/posts\/2163\/revisions"}],"predecessor-version":[{"id":11351,"href":"https:\/\/www.vuosiamaailmalla.fi\/blog\/wp-json\/wp\/v2\/posts\/2163\/revisions\/11351"}],"wp:featuredmedia":[{"embeddable":true,"href":"https:\/\/www.vuosiamaailmalla.fi\/blog\/wp-json\/wp\/v2\/media\/11350"}],"wp:attachment":[{"href":"https:\/\/www.vuosiamaailmalla.fi\/blog\/wp-json\/wp\/v2\/media?parent=2163"}],"wp:term":[{"taxonomy":"category","embeddable":true,"href":"https:\/\/www.vuosiamaailmalla.fi\/blog\/wp-json\/wp\/v2\/categories?post=2163"},{"taxonomy":"post_tag","embeddable":true,"href":"https:\/\/www.vuosiamaailmalla.fi\/blog\/wp-json\/wp\/v2\/tags?post=2163"}],"curies":[{"name":"wp","href":"https:\/\/api.w.org\/{rel}","templated":true}]}}