{"id":219,"date":"2012-02-12T12:13:19","date_gmt":"2012-02-12T20:13:19","guid":{"rendered":"http:\/\/127.0.0.1:4001\/wordpress\/?p=219"},"modified":"2025-02-07T23:44:24","modified_gmt":"2025-02-08T07:44:24","slug":"kasvava-kanada","status":"publish","type":"post","link":"https:\/\/www.vuosiamaailmalla.fi\/blog\/2012\/kasvava-kanada\/","title":{"rendered":"Kasvava Kanada"},"content":{"rendered":"<p style=\"text-align: justify;\">Kanadassa tehd\u00e4\u00e4n joka viides vuosi suuri maanlaajuinen <a title=\"Kanada laski v\u00e4est\u00f6ns\u00e4\" href=\"https:\/\/www.vuosiamaailmalla.fi\/blog\/2017\/kanada-laski-vaestonsa\/\">v\u00e4est\u00f6nlaskenta<\/a>. N\u00e4ist\u00e4 viimeisin valmistui viime vuonna (2011) ja tuoreimpien tilastojen mukaan Kanadan v\u00e4kiluku on nyt <a title=\"34 miljoonaa kanadalaista\" href=\"https:\/\/www.vuosiamaailmalla.fi\/blog\/2012\/35-miljoonaa-kanadalaista\/\">33 476 688 henke\u00e4<\/a>, miss\u00e4 on lis\u00e4yst\u00e4 5,9% edellisest\u00e4 vuoden 2006 laskennasta. V\u00e4est\u00f6nkasvu on <a title=\"Voimakkaasti kasvava v\u00e4est\u00f6\" href=\"https:\/\/www.vuosiamaailmalla.fi\/blog\/2022\/voimakkaasti-kasvava-vaesto\/\">my\u00f6skin kiihtynyt<\/a>, sill\u00e4 vuosina 2001 &#8211; 2006 kasvu oli hieman matalampaa, noin 5,4%. Kanadan v\u00e4kiluku onkin tuplaantunut sitten vuoden 1961 ja per\u00e4ti kymmenkertaistunut viimeisen 150 vuoden aikana. Kanada on n\u00e4ill\u00e4 lukemilla kaikkein nopeimmin kasvava G8-maa, <a title=\"341 miljoonaa muurahaista\" href=\"https:\/\/www.vuosiamaailmalla.fi\/blog\/2013\/341-miljoonaa-muurahaista\/\">v\u00e4kirikas Yhdysvallat<\/a> mukaan lukien.<\/p>\n<p style=\"text-align: justify;\"><!--more--><br \/>\n<em>Aiheeseen liittyen lue my\u00f6s: <a title=\"Kanadan v\u00e4est\u00f6r\u00e4j\u00e4hdys\" href=\"https:\/\/www.vuosiamaailmalla.fi\/blog\/2023\/kanadan-vaestorajahdys\/\"><strong>Kanadan v\u00e4est\u00f6r\u00e4j\u00e4hdys<\/strong><\/a>.<\/em><\/p>\n<p style=\"text-align: justify;\">V\u00e4kilukua kasvattaa eniten <a title=\"Kanada lis\u00e4\u00e4 maahanmuuttoa\" href=\"https:\/\/www.vuosiamaailmalla.fi\/blog\/2016\/kanada-lisaa-maahanmuuttoa\/\">kiivaana jatkuva maahanmuutto<\/a>, joka tuo maahan joka vuosi yli 250 000 uutta asukasta. Ilahduttavasti v\u00e4est\u00f6nkasvu jakautuu p\u00e4\u00e4kaupunkikeskeisen Suomen sijaan tasaisesti ymp\u00e4ri maata ja jokaisessa Kanadan provinssissa kirjattiin positiiviset kasvulukemat. Jopa pohjoisen v\u00e4h\u00e4v\u00e4kisten territorioiden v\u00e4kim\u00e4\u00e4r\u00e4 lis\u00e4\u00e4ntyi kaivos-, mets\u00e4- ja \u00f6ljyteollisuuden vet\u00e4min\u00e4 v\u00e4hint\u00e4\u00e4n muutamilla prosenteilla. Kaukana Alaskan rajalla sijaitsevan Yukonin v\u00e4kiluku kasvoi per\u00e4ti 11,6%, mik\u00e4 on jotain mist\u00e4 Lapissa tai It\u00e4-Suomessa voi vain haaveilla.<\/p>\n<p style=\"text-align: center;\"><a href=\"\/blog\/wp-content\/uploads\/2012\/kanadan_vakiluku.jpg\" target=\"_blank\" rel=\"noopener noreferrer\"><img decoding=\"async\" style=\"border: 0px none; margin: 5px;\" src=\"\/blog\/wp-content\/uploads\/2012\/thumbs\/thumbs_kanadan_vakiluku.jpg\" alt=\"\" \/><\/a><a href=\"\/blog\/wp-content\/uploads\/2012\/g8_maiden_vaestonkasvu.jpg\" target=\"_blank\" rel=\"noopener noreferrer\"><img decoding=\"async\" style=\"border: 0px none; margin: 5px;\" src=\"\/blog\/wp-content\/uploads\/2012\/thumbs\/thumbs_g8_maiden_vaestonkasvu.jpg\" alt=\"\" \/><\/a><\/p>\n<p style=\"text-align: center;\"><em>Kanadan ja G8-maiden v\u00e4est\u00f6nkasvu<\/em><\/p>\n<p style=\"text-align: justify;\">Kanadan selv\u00e4sti v\u00e4kirikkain provinssi on edelleen Torontoa ymp\u00e4r\u00f6iv\u00e4 Ontario (12,8 miljoonaa asukasta, 38,7% v\u00e4est\u00f6st\u00e4), mutta ensimm\u00e4ist\u00e4 kertaa historiassa Ontarion l\u00e4nsipuolella asuu nyt enemm\u00e4n v\u00e4ke\u00e4 kuin sen it\u00e4puolella (30,7% vs. 30,6%). Kaikkein suurimmat kasvukeskukset ovatkin L\u00e4nsi-Kanadan Alberta (3,6 miljoonaa asukasta, +10,8%) sek\u00e4 <a title=\"British Columbia ylitti 5 miljoonaa asukasta\" href=\"https:\/\/www.vuosiamaailmalla.fi\/blog\/2019\/british-columbia-ylitti-5-miljoonaa-asukasta\/\">British Columbia<\/a> (4,4 miljoonaa asukasta, +7%). Albertassa uusia asukkaita houkuttelee alueelle voimakasta aikaa el\u00e4v\u00e4 <a title=\"Huoli laskevasta \u00f6ljyn hinnasta\" href=\"https:\/\/www.vuosiamaailmalla.fi\/blog\/2015\/huoli-laskevasta-oljyn-hinnasta\/\">energiasektori<\/a>, jonka suurhankkeet luovat valtavasti uusia ty\u00f6paikkoja.<\/p>\n<p style=\"text-align: center;\"><a href=\"\/blog\/wp-content\/uploads\/2012\/kasvava_lansi.jpg\" target=\"_blank\" rel=\"noopener noreferrer\"><img decoding=\"async\" style=\"border: 0px none; margin: 5px;\" src=\"\/blog\/wp-content\/uploads\/2012\/kasvava_lansi.jpg\" alt=\"\" \/><\/a><\/p>\n<p style=\"text-align: center;\"><em>V\u00e4est\u00f6n painopiste on siirtym\u00e4ss\u00e4 l\u00e4nteen<\/em><\/p>\n<p style=\"text-align: center;\"><a href=\"\/blog\/wp-content\/uploads\/2012\/suurimmat_voittajat_ja_haviajat.jpg\" target=\"_blank\" rel=\"noopener noreferrer\"><img decoding=\"async\" style=\"border: 0px none; margin: 5px;\" src=\"\/blog\/wp-content\/uploads\/2012\/suurimmat_voittajat_ja_haviajat.jpg\" alt=\"\" \/><\/a><\/p>\n<p style=\"text-align: center;\"><em>Suurimmat kasvukunnat sek\u00e4 n\u00e4ivettyv\u00e4t alueet<\/em><\/p>\n<p style=\"text-align: justify;\">T\u00e4\u00e4ll\u00e4 l\u00e4nsirannikolla British Columbiassa v\u00e4kim\u00e4\u00e4r\u00e4 lis\u00e4\u00e4ntyi yhteens\u00e4 7% ja Vancouverin metropolialueella per\u00e4ti 9,3% &#8211; ainoastaan viidess\u00e4 vuodessa! Metropolialueen v\u00e4kiluku kasvoikin yli kahdellasadallatuhannella, ollen viime vuoden lopussa 2 313 328. Vancouverin kaupunki sai t\u00e4st\u00e4 kasvusta reilut 25 000 ihmist\u00e4, joten kaupunkia ymp\u00e4r\u00f6iv\u00e4t l\u00e4hi\u00f6t ovat kasvattaneet v\u00e4kim\u00e4\u00e4r\u00e4\u00e4ns\u00e4 huomattavasti keskuskaupunkia nopeammin. Kaupungin v\u00e4kiluku on tuoreimmassa tilastossa 603 502.<\/p>\n<p style=\"text-align: center;\"><a href=\"\/blog\/wp-content\/uploads\/2012\/kanadan_metropolialueet.jpg\" target=\"_blank\" rel=\"noopener noreferrer\"><img decoding=\"async\" style=\"border: 0px none; margin: 5px;\" src=\"\/blog\/wp-content\/uploads\/2012\/kanadan_metropolialueet.jpg\" alt=\"\" \/><\/a><\/p>\n<p style=\"text-align: center;\"><em>Kanadan metropolialueiden kasvu<\/em><\/p>\n<p style=\"text-align: justify;\">Kun viel\u00e4 50 vuotta sitten merkitt\u00e4v\u00e4 osa kanadalaisista asui maan valtavalla maaseudulla, asuu kaupunkialueiden ulkopuolella en\u00e4\u00e4 vain 19% v\u00e4est\u00f6st\u00e4. Ihmiset pakkautuvatkin yh\u00e4 l\u00e4hemm\u00e4s Kanadan 33 suurinta metropolialuetta, jotka kaikki kokivat huomattavaa v\u00e4est\u00f6nkasvua. Suurin metropolialue on edelleen <a title=\"Taivaisiin kasvanut Toronto\" href=\"https:\/\/www.vuosiamaailmalla.fi\/blog\/2014\/taivaisiin-kohonnut-toronto\/\">Toronto<\/a> (melkein 5,6 miljoonaa asukasta), per\u00e4ss\u00e4\u00e4n Montreal (reilut 3,8 miljoonaa asukasta), mutta Vancouver <a title=\"Kolmen miljoonan asukkaan Vancouver\" href=\"https:\/\/www.vuosiamaailmalla.fi\/blog\/2025\/kolmen-miljoonan-asukkaan-vancouver\/\">saavuttaa hiljalleen<\/a> n\u00e4it\u00e4 molempia.<\/p>\n<p style=\"text-align: justify;\">Kasvu on Kanadalle p\u00e4\u00e4osin positiivinen asia ja maa sit\u00e4 my\u00f6s tietoisesti hamuaa. Maailman toiseksi suurimpaan valtioon mahtuu v\u00e4ke\u00e4 huomattavasti nykyist\u00e4 enemm\u00e4n, mutta pakkautuneilla metropolialueilla kasvu tuottaa omat haasteensa. <a title=\"Siet\u00e4m\u00e4tt\u00f6m\u00e4n ruuhkainen metropoli\" href=\"https:\/\/www.vuosiamaailmalla.fi\/blog\/2015\/sietamattoman-ruuhkainen-metropoli\/\">Liikenneruuhkat<\/a> pahenevat vuosi vuodelta ja <a title=\"Karannut kanadalainen unelma\" href=\"https:\/\/www.vuosiamaailmalla.fi\/blog\/2015\/karannut-kanadalainen-unelma\/\">asumisen hinta<\/a> jakaa kohoamistaan, kun suuret m\u00e4\u00e4r\u00e4t uusia asukkaita hamuaa samoille suosituille asuinalueille. Taloudelle kasvu on kuitenkin hyv\u00e4ksi ja Kanadalla pyyhkiikin taloudellisesti <a title=\"Tulikuumana hohkaava talous\" href=\"https:\/\/www.vuosiamaailmalla.fi\/blog\/2016\/tulikuumana-hohkaava-talous\/\">eritt\u00e4in hyvin<\/a>. Odotettavissa onkin, ett\u00e4 kasvu jatkuu samaan tyyliin tulevinakin vuosina. Joissain ennusteissa Kanadan v\u00e4kiluku hipoo nykykehityksell\u00e4 vuosisadan lopulla jopa 50 miljoonaa, tosin maa olisi tuolloinkin edelleen yksi maailman harvimmin asutuista valtioista!<\/p>\n<p style=\"text-align: center;\"><a href=\"\/blog\/wp-content\/uploads\/2012\/kanadan_vakiluku2.jpg\" target=\"_blank\" rel=\"noopener noreferrer\"><img decoding=\"async\" style=\"border: 0px none; margin: 5px;\" src=\"\/blog\/wp-content\/uploads\/2012\/kanadan_vakiluku2.jpg\" alt=\"\" \/><\/a><\/p>\n<p style=\"text-align: center;\"><em>Kanadan v\u00e4kiluku suhteessa maailmaan<\/em><\/p>\n","protected":false},"excerpt":{"rendered":"<p>Kanadassa tehd\u00e4\u00e4n joka viides vuosi suuri maanlaajuinen v\u00e4est\u00f6nlaskenta. N\u00e4ist\u00e4 viimeisin valmistui viime vuonna (2011) ja tuoreimpien tilastojen mukaan Kanadan v\u00e4kiluku on nyt 33 476 688 henke\u00e4, miss\u00e4 on lis\u00e4yst\u00e4 5,9% edellisest\u00e4 vuoden 2006 laskennasta. V\u00e4est\u00f6nkasvu on my\u00f6skin kiihtynyt, sill\u00e4 vuosina 2001 &#8211; 2006 kasvu oli hieman matalampaa, noin 5,4%. Kanadan v\u00e4kiluku onkin tuplaantunut sitten vuoden &hellip; <a href=\"https:\/\/www.vuosiamaailmalla.fi\/blog\/2012\/kasvava-kanada\/\" class=\"more-link\">Jatka lukemista<span class=\"screen-reader-text\"> &#8221;Kasvava Kanada&#8221;<\/span><\/a><\/p>\n","protected":false},"author":1,"featured_media":9021,"comment_status":"open","ping_status":"open","sticky":false,"template":"","format":"standard","meta":{"_jetpack_memberships_contains_paid_content":false,"footnotes":""},"categories":[17,3,4],"tags":[25,935,937,939,1249],"class_list":["post-219","post","type-post","status-publish","format-standard","has-post-thumbnail","hentry","category-arki-kanadassa","category-arki-ulkomailla","category-asuminen-kanadassa","tag-ajankohtaista","tag-kanada","tag-toronto","tag-vancouver","tag-vaesto"],"jetpack_featured_media_url":"https:\/\/www.vuosiamaailmalla.fi\/blog\/wp-content\/uploads\/kasvava_kanada_banner.jpg","jetpack_sharing_enabled":true,"_links":{"self":[{"href":"https:\/\/www.vuosiamaailmalla.fi\/blog\/wp-json\/wp\/v2\/posts\/219","targetHints":{"allow":["GET"]}}],"collection":[{"href":"https:\/\/www.vuosiamaailmalla.fi\/blog\/wp-json\/wp\/v2\/posts"}],"about":[{"href":"https:\/\/www.vuosiamaailmalla.fi\/blog\/wp-json\/wp\/v2\/types\/post"}],"author":[{"embeddable":true,"href":"https:\/\/www.vuosiamaailmalla.fi\/blog\/wp-json\/wp\/v2\/users\/1"}],"replies":[{"embeddable":true,"href":"https:\/\/www.vuosiamaailmalla.fi\/blog\/wp-json\/wp\/v2\/comments?post=219"}],"version-history":[{"count":6,"href":"https:\/\/www.vuosiamaailmalla.fi\/blog\/wp-json\/wp\/v2\/posts\/219\/revisions"}],"predecessor-version":[{"id":13889,"href":"https:\/\/www.vuosiamaailmalla.fi\/blog\/wp-json\/wp\/v2\/posts\/219\/revisions\/13889"}],"wp:featuredmedia":[{"embeddable":true,"href":"https:\/\/www.vuosiamaailmalla.fi\/blog\/wp-json\/wp\/v2\/media\/9021"}],"wp:attachment":[{"href":"https:\/\/www.vuosiamaailmalla.fi\/blog\/wp-json\/wp\/v2\/media?parent=219"}],"wp:term":[{"taxonomy":"category","embeddable":true,"href":"https:\/\/www.vuosiamaailmalla.fi\/blog\/wp-json\/wp\/v2\/categories?post=219"},{"taxonomy":"post_tag","embeddable":true,"href":"https:\/\/www.vuosiamaailmalla.fi\/blog\/wp-json\/wp\/v2\/tags?post=219"}],"curies":[{"name":"wp","href":"https:\/\/api.w.org\/{rel}","templated":true}]}}