{"id":2211,"date":"2012-07-31T15:00:29","date_gmt":"2012-07-31T22:00:29","guid":{"rendered":"http:\/\/13.53.127.146\/?p=2211"},"modified":"2021-02-01T20:31:40","modified_gmt":"2021-02-02T04:31:40","slug":"eagle-bluffs","status":"publish","type":"post","link":"https:\/\/www.vuosiamaailmalla.fi\/blog\/2012\/eagle-bluffs\/","title":{"rendered":"Eagle Bluffs"},"content":{"rendered":"<p style=\"text-align: justify;\">Kuluva kes\u00e4 on ollut meill\u00e4 aktiivisen vaelluskauden aikaa ja viime viikonloppukaan ei ollut poikkeus t\u00e4h\u00e4n. Suuntasimme t\u00e4ll\u00e4 kertaa West Vancouverissa sijaitsevan Cypress Mountainin laskettelukeskukselle, josta l\u00e4htee monia viereisille huipuille kohoavia vaelluspolkuja. Me p\u00e4\u00e4timme ottaa kohteeksemme n\u00e4ytt\u00e4v\u00e4ksi kehutun <em>Eagle Bluffsin<\/em> kalliokielekkeen, josta piti ennakkotietojen mukaan aueta upeat maisemat merelle.<\/p>\n<p style=\"text-align: justify;\">Auton parkkiin saaminen ei ole kes\u00e4isin ongelma, sill\u00e4 hiihtokeskuksella riitt\u00e4\u00e4 parkkitilaa. Autoja oli paikalla joitain kymmeni\u00e4, mutta miss\u00e4\u00e4n nimess\u00e4 alueella ei tuntunut sunnuntaina mitenk\u00e4\u00e4n ruuhkaiselta. Vaihdoimme vaelluskeng\u00e4t jalkaamme ja l\u00e4hdimme kohti polun p\u00e4\u00e4t\u00e4, kunnes pian katseemme kiinnittyi mustaan pisteeseen &#8211; karhu!<\/p>\n<p><!--more--><\/p>\n<p style=\"text-align: center;\"><a href=\"\/blog\/wp-content\/uploads\/2012\/cypress_mountain_kesateloilla2.jpg\"><img decoding=\"async\" style=\"border: 0px none; margin: 5px;\" src=\"\/blog\/wp-content\/uploads\/2012\/thumbs\/thumbs_cypress_mountain_kesateloilla2.jpg\" alt=\"\" \/><\/a><a href=\"\/blog\/wp-content\/uploads\/2012\/cypress_mountain_kesateloilla1.jpg\"><img decoding=\"async\" style=\"border: 0px none; margin: 5px;\" src=\"\/blog\/wp-content\/uploads\/2012\/thumbs\/thumbs_cypress_mountain_kesateloilla1.jpg\" alt=\"\" \/><\/a><a href=\"\/blog\/wp-content\/uploads\/2012\/cypress_mountain_kesateloilla3.jpg\"><img decoding=\"async\" style=\"border: 0px none; margin: 5px;\" src=\"\/blog\/wp-content\/uploads\/2012\/thumbs\/thumbs_cypress_mountain_kesateloilla3.jpg\" alt=\"\" \/><\/a><\/p>\n<p style=\"text-align: center;\"><em>Hiihtokeskus kes\u00e4teloilla<\/em><\/p>\n<p style=\"text-align: justify;\">Olemme kuulleet ja lukeneet paljon tarinoita karhuista Vancouverin ymp\u00e4rist\u00f6ss\u00e4 ja mielikuvaksemme on muodostunut ett\u00e4 karhuun t\u00f6rm\u00e4\u00e4minen on ihan mahdollista mets\u00e4ss\u00e4 kulkiessa. Kuitenkaan t\u00e4h\u00e4n menness\u00e4 karhuja ei ole onneksi n\u00e4kynyt, liek\u00f6 sitten <a title=\"Brothers Creek\" href=\"https:\/\/www.vuosiamaailmalla.fi\/?p=318\">karhukellomme<\/a> ansiota. Varsinkin hieman pienempi\u00e4 mustakarhuja kuitenkin asustelee runsaasti North Shoren vuorilla ja sellainen veijari t\u00e4m\u00e4kin kaveri oli. Karhu kuopi laskettelurinteen m\u00e4t\u00e4st\u00e4 tassullaan ja mutusteli jotain maapr\u00e4st\u00e4 l\u00f6yt\u00e4m\u00e4\u00e4ns\u00e4. Meist\u00e4 tai muista ihmisist\u00e4 karhu ei tuntunut piittaavan p\u00e4tk\u00e4\u00e4k\u00e4\u00e4n, vaan huomio n\u00e4ytti kiinnittyneen t\u00e4ysin ruokailuun.<\/p>\n<p style=\"text-align: center;\"><a href=\"\/blog\/wp-content\/uploads\/2012\/mustakarhu_maessa.jpg\"><img decoding=\"async\" style=\"border: 0px none; margin: 5px;\" src=\"\/blog\/wp-content\/uploads\/2012\/mustakarhu_maessa.jpg\" alt=\"\" \/><\/a><\/p>\n<p style=\"text-align: center;\"><em>Mustakarhu<\/em><\/p>\n<p style=\"text-align: justify;\">Hetken aikaa rauhallisen oloista mustakarhua ihmetelty\u00e4mme jatkoimme itse vaelluspolulle. Hyv\u00e4kuntoinen sorapolku l\u00e4htee pian hiihtokeskukselta l\u00e4hdetty\u00e4\u00e4n kiipe\u00e4m\u00e4\u00e4n kohti viereist\u00e4 huippua. Nousu on rankka ja melkein koko reitin 350 metrin korkeusnousu tulee tehty\u00e4 heti alkuun. Meill\u00e4 meni kuumassa keliss\u00e4 puuskuttaessa melkein tunti, ennen kuin saavutimme noin 1200 metrin korkeudella sijaitsevan huipun.<\/p>\n<p style=\"text-align: center;\"><a href=\"\/blog\/wp-content\/uploads\/2012\/reitti_eagle_bluffsille3.jpg\"><img decoding=\"async\" style=\"border: 0px none; margin: 5px;\" src=\"\/blog\/wp-content\/uploads\/2012\/thumbs\/thumbs_reitti_eagle_bluffsille3.jpg\" alt=\"\" \/><\/a><a href=\"\/blog\/wp-content\/uploads\/2012\/reitti_eagle_bluffsille4.jpg\"><img decoding=\"async\" style=\"border: 0px none; margin: 5px;\" src=\"\/blog\/wp-content\/uploads\/2012\/thumbs\/thumbs_reitti_eagle_bluffsille4.jpg\" alt=\"\" \/><\/a><\/p>\n<p style=\"text-align: center;\"><em>Raskas alkumatka<\/em><\/p>\n<p style=\"text-align: center;\"><a href=\"\/blog\/wp-content\/uploads\/2012\/1222_metria.jpg\"><img decoding=\"async\" style=\"border: 0px none; margin: 5px;\" src=\"\/blog\/wp-content\/uploads\/2012\/1222_metria.jpg\" alt=\"\" \/><\/a><\/p>\n<p style=\"text-align: center;\"><em>Viimeinkin ylh\u00e4\u00e4ll\u00e4<\/em><\/p>\n<p style=\"text-align: justify;\">Vaikka elet\u00e4\u00e4nkin jo hein\u00e4kuun loppua, oli huipulla viel\u00e4 pieni\u00e4 nokareita lunta. Ylh\u00e4\u00e4ll\u00e4 polku erkanee laskettelurinteiden l\u00e4hist\u00f6lt\u00e4 ja suuntaa keskemm\u00e4lle mets\u00e4\u00e4. Karhu edelleen tuoreena mieless\u00e4mme pidimme meteli\u00e4 hiipparoidessamme syvemm\u00e4lle p\u00f6heikk\u00f6\u00f6n. Ymp\u00e4r\u00f6iv\u00e4 mets\u00e4 toi mieleen Suomen lapin, sill\u00e4 t\u00e4ll\u00e4 korkeudella puut ovat alavampia alueita kitukasvuisempia. Siell\u00e4 t\u00e4\u00e4ll\u00e4 on my\u00f6s pieni\u00e4 sulaneen lumen muodostamia suolampia, joita halkovat pitkospuut. P\u00e4\u00e4osan aikaa polulla ei meinaa edes muistaa ett\u00e4 ollaan vuorella, sill\u00e4 Cypress Mountainin huippu on sangen laakea. Polku kyll\u00e4 kulkee jatkuvasti yl\u00f6s ja alas, mutta huipun laidalta toiselle on matkaa sen verran, ett\u00e4 varsinkin keskemm\u00e4ll\u00e4 unohtaa t\u00e4ysin olevansa vuoren laella.<\/p>\n<p style=\"text-align: center;\"><a href=\"\/blog\/wp-content\/uploads\/2012\/reitti_eagle_bluffsille1.jpg\"><img decoding=\"async\" style=\"border: 0px none; margin: 5px;\" src=\"\/blog\/wp-content\/uploads\/2012\/thumbs\/thumbs_reitti_eagle_bluffsille1.jpg\" alt=\"\" \/><\/a><a href=\"\/blog\/wp-content\/uploads\/2012\/reitti_eagle_bluffsille2.jpg\"><img decoding=\"async\" style=\"border: 0px none; margin: 5px;\" src=\"\/blog\/wp-content\/uploads\/2012\/thumbs\/thumbs_reitti_eagle_bluffsille2.jpg\" alt=\"\" \/><\/a><\/p>\n<p style=\"text-align: center;\"><em>Kuin lapissa konsanaan<\/em><\/p>\n<p style=\"text-align: justify;\">Polun varrelle mahtuu kaksi maisemapaikkaa. Ensimm\u00e4inen on pian alkumatkan raskaan nousun j\u00e4lkeen, pienelt\u00e4 <em>Yew Lakelta<\/em> oikealle. Siell\u00e4 sijaitsevalta kalliolta aukeaa n\u00e4kym\u00e4 puiden lomitse Howe Soundin komeaan vuonoon. Kiemurainen p\u00e4\u00e4polku puolestaan p\u00e4\u00e4ttyy suurehkolle kalliokielekkeelle, josta aukeaa luvattu upea maisema merelle ja yli l\u00e4ntisen Vancouverin. Harmillisesti s\u00e4\u00e4 oli pilvistym\u00e4\u00e4n p\u00e4in ja esimerkiksi keskustan suuntaan ei juurikaan n\u00e4kynyt utuisen kelin vuoksi. Ohessa kuitenkin muutama kuva sunnuntaina n\u00e4hdyist\u00e4 maisemista.<\/p>\n<p style=\"text-align: center;\"><a href=\"\/blog\/wp-content\/uploads\/2012\/yew_lake_lookoutilla1.jpg\"><img decoding=\"async\" style=\"border: 0px none; margin: 5px;\" src=\"\/blog\/wp-content\/uploads\/2012\/thumbs\/thumbs_yew_lake_lookoutilla1.jpg\" alt=\"\" \/><\/a><a href=\"\/blog\/wp-content\/uploads\/2012\/yew_lake_lookoutilla2.jpg\"><img decoding=\"async\" style=\"border: 0px none; margin: 5px;\" src=\"\/blog\/wp-content\/uploads\/2012\/thumbs\/thumbs_yew_lake_lookoutilla2.jpg\" alt=\"\" \/><\/a><\/p>\n<p style=\"text-align: center;\"><em>Howe Soundin vuono Yew Lookoutilta n\u00e4htyn\u00e4<\/em><\/p>\n<p style=\"text-align: center;\"><a href=\"\/blog\/wp-content\/uploads\/2012\/eagle_bluffs.jpg\"><img decoding=\"async\" style=\"border: 0px none; margin: 5px;\" src=\"\/blog\/wp-content\/uploads\/2012\/eagle_bluffs.jpg\" alt=\"\" \/><\/a><\/p>\n<p style=\"text-align: center;\"><em>Perill\u00e4 Eagle Bluffsin kielekkeell\u00e4<\/em><\/p>\n<p style=\"text-align: center;\"><a href=\"\/blog\/wp-content\/uploads\/2012\/west_vancouverin_asuntoja_alapuolella.jpg\"><img decoding=\"async\" style=\"border: 0px none; margin: 5px;\" src=\"\/blog\/wp-content\/uploads\/2012\/thumbs\/thumbs_west_vancouverin_asuntoja_alapuolella.jpg\" alt=\"\" \/><\/a><a href=\"\/blog\/wp-content\/uploads\/2012\/venesatama_west_vancouverissa.jpg\"><img decoding=\"async\" style=\"border: 0px none; margin: 5px;\" src=\"\/blog\/wp-content\/uploads\/2012\/thumbs\/thumbs_venesatama_west_vancouverissa.jpg\" alt=\"\" \/><\/a><a href=\"\/blog\/wp-content\/uploads\/2012\/snug_cove_ylhaalta.jpg\"><img decoding=\"async\" style=\"border: 0px none; margin: 5px;\" src=\"\/blog\/wp-content\/uploads\/2012\/thumbs\/thumbs_snug_cove_ylhaalta.jpg\" alt=\"\" \/><\/a><\/p>\n<p style=\"text-align: center;\"><em>West Vancouveria sek\u00e4 Snug Coven satama <a title=\"Kajakointia ja vaellusta Bowen Islandilla\" href=\"https:\/\/www.vuosiamaailmalla.fi\/?p=543\">Bowen Islandilla<\/a><\/em><\/p>\n<p style=\"text-align: justify;\">Noin kahdeksan kilometrin reitti oli meist\u00e4 keskiraskas kulkea, mutta maisemiltaan eritt\u00e4in palkitseva. Ajankohtamme taisi olla sangen hyv\u00e4, sill\u00e4 lunta ei ollut en\u00e4\u00e4 juuri miss\u00e4\u00e4n ja polkukin oli ehtinyt kuivata suurimmilta osin. Niiss\u00e4 muutamissa m\u00e4remmiss\u00e4 paikoissa puolestaan pitkospuut auttoivat kulkijaa pysym\u00e4\u00e4n kuivana. Alkumatkasta n\u00e4hty karhukin haihtui loppumatkasta mielest\u00e4mme ja emme en\u00e4\u00e4 pohtineet josko jokaisen mutkan takana saattaisi k\u00f6ll\u00f6tt\u00e4\u00e4 karhu. Samainen mustakarhu tonki kuitenkin edelleen heinikkoa takaisin autolle palatessamme, noin nelj\u00e4 tuntia matkaan l\u00e4hd\u00f6n j\u00e4lkeen.<\/p>\n<p style=\"text-align: justify;\">Tarkemmat reittitiedot sek\u00e4 muiden ihmisten kommentit vaellusreitist\u00e4 l\u00f6ytyv\u00e4t <a href=\"http:\/\/www.vancouvertrails.com\/trails\/eagle-bluffs\/\">t\u00e4\u00e4lt\u00e4<\/a>.<\/p>\n","protected":false},"excerpt":{"rendered":"<p>Kuluva kes\u00e4 on ollut meill\u00e4 aktiivisen vaelluskauden aikaa ja viime viikonloppukaan ei ollut poikkeus t\u00e4h\u00e4n. Suuntasimme t\u00e4ll\u00e4 kertaa West Vancouverissa sijaitsevan Cypress Mountainin laskettelukeskukselle, josta l\u00e4htee monia viereisille huipuille kohoavia vaelluspolkuja. Me p\u00e4\u00e4timme ottaa kohteeksemme n\u00e4ytt\u00e4v\u00e4ksi kehutun Eagle Bluffsin kalliokielekkeen, josta piti ennakkotietojen mukaan aueta upeat maisemat merelle. Auton parkkiin saaminen ei ole kes\u00e4isin ongelma, &hellip; <a href=\"https:\/\/www.vuosiamaailmalla.fi\/blog\/2012\/eagle-bluffs\/\" class=\"more-link\">Jatka lukemista<span class=\"screen-reader-text\"> &#8221;Eagle Bluffs&#8221;<\/span><\/a><\/p>\n","protected":false},"author":1,"featured_media":11554,"comment_status":"open","ping_status":"open","sticky":false,"template":"","format":"standard","meta":{"_jetpack_memberships_contains_paid_content":false,"footnotes":""},"categories":[17,3,15],"tags":[34,933,585,586,935,938,939,943],"class_list":["post-2211","post","type-post","status-publish","format-standard","has-post-thumbnail","hentry","category-arki-kanadassa","category-arki-ulkomailla","category-vaeltaminen","tag-arki","tag-cypress-mountain","tag-eagle-bluffs","tag-howe-sound","tag-kanada","tag-vaellus","tag-vancouver","tag-west-vancouver"],"jetpack_featured_media_url":"https:\/\/www.vuosiamaailmalla.fi\/blog\/wp-content\/uploads\/eagle_bluffs_banner-1.jpg","jetpack_sharing_enabled":true,"_links":{"self":[{"href":"https:\/\/www.vuosiamaailmalla.fi\/blog\/wp-json\/wp\/v2\/posts\/2211","targetHints":{"allow":["GET"]}}],"collection":[{"href":"https:\/\/www.vuosiamaailmalla.fi\/blog\/wp-json\/wp\/v2\/posts"}],"about":[{"href":"https:\/\/www.vuosiamaailmalla.fi\/blog\/wp-json\/wp\/v2\/types\/post"}],"author":[{"embeddable":true,"href":"https:\/\/www.vuosiamaailmalla.fi\/blog\/wp-json\/wp\/v2\/users\/1"}],"replies":[{"embeddable":true,"href":"https:\/\/www.vuosiamaailmalla.fi\/blog\/wp-json\/wp\/v2\/comments?post=2211"}],"version-history":[{"count":2,"href":"https:\/\/www.vuosiamaailmalla.fi\/blog\/wp-json\/wp\/v2\/posts\/2211\/revisions"}],"predecessor-version":[{"id":11555,"href":"https:\/\/www.vuosiamaailmalla.fi\/blog\/wp-json\/wp\/v2\/posts\/2211\/revisions\/11555"}],"wp:featuredmedia":[{"embeddable":true,"href":"https:\/\/www.vuosiamaailmalla.fi\/blog\/wp-json\/wp\/v2\/media\/11554"}],"wp:attachment":[{"href":"https:\/\/www.vuosiamaailmalla.fi\/blog\/wp-json\/wp\/v2\/media?parent=2211"}],"wp:term":[{"taxonomy":"category","embeddable":true,"href":"https:\/\/www.vuosiamaailmalla.fi\/blog\/wp-json\/wp\/v2\/categories?post=2211"},{"taxonomy":"post_tag","embeddable":true,"href":"https:\/\/www.vuosiamaailmalla.fi\/blog\/wp-json\/wp\/v2\/tags?post=2211"}],"curies":[{"name":"wp","href":"https:\/\/api.w.org\/{rel}","templated":true}]}}