{"id":2213,"date":"2013-08-03T08:47:40","date_gmt":"2013-08-03T15:47:40","guid":{"rendered":"http:\/\/13.53.127.146\/?p=2213"},"modified":"2022-11-11T21:06:39","modified_gmt":"2022-11-12T05:06:39","slug":"uskomaton-mount-baker","status":"publish","type":"post","link":"https:\/\/www.vuosiamaailmalla.fi\/blog\/2013\/uskomaton-mount-baker\/","title":{"rendered":"Uskomaton Mount Baker"},"content":{"rendered":"<p style=\"text-align: justify;\">Vancouver on <a title=\"Automatka vuorten ymp\u00e4ri\" href=\"https:\/\/www.vuosiamaailmalla.fi\/?p=2193\">vuorten ymp\u00e4r\u00f6im\u00e4<\/a> kaupunki. Vuoret ovat osa koko Kanadan l\u00e4nsirannikkoa kulkevaa noin 1600 kilometrin mittaista Rannikkovuorten vuorijonoa, joka ulottuu pohjoisen Yukonista aina t\u00e4nne British Columbian etel\u00e4rajalle saakka. Vancouverin liepeill\u00e4 sijaitsevat vuoret kohoavat <em>North Shore Mountainsien<\/em> noin 1300 metrin korkeudesta aina Lower Mainlandin it\u00e4osien noin 2000 metriin saakka. Korkeuseroista huolimatta l\u00e4hivuorten huiput eiv\u00e4t juuri erottaudu kumpuilevasta vuorijonosta, yht\u00e4 eritt\u00e4in n\u00e4kyv\u00e4\u00e4 poikkeusta lukuunottamatta.<\/p>\n<p><!--more--><\/p>\n<p style=\"text-align: justify;\">Vain noin kymmenen kilometri\u00e4 Yhdysvaltojen puolella sijaitseva ja siit\u00e4 alkavaan erilliseen Kaskadivuoristoon kuuluva j\u00e4ttim\u00e4inen <em>Mount Baker<\/em> on etel\u00e4naapurin puolella sijaitsemisestaan huolimatta Vancouverin metropolialueen todellinen kruunu. Noin 120 kilometri\u00e4 Vancouverin keskustasta it\u00e4\u00e4n sijaitseva t\u00e4ll\u00e4 hetkell\u00e4 uinuva tulivuori kurkottaa per\u00e4ti 3286 metrin korkeuteen ja erottuu selv\u00e4sti ymp\u00e4r\u00f6ivist\u00e4 vuorista. Bakeria on vaikea uskoa aktiiviseksi tulivuoreksi sen huippua paksulti peitt\u00e4v\u00e4n j\u00e4ttim\u00e4isen j\u00e4\u00e4tik\u00f6n vuoksi, mutta sen sivussa sijaitseva sijaitseva <em>Sherman Crater<\/em> on tupsuttanut savua t\u00e4ll\u00e4kin vuosituhannella. Mount Baker onkin Kaskadivuoriston toiseksi aktiivisin tulivuori heti Washingtonin osavaltion etel\u00e4laidalla sijaitsevan Mount Saint Helensin j\u00e4lkeen.<\/p>\n<p style=\"text-align: center;\"><a href=\"\/blog\/wp-content\/uploads\/2012\/vancouver_mount_baker_panoraama.jpg\"><img decoding=\"async\" style=\"border: 0px none; margin: 5px;\" src=\"\/blog\/wp-content\/uploads\/2012\/vancouver_mount_baker_panoraama_pieni.jpg\" alt=\"\" \/><\/a><\/p>\n<p style=\"text-align: center;\"><em>Mount Baker Vancouverin taustalla<\/em><\/p>\n<p style=\"text-align: justify;\">Ajoittaisesta aktiivisuudestaan huolimatta vuoren huippulle on viimeisen sadantuhannen vuoden aikana yhtinyt synty\u00e4 valtava j\u00e4\u00e4tikk\u00f6, jolla on tilavuutta 1,79 kuutiokilometri\u00e4. Lumen ja j\u00e4\u00e4n m\u00e4\u00e4r\u00e4ss\u00e4 Mount Baker h\u00e4vi\u00e4\u00e4 vain Seattlen etel\u00e4puolella sijaitsevalle <em>Mount Rainierille<\/em>, joka on Bakeria hieman yli kilometrin korkeampi. Vaikka ilmastonmuutos onkin saanut Mount Bakerin j\u00e4\u00e4tik\u00f6n vet\u00e4tym\u00e4\u00e4n viimeisten vuosikymmenien ajan, on se edelleen ikuinen ylimm\u00e4n noin kilometrin alueelta. J\u00e4\u00e4tikk\u00f6 saa my\u00f6s merkitt\u00e4v\u00e4\u00e4 t\u00e4ydennyst\u00e4 joka vuosi, sill\u00e4 sadem\u00e4\u00e4r\u00e4t Mount Bakerilla ovat huikeita. Keskim\u00e4\u00e4rin vuorella sataa talven aikana lunta huikeat 19 metri\u00e4, mik\u00e4 on melkein tuplat l\u00e4hivuoriin verrattuna. Erot vuosien v\u00e4lill\u00e4 ovat kuitenkin voimakkaita ja talvella 98-99 lunta satoi per\u00e4ti <strong>29 metri\u00e4<\/strong>. \ud83d\ude2f Lukema on edelleen voimassaoleva lumentulon maailmanenn\u00e4tys.<\/p>\n<p style=\"text-align: justify;\">Kaikista n\u00e4ist\u00e4 syist\u00e4 meit\u00e4 on jo pitk\u00e4\u00e4n kiinnostanut vierailla t\u00e4ll\u00e4 j\u00e4ttim\u00e4isell\u00e4 vuorella. Vuoren huipulle ei ole p\u00e4\u00e4sy\u00e4 kuin kiipeilyv\u00e4lineill\u00e4, mutta vuoren takana sijaitseva pienehk\u00f6 laskettelukeskus on vain pienen ajomatkan p\u00e4\u00e4ss\u00e4 Vancouverista. Keskuksen m\u00e4et pit\u00e4\u00e4 k\u00e4yd\u00e4 kokeilemassa tulevana talvena sukset jalassa, mutta meit\u00e4 on kiinnostanut n\u00e4hd\u00e4 Mount Baker my\u00f6s n\u00e4in keskikes\u00e4ll\u00e4. Niinp\u00e4 pakkasimmekin kaksi viikkoa sitten lauantaina automme ja otimme suunnaksi horisontin j\u00e4ttivuoren.<\/p>\n<p style=\"text-align: justify;\">Tiet\u00e4 pitkin matkaa kertyy noin 150 kilometri\u00e4, mink\u00e4 ajaa noin kahdessa tunnissa. Sumasin raja-asemalla Abbotsfordissa meill\u00e4 kului kuitenkin vain parikymment\u00e4 minuuttia, mink\u00e4 j\u00e4lkeen olimme Yhdysvaltojen puolella.<\/p>\n<p style=\"text-align: center;\"><a href=\"\/blog\/wp-content\/uploads\/2013\/sumasin_raja-asema.jpg\"><img decoding=\"async\" style=\"border: 0px none; margin: 5px;\" src=\"\/blog\/wp-content\/uploads\/2013\/sumasin_raja-asema.jpg\" alt=\"\" \/><\/a><\/p>\n<p style=\"text-align: center;\"><em>Sumasin raja-asema<\/em><\/p>\n<p style=\"text-align: justify;\">Tie Mount Bakerille on pieni ja mutkainen, mik\u00e4 tekee siit\u00e4 eritt\u00e4in nautinnollisen ajettavan kauniina kes\u00e4p\u00e4iv\u00e4n\u00e4. Lehv\u00e4st\u00f6jen varjossa yl\u00f6sp\u00e4in nouseva tie on varsinkin kanadalaisten polkupy\u00f6r\u00e4ilij\u00f6iden suosiossa, joille 70 kilometrin mittainen matka vuorelle on todellinen voimankoitos. Matkassa on poljettavaa, sill\u00e4 varsinkin viimeiset kymmenen kilometri\u00e4 ovat todella raskasta nousua. Paluumatka on kuitenkin melkein yht\u00e4mittaista alam\u00e4ke\u00e4 ja varmasti ihanan tuntuinen raskaan menomatkan j\u00e4lkeen. \ud83d\ude2e<\/p>\n<p style=\"text-align: center;\"><a href=\"\/blog\/wp-content\/uploads\/2013\/tie_mount_bakerille7.jpg\"><img decoding=\"async\" style=\"border: 0px none; margin: 5px;\" src=\"\/blog\/wp-content\/uploads\/2013\/thumbs\/thumbs_tie_mount_bakerille7.jpg\" alt=\"\" \/><\/a><a href=\"\/blog\/wp-content\/uploads\/2013\/tie_mount_bakerille6.jpg\"><img decoding=\"async\" style=\"border: 0px none; margin: 5px;\" src=\"\/blog\/wp-content\/uploads\/2013\/thumbs\/thumbs_tie_mount_bakerille6.jpg\" alt=\"\" \/><\/a><a href=\"\/blog\/wp-content\/uploads\/2013\/tie_mount_bakerille5.jpg\"><img decoding=\"async\" style=\"border: 0px none; margin: 5px;\" src=\"\/blog\/wp-content\/uploads\/2013\/thumbs\/thumbs_tie_mount_bakerille5.jpg\" alt=\"\" \/><\/a><\/p>\n<p style=\"text-align: center;\"><em>Kauniin vehre\u00e4 alkumatka<\/em><\/p>\n<p style=\"text-align: center;\"><a href=\"\/blog\/wp-content\/uploads\/2013\/tie_mount_bakerille2.jpg\"><img decoding=\"async\" style=\"border: 0px none; margin: 5px;\" src=\"\/blog\/wp-content\/uploads\/2013\/tie_mount_bakerille2.jpg\" alt=\"\" \/><\/a><\/p>\n<p style=\"text-align: center;\"><em>Mutkainen tie Mount Bakerille<\/em><\/p>\n<p style=\"text-align: justify;\">Talvisin tie p\u00e4\u00e4ttyy laskettelukeskuksen luo, noin 1350 metrin korkeuteen. Tie jatkuu siit\u00e4 viel\u00e4 toistasataa metri\u00e4 yl\u00f6sp\u00e4in, mutta t\u00e4m\u00e4 mutkainen loppup\u00e4tk\u00e4 on talvisin niin paksun lumen peitossa, ettei sit\u00e4 saada auki kuin vasta kes\u00e4ksi. Tien p\u00e4\u00e4tepiste sijaitsee 1540 metrin korkeudessa ja on nimelt\u00e4\u00e4n <em>Artist Point.<\/em> Viel\u00e4 n\u00e4in hein\u00e4kuun puoliv\u00e4liss\u00e4kin lunta oli tien varrella metrikaupalla ja parkkipaikalla lumivallit olivat jopa seitsenmetrisi\u00e4, peitt\u00e4en kokonaan parkkipaikan huoltorakennuksen. Vaikka lunta olikin viel\u00e4 n\u00e4in mahdottomasti, ehtii se silti sulaa parkkialueen luota kokonaan syyskuuhun menness\u00e4, vain hetke\u00e4 ennen ensilumen tuloa.<\/p>\n<p style=\"text-align: center;\"><a href=\"\/blog\/wp-content\/uploads\/2013\/mount_skuhsan2.jpg\"><img decoding=\"async\" style=\"border: 0px none; margin: 5px;\" src=\"\/blog\/wp-content\/uploads\/2013\/mount_skuhsan2.jpg\" alt=\"\" \/><\/a><\/p>\n<p style=\"text-align: center;\"><em>Laskettelukeskus taustallaan Mount Shuksan<\/em><\/p>\n<p style=\"text-align: center;\"><a href=\"\/blog\/wp-content\/uploads\/2013\/tie_mount_bakerille4.jpg\"><img decoding=\"async\" style=\"border: 0px none; margin: 5px;\" src=\"\/blog\/wp-content\/uploads\/2013\/thumbs\/thumbs_tie_mount_bakerille4.jpg\" alt=\"\" \/><\/a><a href=\"\/blog\/wp-content\/uploads\/2013\/tie_mount_bakerille11.jpg\"><img decoding=\"async\" style=\"border: 0px none; margin: 5px;\" src=\"\/blog\/wp-content\/uploads\/2013\/thumbs\/thumbs_tie_mount_bakerille11.jpg\" alt=\"\" \/><\/a><a href=\"\/blog\/wp-content\/uploads\/2013\/tie_mount_bakerille10.jpg\"><img decoding=\"async\" style=\"border: 0px none; margin: 5px;\" src=\"\/blog\/wp-content\/uploads\/2013\/thumbs\/thumbs_tie_mount_bakerille10.jpg\" alt=\"\" \/><\/a><br \/>\n<a href=\"\/blog\/wp-content\/uploads\/2013\/tie_mount_bakerille3.jpg\"><img decoding=\"async\" style=\"border: 0px none; margin: 5px;\" src=\"\/blog\/wp-content\/uploads\/2013\/thumbs\/thumbs_tie_mount_bakerille3.jpg\" alt=\"\" \/><\/a><a href=\"\/blog\/wp-content\/uploads\/2013\/tie_mount_bakerille9.jpg\"><img decoding=\"async\" style=\"border: 0px none; margin: 5px;\" src=\"\/blog\/wp-content\/uploads\/2013\/thumbs\/thumbs_tie_mount_bakerille9.jpg\" alt=\"\" \/><\/a><a href=\"\/blog\/wp-content\/uploads\/2013\/tie_mount_bakerille8.jpg\"><img decoding=\"async\" style=\"border: 0px none; margin: 5px;\" src=\"\/blog\/wp-content\/uploads\/2013\/thumbs\/thumbs_tie_mount_bakerille8.jpg\" alt=\"\" \/><\/a><br \/>\n<a href=\"\/blog\/wp-content\/uploads\/2013\/tie_mount_bakerille1.jpg\"><img decoding=\"async\" style=\"border: 0px none; margin: 5px;\" src=\"\/blog\/wp-content\/uploads\/2013\/tie_mount_bakerille1.jpg\" alt=\"\" \/><\/a><\/p>\n<p style=\"text-align: center;\"><em>Loppumatkan hulppea maantie<\/em><\/p>\n<p style=\"text-align: center;\"><a href=\"\/blog\/wp-content\/uploads\/2013\/valtavasti_lunta.jpg\"><img decoding=\"async\" style=\"border: 0px none; margin: 5px;\" src=\"\/blog\/wp-content\/uploads\/2013\/thumbs\/thumbs_valtavasti_lunta.jpg\" alt=\"\" \/><\/a><a href=\"\/blog\/wp-content\/uploads\/2013\/vaelluspolku_lumen_peitossa.jpg\"><img decoding=\"async\" style=\"border: 0px none; margin: 5px;\" src=\"\/blog\/wp-content\/uploads\/2013\/thumbs\/thumbs_vaelluspolku_lumen_peitossa.jpg\" alt=\"\" \/><\/a><\/p>\n<p style=\"text-align: center;\"><em>Hanget korkeat nietokset<\/em><\/p>\n<p style=\"text-align: justify;\">Keli oli lauantaina kerrassaan upea ja aurinko paistoi l\u00e4mpim\u00e4sti melkeinp\u00e4 siniselt\u00e4 taivaalta. L\u00e4mp\u00f6tila oli auton mittarin mukaan +16 astetta, mik\u00e4 oli noin kymmenen astetta laaksoa viile\u00e4mpi. Jo parkkipaikalta aukesi kertakaikkisen upea maisema ymp\u00e4r\u00f6iville vuorille. Vaikka Mount Baker onkin alueen korkein huippu, ei se n\u00e4in &#8221;takaap\u00e4in&#8221; n\u00e4htyn\u00e4 n\u00e4yt\u00e4 niin korkealta tai erikoiselta. Suuria korkeuseroja on toki hankala hahmottaa, mutta on pakko sanoa ettei Baker ollut meist\u00e4 yht\u00e4 n\u00e4ytt\u00e4v\u00e4 t\u00e4st\u00e4 vinkkelist\u00e4 n\u00e4htyn\u00e4.<\/p>\n<p style=\"text-align: center;\"><a href=\"\/blog\/wp-content\/uploads\/2013\/mount_bakerin_huippu1.jpg\"><img decoding=\"async\" style=\"border: 0px none; margin: 5px;\" src=\"\/blog\/wp-content\/uploads\/2013\/thumbs\/thumbs_mount_bakerin_huippu1.jpg\" alt=\"\" \/><\/a><a href=\"\/blog\/wp-content\/uploads\/2013\/mount_bakerin_huippu2.jpg\"><img decoding=\"async\" style=\"border: 0px none; margin: 5px;\" src=\"\/blog\/wp-content\/uploads\/2013\/thumbs\/thumbs_mount_bakerin_huippu2.jpg\" alt=\"\" \/><\/a><\/p>\n<p style=\"text-align: center;\"><em>Ikuisesti j\u00e4\u00e4tynyt Mount Baker<\/em><\/p>\n<p style=\"text-align: justify;\">Parkkipaikalta katsoen alueen n\u00e4ytt\u00e4vin huippu on Mount Bakerin naapurissa kohoava 2991-metrinen <em>Mount Shuksan<\/em>. Shuksania sanotaan maailman valokuvatuimmaksi vuoreksi ja siin\u00e4 onkin hyvin valokuvauksellisia piirteit\u00e4 varsinkin pienen <em>Picture Laken<\/em> rannalta katsottuna. Tyynen\u00e4 p\u00e4iv\u00e4n\u00e4 vuori heijastuu kauniisti j\u00e4rven pinnasta, mutta valitettavasti lauantaina heijastuksen rikkoi hento tuuli.<\/p>\n<p style=\"text-align: center;\"><a href=\"\/blog\/wp-content\/uploads\/2013\/ei_tyyni_picture_lake.jpg\"><img decoding=\"async\" style=\"border: 0px none; margin: 5px;\" src=\"\/blog\/wp-content\/uploads\/2013\/ei_tyyni_picture_lake.jpg\" alt=\"\" \/><\/a><\/p>\n<p style=\"text-align: center;\"><em>Ei tyyni Picture Lake<\/em><\/p>\n<p style=\"text-align: center;\"><a href=\"\/blog\/wp-content\/uploads\/2013\/mount_skuhsan3.jpg\"><img decoding=\"async\" style=\"border: 0px none; margin: 5px;\" src=\"\/blog\/wp-content\/uploads\/2013\/thumbs\/thumbs_mount_skuhsan3.jpg\" alt=\"\" \/><\/a><a href=\"\/blog\/wp-content\/uploads\/2013\/mount_skuhsan1.jpg\"><img decoding=\"async\" style=\"border: 0px none; margin: 5px;\" src=\"\/blog\/wp-content\/uploads\/2013\/thumbs\/thumbs_mount_skuhsan1.jpg\" alt=\"\" \/><\/a><a href=\"\/blog\/wp-content\/uploads\/2013\/mount_skuhsan_huippu.jpg\"><img decoding=\"async\" style=\"border: 0px none; margin: 5px;\" src=\"\/blog\/wp-content\/uploads\/2013\/thumbs\/thumbs_mount_skuhsan_huippu.jpg\" alt=\"\" \/><\/a><\/p>\n<p style=\"text-align: center;\"><em>Valokuvauksellinen Mount Shuksan<\/em><\/p>\n<p style=\"text-align: center;\"><a href=\"\/blog\/wp-content\/uploads\/2013\/mount_shuksan_panoraama1.jpg\"><img decoding=\"async\" style=\"border: 0px none; margin: 5px;\" src=\"\/blog\/wp-content\/uploads\/2013\/mount_shuksan_panoraama_pieni.jpg\" alt=\"\" \/><\/a><\/p>\n<p style=\"text-align: center;\"><em>Mount Shuksan panoraama<\/em><\/p>\n<p style=\"text-align: justify;\">Kes\u00e4isin Mount Bakerilla ei ole mit\u00e4\u00e4n palveluja, vaan kaikki alueen ravintolat ovat kiinni. L\u00e4hin ruokapaikka l\u00f6ytyykin Glacierin taajamasta, noin 30 kilometri\u00e4 tulosuuntaan. T\u00e4m\u00e4n vuoksi olimme pakanneet mukaamme ev\u00e4\u00e4t, joita vaelsimme nauttimaan jonkin matkaa parkkipaikalta syrj\u00e4\u00e4n. Varsinaista patikointipolkua oli kuitenkin paikoin vaikea seurata, sill\u00e4 polku vain pilkisti paikoin metrien paksuisen hangen alta. L\u00f6ysimme kuitenkin lopulta kauniin paikan, jossa nautimme mukanamme olleet mansikat upeita alppimaisemia ihaillen.<\/p>\n<p style=\"text-align: center;\"><a href=\"\/blog\/wp-content\/uploads\/2013\/mount_bakerin_laakso.jpg\"><img decoding=\"async\" style=\"border: 0px none; margin: 5px;\" src=\"\/blog\/wp-content\/uploads\/2013\/thumbs\/thumbs_mount_bakerin_laakso.jpg\" alt=\"\" \/><\/a><a href=\"\/blog\/wp-content\/uploads\/2013\/mount_bakerin_laakso2.jpg\"><img decoding=\"async\" style=\"border: 0px none; margin: 5px;\" src=\"\/blog\/wp-content\/uploads\/2013\/thumbs\/thumbs_mount_bakerin_laakso2.jpg\" alt=\"\" \/><\/a><\/p>\n<p style=\"text-align: center;\"><em>Ev\u00e4shetken alppimaisemia XL-koossa<br \/>\n<\/em><\/p>\n<p style=\"text-align: center;\"><a href=\"\/blog\/wp-content\/uploads\/2013\/mount_baker_panoraama.jpg\"><img decoding=\"async\" style=\"border: 0px none; margin: 5px;\" src=\"\/blog\/wp-content\/uploads\/2013\/mount_baker_panoraama_pieni.jpg\" alt=\"\" \/><\/a><\/p>\n<p style=\"text-align: center;\"><em>Mount Baker ja alapuolinen laakso<\/em><\/p>\n<p style=\"text-align: justify;\">Mount Bakerin alueella on paljon upeita vaelluspolkuja joita olisi kiintoisa kiert\u00e4\u00e4. Kuitenkin runsaan lumen vuoksi paras vaellusaika on elokuun loppupuolella. Mek\u00e4\u00e4n emme viitsineet l\u00e4hte\u00e4 hankeen kahlaamaan, joten reissumme anniksi j\u00e4ikin k\u00e4ynti paikan p\u00e4\u00e4ll\u00e4 ja alueen kartoitus tulevia reissuja varten. Seuraava matka Bakerille tulee varmaan tehty\u00e4 jo tulevana talvena, jolloin meit\u00e4 kiinnostaa suuresti p\u00e4\u00e4st\u00e4 kokeilemaan paikallisen laskettelukeskuksen hullun lumiset rinteet.<\/p>\n<p style=\"text-align: center;\"><a href=\"\/blog\/wp-content\/uploads\/2013\/table_mountain.jpg\"><img decoding=\"async\" style=\"border: 0px none; margin: 5px;\" src=\"\/blog\/wp-content\/uploads\/2013\/thumbs\/thumbs_table_mountain.jpg\" alt=\"\" \/><\/a><a href=\"\/blog\/wp-content\/uploads\/2013\/vuorikauriita.jpg\"><img decoding=\"async\" style=\"border: 0px none; margin: 5px;\" src=\"\/blog\/wp-content\/uploads\/2013\/thumbs\/thumbs_vuorikauriita.jpg\" alt=\"\" \/><\/a><\/p>\n<p style=\"text-align: center;\"><em>Table Mountain sek\u00e4 lauma vuorikauriita<\/em><\/p>\n<p style=\"text-align: justify;\">Mount Bakerilla vierailevan on muuten hyv\u00e4 tiet\u00e4\u00e4, ett\u00e4 pys\u00e4k\u00f6inti vuorta ymp\u00e4r\u00f6iv\u00e4n luonnonpuiston alueella vaatii monin paikoin pys\u00e4k\u00f6intilippua. P\u00e4iv\u00e4lipun hinta on kohtuulliset viisi dollaria ja vuosilippukin on vain $30. Samalla lipulla voi vierailla kaikissa Washingtonin ja Oregonin osavaltioiden luonnonpuistoissa, joten ainakin paikalliselle vuosilippu saattaa kannattaa. Lipun ostaa kes\u00e4isin helpoiten Glacierin taajamassa sijaitsevasta vierailukeskuksesta, Mount Bakerille johtavan tien varresta.<\/p>\n<p style=\"text-align: center;\"><a href=\"\/blog\/wp-content\/uploads\/2013\/jattilaispuun_jaannokset.jpg\"><img decoding=\"async\" style=\"border: 0px none; margin: 5px;\" src=\"\/blog\/wp-content\/uploads\/2013\/jattilaispuun_jaannokset.jpg\" alt=\"\" \/><\/a><\/p>\n<p style=\"text-align: center;\"><em>Suuri puunrunko vierailukeskuksella<\/em><\/p>\n<p style=\"text-align: justify;\">Vaikka reissumme ei ollutkaan muutaman tunnin mittainen, pidimme maisemista eritt\u00e4in paljon. Maisemat ovat jylhemm\u00e4t kuin Whistleriss\u00e4 ja niiss\u00e4 oli jotain sveitsim\u00e4ist\u00e4, tosin ilman lehm\u00e4kelloja. Me tulemmekin varmasti palaamaan Bakerille viel\u00e4 useaan otteeseen, nyt kun olemme saaneet maistiaisen mit\u00e4 alueella onkaan tarjottavanaan. \ud83d\ude42<\/p>\n","protected":false},"excerpt":{"rendered":"<p>Vancouver on vuorten ymp\u00e4r\u00f6im\u00e4 kaupunki. Vuoret ovat osa koko Kanadan l\u00e4nsirannikkoa kulkevaa noin 1600 kilometrin mittaista Rannikkovuorten vuorijonoa, joka ulottuu pohjoisen Yukonista aina t\u00e4nne British Columbian etel\u00e4rajalle saakka. Vancouverin liepeill\u00e4 sijaitsevat vuoret kohoavat North Shore Mountainsien noin 1300 metrin korkeudesta aina Lower Mainlandin it\u00e4osien noin 2000 metriin saakka. Korkeuseroista huolimatta l\u00e4hivuorten huiput eiv\u00e4t juuri erottaudu &hellip; <a href=\"https:\/\/www.vuosiamaailmalla.fi\/blog\/2013\/uskomaton-mount-baker\/\" class=\"more-link\">Jatka lukemista<span class=\"screen-reader-text\"> &#8221;Uskomaton Mount Baker&#8221;<\/span><\/a><\/p>\n","protected":false},"author":1,"featured_media":8410,"comment_status":"open","ping_status":"open","sticky":false,"template":"","format":"standard","meta":{"_jetpack_memberships_contains_paid_content":false,"footnotes":""},"categories":[17,3,7,890],"tags":[34,935,587,588,939,1743,11],"class_list":["post-2213","post","type-post","status-publish","format-standard","has-post-thumbnail","hentry","category-arki-kanadassa","category-arki-ulkomailla","category-matkakertomukset","category-yhdysvallat","tag-arki","tag-kanada","tag-mount-baker","tag-mount-shuksan","tag-vancouver","tag-washington-osavaltio","tag-matkakertomukset-yhdysvallat"],"jetpack_featured_media_url":"https:\/\/www.vuosiamaailmalla.fi\/blog\/wp-content\/uploads\/mount_bakerin_huippu_banner-2.jpg","jetpack_sharing_enabled":true,"_links":{"self":[{"href":"https:\/\/www.vuosiamaailmalla.fi\/blog\/wp-json\/wp\/v2\/posts\/2213","targetHints":{"allow":["GET"]}}],"collection":[{"href":"https:\/\/www.vuosiamaailmalla.fi\/blog\/wp-json\/wp\/v2\/posts"}],"about":[{"href":"https:\/\/www.vuosiamaailmalla.fi\/blog\/wp-json\/wp\/v2\/types\/post"}],"author":[{"embeddable":true,"href":"https:\/\/www.vuosiamaailmalla.fi\/blog\/wp-json\/wp\/v2\/users\/1"}],"replies":[{"embeddable":true,"href":"https:\/\/www.vuosiamaailmalla.fi\/blog\/wp-json\/wp\/v2\/comments?post=2213"}],"version-history":[{"count":1,"href":"https:\/\/www.vuosiamaailmalla.fi\/blog\/wp-json\/wp\/v2\/posts\/2213\/revisions"}],"predecessor-version":[{"id":12935,"href":"https:\/\/www.vuosiamaailmalla.fi\/blog\/wp-json\/wp\/v2\/posts\/2213\/revisions\/12935"}],"wp:featuredmedia":[{"embeddable":true,"href":"https:\/\/www.vuosiamaailmalla.fi\/blog\/wp-json\/wp\/v2\/media\/8410"}],"wp:attachment":[{"href":"https:\/\/www.vuosiamaailmalla.fi\/blog\/wp-json\/wp\/v2\/media?parent=2213"}],"wp:term":[{"taxonomy":"category","embeddable":true,"href":"https:\/\/www.vuosiamaailmalla.fi\/blog\/wp-json\/wp\/v2\/categories?post=2213"},{"taxonomy":"post_tag","embeddable":true,"href":"https:\/\/www.vuosiamaailmalla.fi\/blog\/wp-json\/wp\/v2\/tags?post=2213"}],"curies":[{"name":"wp","href":"https:\/\/api.w.org\/{rel}","templated":true}]}}