{"id":2233,"date":"2013-08-01T10:00:53","date_gmt":"2013-08-01T17:00:53","guid":{"rendered":"http:\/\/13.53.127.146\/?p=2233"},"modified":"2021-07-01T17:38:41","modified_gmt":"2021-07-02T00:38:41","slug":"tipaton-heinakuu","status":"publish","type":"post","link":"https:\/\/www.vuosiamaailmalla.fi\/blog\/2013\/tipaton-heinakuu\/","title":{"rendered":"Tipaton hein\u00e4kuu"},"content":{"rendered":"<p style=\"text-align: justify;\">Vancouver on tilastollisesti kohtuullisen sateinen kaupunki, mink\u00e4 vuoksi paikalliset kutsuvat kaupunkiaan joskus pilkallisesti <em>Raincouveriksi<\/em>. Puolentoista vuoden paikallisen kokemuksemme perusteella maineelle on jotain per\u00e4\u00e4 varsinkin <a title=\"Taivas aukeni viimeinkin\" href=\"https:\/\/www.vuosiamaailmalla.fi\/?p=818\">alkutalvesta<\/a> ja monesti kes\u00e4kuussa, mutta kaupungilla on my\u00f6s aurinkoinen puolensa. Yleens\u00e4 hein\u00e4-elokuun tienoille osuu ainakin yksi <a title=\"Enn\u00e4tysten kes\u00e4\" href=\"https:\/\/www.vuosiamaailmalla.fi\/?p=702\">pitk\u00e4 l\u00e4mmin jakso<\/a>, jolloin kaupungissa saadaan nauttia viikkokausia pilvett\u00f6m\u00e4st\u00e4 taivaasta. Niinp\u00e4 jos aiot vierailla Vancouverissa, ovat n\u00e4m\u00e4 kaksi kuukautta kelien puolesta varmin aika kokea Vancouver parhaimmillaan.<\/p>\n<p><!--more--><\/p>\n<p style=\"text-align: justify;\">Kuluva vuosi ei ole ollut poikkeus. Toukokuu oli monin paikoin l\u00e4mmin ja kaunis (tosin <a title=\"Vieraita vanhalta mantereelta\" href=\"https:\/\/www.vuosiamaailmalla.fi\/?p=2118\">ensimm\u00e4isten vieraidemme<\/a> saapuessa keli alkoi muuttumaan pilvisemm\u00e4ksi) ja kes\u00e4kuu oli <a title=\"Juneary sek\u00e4 keskikes\u00e4 Kanadassa\" href=\"https:\/\/www.vuosiamaailmalla.fi\/?p=119\">viimevuotiseen tapaan<\/a> kolea ja sateinen. Kuin kalenterin tarkkuudella hein\u00e4kuun ensimm\u00e4isen\u00e4 p\u00e4iv\u00e4n\u00e4 kaupunkiin saapuivat helteet, joita on riitti koko kuukauden. L\u00e4mm\u00f6t olivat koko hein\u00e4kuun miellytt\u00e4v\u00e4t 23-27 astetta ja sinist\u00e4 taivasta riitti melkein kuukauden jokaiseksi p\u00e4iv\u00e4ksi. Vett\u00e4 ei ole n\u00e4kynyt ollenkaan ja mennyt hein\u00e4kuu p\u00e4\u00e4ttyikin historian kuivimpana. Suoraan sanottuna vett\u00e4 ei tullut keskustan alueella <strong>tippaakaan<\/strong> koko kuukauden aikana, mik\u00e4 rikkoi aiemman vuoden 1985 enn\u00e4tyksen.<\/p>\n<p style=\"text-align: justify;\">Koska l\u00e4mp\u00f6tilat ovat olleet niin miellytt\u00e4vi\u00e4, ei <a title=\"Kaikkien aikojen enn\u00e4tyshelle\" href=\"https:\/\/www.vuosiamaailmalla.fi\/blog\/2021\/kaikkien-aikojen-ennatyshelle\/\">pitk\u00e4 hellekausi<\/a> ole haitannut alkuunkaan, vaan paikallinen elo on ollut mit\u00e4 mahtavinta. Keli oli kaunis ajaa esimerkiksi <a title=\"Automatka vuorten ymp\u00e4ri\" href=\"https:\/\/www.vuosiamaailmalla.fi\/?p=2193\">vuorten ymp\u00e4ri<\/a> ja vierailu <a title=\"Uskomaton Mount Baker\" href=\"https:\/\/www.vuosiamaailmalla.fi\/?p=2213\">Mount Bakerilla<\/a> oli uskomaton kokemus osaksi kauniin kelin ansiosta.<\/p>\n<p style=\"text-align: justify;\">Tulevana viikonloppuna rutikuiva kausi tulee kuitenkin p\u00e4\u00e4t\u00f6kseens\u00e4, sill\u00e4 taivaalta pit\u00e4isi tippua hieman vett\u00e4. Se tekee hyv\u00e4\u00e4 kovin kuivaksi k\u00e4yneelle luonnolle ja puhdistaa my\u00f6s ilmaa. Kes\u00e4 ei kuitenkaan p\u00e4\u00e4ty viel\u00e4 hetkeen, mutta pieni virkist\u00e4v\u00e4 sade on kyll\u00e4 t\u00e4ysin tervetullut siit\u00e4kin huolimatta, ett\u00e4 se sattuu saapumaan juuri kes\u00e4n kolmansien vieraidemme ollessa luonamme.<\/p>\n","protected":false},"excerpt":{"rendered":"<p>Vancouver on tilastollisesti kohtuullisen sateinen kaupunki, mink\u00e4 vuoksi paikalliset kutsuvat kaupunkiaan joskus pilkallisesti Raincouveriksi. Puolentoista vuoden paikallisen kokemuksemme perusteella maineelle on jotain per\u00e4\u00e4 varsinkin alkutalvesta ja monesti kes\u00e4kuussa, mutta kaupungilla on my\u00f6s aurinkoinen puolensa. Yleens\u00e4 hein\u00e4-elokuun tienoille osuu ainakin yksi pitk\u00e4 l\u00e4mmin jakso, jolloin kaupungissa saadaan nauttia viikkokausia pilvett\u00f6m\u00e4st\u00e4 taivaasta. Niinp\u00e4 jos aiot vierailla Vancouverissa, &hellip; <a href=\"https:\/\/www.vuosiamaailmalla.fi\/blog\/2013\/tipaton-heinakuu\/\" class=\"more-link\">Jatka lukemista<span class=\"screen-reader-text\"> &#8221;Tipaton hein\u00e4kuu&#8221;<\/span><\/a><\/p>\n","protected":false},"author":1,"featured_media":0,"comment_status":"open","ping_status":"open","sticky":false,"template":"","format":"standard","meta":{"_jetpack_memberships_contains_paid_content":false,"footnotes":""},"categories":[17,3],"tags":[25,34,935,159,270,939],"class_list":["post-2233","post","type-post","status-publish","format-standard","hentry","category-arki-kanadassa","category-arki-ulkomailla","tag-ajankohtaista","tag-arki","tag-kanada","tag-kesa","tag-saa","tag-vancouver"],"jetpack_featured_media_url":"","jetpack_sharing_enabled":true,"_links":{"self":[{"href":"https:\/\/www.vuosiamaailmalla.fi\/blog\/wp-json\/wp\/v2\/posts\/2233","targetHints":{"allow":["GET"]}}],"collection":[{"href":"https:\/\/www.vuosiamaailmalla.fi\/blog\/wp-json\/wp\/v2\/posts"}],"about":[{"href":"https:\/\/www.vuosiamaailmalla.fi\/blog\/wp-json\/wp\/v2\/types\/post"}],"author":[{"embeddable":true,"href":"https:\/\/www.vuosiamaailmalla.fi\/blog\/wp-json\/wp\/v2\/users\/1"}],"replies":[{"embeddable":true,"href":"https:\/\/www.vuosiamaailmalla.fi\/blog\/wp-json\/wp\/v2\/comments?post=2233"}],"version-history":[{"count":2,"href":"https:\/\/www.vuosiamaailmalla.fi\/blog\/wp-json\/wp\/v2\/posts\/2233\/revisions"}],"predecessor-version":[{"id":12326,"href":"https:\/\/www.vuosiamaailmalla.fi\/blog\/wp-json\/wp\/v2\/posts\/2233\/revisions\/12326"}],"wp:attachment":[{"href":"https:\/\/www.vuosiamaailmalla.fi\/blog\/wp-json\/wp\/v2\/media?parent=2233"}],"wp:term":[{"taxonomy":"category","embeddable":true,"href":"https:\/\/www.vuosiamaailmalla.fi\/blog\/wp-json\/wp\/v2\/categories?post=2233"},{"taxonomy":"post_tag","embeddable":true,"href":"https:\/\/www.vuosiamaailmalla.fi\/blog\/wp-json\/wp\/v2\/tags?post=2233"}],"curies":[{"name":"wp","href":"https:\/\/api.w.org\/{rel}","templated":true}]}}