{"id":224,"date":"2012-02-03T16:31:44","date_gmt":"2012-02-04T00:31:44","guid":{"rendered":"http:\/\/127.0.0.1:4001\/wordpress\/?p=224"},"modified":"2024-01-27T13:13:38","modified_gmt":"2024-01-27T21:13:38","slug":"sinkkuelaman-loppu","status":"publish","type":"post","link":"https:\/\/www.vuosiamaailmalla.fi\/blog\/2012\/sinkkuelaman-loppu\/","title":{"rendered":"Sinkkuel\u00e4m\u00e4n loppu"},"content":{"rendered":"<p style=\"text-align: justify;\">Ei, t\u00e4m\u00e4 kirjoitus ei k\u00e4sittele 2000-luvun alun suosittua tv-sarjaa, vaan kahden viikon mittaista <a title=\"Maahanmuutto bisnesluokassa\" href=\"https:\/\/www.vuosiamaailmalla.fi\/blog\/2012\/maahanmuutto-bisnesluokassa\/\">yksineloani t\u00e4\u00e4ll\u00e4 Vancouverissa<\/a>. T\u00e4t\u00e4 kirjoittaessani, Niina on paraikaa lentokoneessa pitk\u00e4ll\u00e4 muuttomatkalla kohti Vancouveria. H\u00e4nen lienee jossain Kanadan <a title=\"Kanadan mahtava er\u00e4maa\" href=\"https:\/\/www.vuosiamaailmalla.fi\/blog\/2014\/kanadan-mahtava-eramaa\/\">valtavan er\u00e4maan<\/a> yll\u00e4, sill\u00e4 Vancouveriin lennett\u00e4ess\u00e4 nelj\u00e4 viimeist\u00e4 tuntia lennet\u00e4\u00e4n t\u00e4ysin asumattoman tundran yl\u00e4puolella. Alapuolella ei n\u00e4y tuolloin merkki\u00e4k\u00e4\u00e4n ihmisest\u00e4, mik\u00e4 on mykist\u00e4v\u00e4\u00e4 t\u00e4ll\u00e4 muutoin <a title=\"Kanadan v\u00e4est\u00f6r\u00e4j\u00e4hdys\" href=\"https:\/\/www.vuosiamaailmalla.fi\/blog\/2023\/kanadan-vaestorajahdys\/\">ylikansoitetulla planeetalla<\/a>.<\/p>\n<p><!--more--><\/p>\n<p style=\"text-align: center;\"><a href=\"\/blog\/wp-content\/uploads\/2012\/lentomatka_euroopasta.jpg\"><img decoding=\"async\" src=\"\/blog\/wp-content\/uploads\/2012\/lentomatka_euroopasta.jpg\" \/><\/a><\/p>\n<p style=\"text-align: center;\"><em>Pitk\u00e4 lentomatka uudelle mantereelle<\/em><\/p>\n<p style=\"text-align: justify;\">Kun oma <a title=\"Ensivaikutelma Vancouverista\" href=\"https:\/\/www.vuosiamaailmalla.fi\/blog\/2011\/ensivaikutelma-vancouverista\/\">ensivaikutelmani Vancouverista<\/a> on ollut melkein kaksi viikkoa yhten\u00e4ist\u00e4 sadetta ja pimeytt\u00e4, on Niinaa vastassa viisi p\u00e4iv\u00e4\u00e4 kest\u00e4v\u00e4 auringonpaiste mukavien l\u00e4mp\u00f6tilojen kera. Kev\u00e4\u00e4n tulon voikin jo aistia ja tulevasta viikonlopusta on tulossa mahtava. Upeasta kelist\u00e4 tulee todenn\u00e4k\u00f6isesti nautittua viikonloppuna Downtownissa, mutta poikkeamme my\u00f6s keskustan ulkopuolella koeajamassa muutamaa <a title=\"2012 BMW X1 xDrive28i\" href=\"https:\/\/www.vuosiamaailmalla.fi\/blog\/2012\/2012-bmw-x1-xdrive28i\/\">potentiaalista leasing-autoa<\/a>.<\/p>\n<p style=\"text-align: center;\"><a href=\"\/blog\/wp-content\/uploads\/2012\/bmw_x1_2.jpg\"><img decoding=\"async\" src=\"\/blog\/wp-content\/uploads\/2012\/bmw_x1_2.jpg\" \/><\/a><\/p>\n<p style=\"text-align: center;\"><em>Uusi tuleva automme<\/em><\/p>\n<p style=\"text-align: justify;\">Muutoin toinen viikkoni Vancouverissa on mennyt nopeaan uuden ty\u00f6n merkeiss\u00e4. T\u00e4n\u00e4\u00e4n p\u00e4iv\u00e4ohjelma oli kuitenkin normaalista poikkeava, sill\u00e4 toimistollamme vietettiin l\u00e4heisell\u00e4 Hilton-hotellilla erikoisp\u00e4iv\u00e4\u00e4, jossa tiimien oli mahdollista tutustua muiden ty\u00f6skentelyyn, mik\u00e4 oli eritt\u00e4in kiintoisaa kaltaiselleni uudelle ty\u00f6ntekij\u00e4lle. P\u00e4iv\u00e4 meni nopeasti uusia kollegoita tavatessa ja kiintoisista projekteista kuullessa. Olin kotona jo kolmelta ja niinp\u00e4 ehdinkin bloggaamaan hieman ennen lentokent\u00e4lle suuntaamista\u00a0 Niinaa noutamaan.<\/p>\n<p style=\"text-align: justify;\">T\u00e4st\u00e4 onkin alkamassa kiehtova ja mit\u00e4 todenn\u00e4k\u00f6isimmin <a title=\"El\u00e4m\u00e4nt\u00e4yteiset 10 vuotta Kanadassa\" href=\"https:\/\/www.vuosiamaailmalla.fi\/blog\/2022\/elamantayteiset-10-vuotta-kanadassa\/\">pitk\u00e4 seikkailu<\/a>!<\/p>\n","protected":false},"excerpt":{"rendered":"<p>Ei, t\u00e4m\u00e4 kirjoitus ei k\u00e4sittele 2000-luvun alun suosittua tv-sarjaa, vaan kahden viikon mittaista yksineloani t\u00e4\u00e4ll\u00e4 Vancouverissa. T\u00e4t\u00e4 kirjoittaessani, Niina on paraikaa lentokoneessa pitk\u00e4ll\u00e4 muuttomatkalla kohti Vancouveria. H\u00e4nen lienee jossain Kanadan valtavan er\u00e4maan yll\u00e4, sill\u00e4 Vancouveriin lennett\u00e4ess\u00e4 nelj\u00e4 viimeist\u00e4 tuntia lennet\u00e4\u00e4n t\u00e4ysin asumattoman tundran yl\u00e4puolella. Alapuolella ei n\u00e4y tuolloin merkki\u00e4k\u00e4\u00e4n ihmisest\u00e4, mik\u00e4 on mykist\u00e4v\u00e4\u00e4 t\u00e4ll\u00e4 muutoin &hellip; <a href=\"https:\/\/www.vuosiamaailmalla.fi\/blog\/2012\/sinkkuelaman-loppu\/\" class=\"more-link\">Jatka lukemista<span class=\"screen-reader-text\"> &#8221;Sinkkuel\u00e4m\u00e4n loppu&#8221;<\/span><\/a><\/p>\n","protected":false},"author":1,"featured_media":13474,"comment_status":"open","ping_status":"open","sticky":false,"template":"","format":"standard","meta":{"_jetpack_memberships_contains_paid_content":false,"footnotes":""},"categories":[17,3,13],"tags":[34,77,78,935,207,939],"class_list":["post-224","post","type-post","status-publish","format-standard","has-post-thumbnail","hentry","category-arki-kanadassa","category-arki-ulkomailla","category-tyoskentely-kanadassa","tag-arki","tag-burnaby","tag-burnaby-metrotown","tag-kanada","tag-tyo","tag-vancouver"],"jetpack_featured_media_url":"https:\/\/www.vuosiamaailmalla.fi\/blog\/wp-content\/uploads\/lentomatka_euroopasta_banner.jpg","jetpack_sharing_enabled":true,"_links":{"self":[{"href":"https:\/\/www.vuosiamaailmalla.fi\/blog\/wp-json\/wp\/v2\/posts\/224","targetHints":{"allow":["GET"]}}],"collection":[{"href":"https:\/\/www.vuosiamaailmalla.fi\/blog\/wp-json\/wp\/v2\/posts"}],"about":[{"href":"https:\/\/www.vuosiamaailmalla.fi\/blog\/wp-json\/wp\/v2\/types\/post"}],"author":[{"embeddable":true,"href":"https:\/\/www.vuosiamaailmalla.fi\/blog\/wp-json\/wp\/v2\/users\/1"}],"replies":[{"embeddable":true,"href":"https:\/\/www.vuosiamaailmalla.fi\/blog\/wp-json\/wp\/v2\/comments?post=224"}],"version-history":[{"count":3,"href":"https:\/\/www.vuosiamaailmalla.fi\/blog\/wp-json\/wp\/v2\/posts\/224\/revisions"}],"predecessor-version":[{"id":13475,"href":"https:\/\/www.vuosiamaailmalla.fi\/blog\/wp-json\/wp\/v2\/posts\/224\/revisions\/13475"}],"wp:featuredmedia":[{"embeddable":true,"href":"https:\/\/www.vuosiamaailmalla.fi\/blog\/wp-json\/wp\/v2\/media\/13474"}],"wp:attachment":[{"href":"https:\/\/www.vuosiamaailmalla.fi\/blog\/wp-json\/wp\/v2\/media?parent=224"}],"wp:term":[{"taxonomy":"category","embeddable":true,"href":"https:\/\/www.vuosiamaailmalla.fi\/blog\/wp-json\/wp\/v2\/categories?post=224"},{"taxonomy":"post_tag","embeddable":true,"href":"https:\/\/www.vuosiamaailmalla.fi\/blog\/wp-json\/wp\/v2\/tags?post=224"}],"curies":[{"name":"wp","href":"https:\/\/api.w.org\/{rel}","templated":true}]}}