{"id":2242,"date":"2013-08-19T17:21:58","date_gmt":"2013-08-20T00:21:58","guid":{"rendered":"http:\/\/13.53.127.146\/?p=2242"},"modified":"2020-12-13T17:06:59","modified_gmt":"2020-12-14T01:06:59","slug":"korkeuksiin-kurkottava-metrotown","status":"publish","type":"post","link":"https:\/\/www.vuosiamaailmalla.fi\/blog\/2013\/korkeuksiin-kurkottava-metrotown\/","title":{"rendered":"Korkeuksiin kurkottava Metrotown"},"content":{"rendered":"<p style=\"text-align: justify;\">Noin Tampereen kokoinen 223 000 asukkaan Burnaby on Vancouverin it\u00e4inen naapuri ja yksi metropolialueen esikaupungeista. Sijainti Vancouverin kyljess\u00e4 on tehnyt Burnabyst\u00e4 liikenteellisesti houkuttelevan asuinalueen, sill\u00e4 kaupunkia halkoo kaksi kaikkiaan kolmesta nykyisest\u00e4 Skytrain-linjasta. My\u00f6s rakenteilla oleva nelj\u00e4s <em><a href=\"https:\/\/www.vuosiamaailmalla.fi\/?p=6936\">Evergreen Line<\/a><\/em> nimell\u00e4 tunnettu linja tulee valmistuttuaan kulkemaan kaupungin kautta.<\/p>\n<p style=\"text-align: justify;\">Burnaby on sangen hajautunut kaupunki, eik\u00e4 sill\u00e4 ole vain yht\u00e4 keskustaa. Merkitt\u00e4vi\u00e4 asutuskeskittymi\u00e4 on yhteens\u00e4 nelj\u00e4; Brentwood, Metrotown, <a title=\"Burnaby rakentaa metropolia\" href=\"https:\/\/www.vuosiamaailmalla.fi\/?p=8729\">Lougheed ja Edmonds<\/a>. N\u00e4ist\u00e4 Metrotown on nykyisin kaikkein merkitt\u00e4vin, tosin <a title=\"Uskomaton Brentwood\" href=\"https:\/\/www.vuosiamaailmalla.fi\/?p=4576\">Brentwoodin tulevaisuuden suunnitelmat<\/a> tulevat varmasti haastamaan Metrotownin Burnabyn t\u00e4m\u00e4n hetkisen\u00e4 <em>de-facto<\/em> keskustana.<\/p>\n<p><!--more--><\/p>\n<p style=\"text-align: justify;\">Metrotownin alueen kehitys sai alkunsa 60-luvulla, kun Burnabyn kaupunkisuunnittelijat alkoivat visioida uudenaikaisia kyl\u00e4keskuksia (<em>metro town<\/em>) vastavetona autoilun varaan perustuville alati laajentuville omakotitalol\u00e4hi\u00f6ille. Visio oli asuttaa liikenteellisesti keskeiselle paikalle runsaasti ihmisi\u00e4, sijoittaa sinne ty\u00f6paikkoja ja tarjota alueella hyv\u00e4t ostosmahdollisuudet. Vaikka samoja periaatteita sovellettiinkin kaikkiin mainittuihin kyl\u00e4keskuksiin, otti suunnitelma kunnolla tuulta purjeisiinsa erityisesti Metrotownin alueella.<\/p>\n<p style=\"text-align: justify;\">Kehitys oli hidasta viel\u00e4 70-luvulla, mutta 80-luvulla alueelle alkoi toden teolla nousta asuintorneja. Vuonna 1985 Skytrain saapui Metrotowniin ja seuraavana vuonna avautui uusi ostoskeskus aivan Skytrain-aseman viereen. Pian alueelle alkoi ilmestym\u00e4\u00e4n muitakin ostoskeskuksia, joista osa yhdistyi muodostamaan nykyisen <em>Metropolis at Metrotown<\/em> -ostoskeskuksen. 165 000 neli\u00f6metrin kokoinen j\u00e4ttim\u00e4inen ostoskeskus on\u00a0 Kanadan toiseksi suurin (suurin on <em>West Edmonton Mall<\/em>) ja siell\u00e4 vierailee vuosittain noin 25 miljoonaa asiakasta. Liikkeit\u00e4 ostoskeskuksessa on noin 450 ja parkkipaikkoja 8800. Kaksikerroksinen parkkitalo ostoskeskuksen alla onkin helppo paikka hukata autonsa automeren keskelle. Metropoliksen lis\u00e4ksi Metrotownin alueella sijaitsee my\u00f6s muita ostoskeskuksia, joista merkitt\u00e4vin on vuonna 2000 valmistunut <em>Crystal Mall<\/em>.<\/p>\n<p style=\"text-align: center;\"><a href=\"\/blog\/wp-content\/uploads\/2013\/metropolis_sisaankaynti.jpg\"><img decoding=\"async\" style=\"border: 0px none; margin: 5px;\" src=\"\/blog\/wp-content\/uploads\/2013\/thumbs\/thumbs_metropolis_sisaankaynti.jpg\" alt=\"\" \/><\/a><a href=\"\/blog\/wp-content\/uploads\/2013\/metropolis_parkkihalli.jpg\"><img decoding=\"async\" style=\"border: 0px none; margin: 5px;\" src=\"\/blog\/wp-content\/uploads\/2013\/thumbs\/thumbs_metropolis_parkkihalli.jpg\" alt=\"\" \/><\/a><\/p>\n<p style=\"text-align: center;\"><em>Metropoliksen yksi sis\u00e4\u00e4nk\u00e4ynneist\u00e4 ja valtava parkkihalli<\/em><\/p>\n<p style=\"text-align: center;\"><a href=\"\/blog\/wp-content\/uploads\/2013\/metrotown_ylikulku1.jpg\"><img decoding=\"async\" style=\"border: 0px none; margin: 5px;\" src=\"\/blog\/wp-content\/uploads\/2013\/thumbs\/thumbs_metrotown_ylikulku1.jpg\" alt=\"\" \/><\/a><a href=\"\/blog\/wp-content\/uploads\/2013\/metrotown_ylikulku2.jpg\"><img decoding=\"async\" style=\"border: 0px none; margin: 5px;\" src=\"\/blog\/wp-content\/uploads\/2013\/thumbs\/thumbs_metrotown_ylikulku2.jpg\" alt=\"\" \/><\/a><a href=\"\/blog\/wp-content\/uploads\/2013\/metrotown_ylikulku3.jpg\"><img decoding=\"async\" style=\"border: 0px none; margin: 5px;\" src=\"\/blog\/wp-content\/uploads\/2013\/thumbs\/thumbs_metrotown_ylikulku3.jpg\" alt=\"\" \/><\/a><\/p>\n<p style=\"text-align: center;\"><em>Ylik\u00e4yt\u00e4v\u00e4 ostoskeskuksen luona<\/em><\/p>\n<p style=\"text-align: justify;\">Sijainti 15 minuutin Skytrain-matkan p\u00e4\u00e4ss\u00e4 Vancouverin keskustasta sek\u00e4 alueen loistavat ostosmahdollisuudet ovat tehneet Metrotownista hyvin houkuttelevan asuinalueen, mik\u00e4 n\u00e4kyy alueella k\u00e4ynniss\u00e4 olevissa rakennushankkeissa. Vaikka suuria hankkeita onkin menossa kaikkialla Vancouverin metropolialueella (ja <a title=\"Granville Bridgen seudun tulevaisuus\" href=\"https:\/\/www.vuosiamaailmalla.fi\/?p=1300\">itse<\/a> <a title=\"Trump tuli Vancouveriin\" href=\"https:\/\/www.vuosiamaailmalla.fi\/?p=2137\">Vancouverissa<\/a>), ovat Metrotowniin t\u00e4ll\u00e4 hetkell\u00e4 nousevat tornit ja pilvenpiirt\u00e4j\u00e4t haastamassa koollaan jopa Vancouverin keskustaa. Uudisrakennuksista tulee aukeamaan my\u00f6s poikkeuksellisen upeita maisemia ymp\u00e4r\u00f6iville alueille sek\u00e4 vuorille, sill\u00e4 Metrotown sijaitsee\u00a0<em>Fraser Riverin<\/em> pohjoispuolisella kumpareella, noin 100 metri\u00e4 merenpinnan yl\u00e4puolella.<\/p>\n<p style=\"text-align: justify;\">Suurin projekti on juuri k\u00e4ynnistynyt Station Square, jossa aivan ostoskeskuksen viereen valmistuu yhteens\u00e4 viisi 35-57 kerroksista tornia. Tornien tielt\u00e4 on raivattu koko kev\u00e4\u00e4n suurta parkkihallia, joka n\u00e4kyi viel\u00e4 viime vuonna vastap\u00e4isen Hiltonin ikkunasta, y\u00f6pyess\u00e4ni siell\u00e4 <a title=\"Ensivaikutelma Vancouverista\" href=\"https:\/\/www.vuosiamaailmalla.fi\/?p=1451\">ensimm\u00e4isell\u00e4 Vancouverin vierailullani<\/a>.<\/p>\n<p style=\"text-align: center;\"><a href=\"\/blog\/wp-content\/uploads\/2013\/station_square_havainnekuva.jpg\"><img decoding=\"async\" style=\"border: 0px none; margin: 5px;\" src=\"\/blog\/wp-content\/uploads\/2013\/station_square_havainnekuva.jpg\" alt=\"\" \/><\/a><\/p>\n<p style=\"text-align: center;\"><em>J\u00e4ttim\u00e4inen Station Square -kompleksi<\/em><\/p>\n<p style=\"text-align: justify;\"><a href=\"\/blog\/wp-content\/uploads\/2012\/metropolis_panoraama1.jpg\"><img decoding=\"async\" style=\"border: 0px none; margin: 5px;\" src=\"\/blog\/wp-content\/uploads\/2012\/metropolis_panoraama1_pieni.jpg\" alt=\"\" \/><\/a><\/p>\n<p style=\"text-align: center;\"><em>Jo purettu vanha parkkitalo kev\u00e4\u00e4ll\u00e4 2012<\/em><\/p>\n<p style=\"text-align: center;\"><a href=\"\/blog\/wp-content\/uploads\/2013\/station_square_panoraama1.jpg\"><img decoding=\"async\" style=\"border: 0px none; margin: 5px;\" src=\"\/blog\/wp-content\/uploads\/2013\/station_square_panoraama1_pieni.jpg\" alt=\"\" \/><\/a><\/p>\n<p style=\"text-align: center;\"><em>Ensimm\u00e4isen tornin kuoppa toukokuussa 2013<\/em><\/p>\n<p style=\"text-align: center;\"><a href=\"\/blog\/wp-content\/uploads\/2013\/station_square_panoraama2.jpg\"><img decoding=\"async\" style=\"border: 0px none; margin: 5px;\" src=\"\/blog\/wp-content\/uploads\/2013\/station_square_panoraama2_pieni.jpg\" alt=\"\" \/><\/a><\/p>\n<p style=\"text-align: center;\"><em>J\u00e4ttim\u00e4inen ty\u00f6maa-alue viime viikonloppuna<\/em><\/p>\n<p style=\"text-align: justify;\">Aivan n\u00e4iden l\u00e4helle, <em>Willingdon Avenuen<\/em> ja <em>Kingswayn<\/em> risteykseen, on t\u00e4ll\u00e4 hetkell\u00e4 nousemassa <em>Sovereign<\/em> nimell\u00e4 kulkeva 45-kerroksinen ja 156-metrinen asuinpilvenpiirt\u00e4j\u00e4, josta tulee joksikin aikaa koko Metrotownin kruunu. L\u00e4helle l\u00e4htee pian nousemaan my\u00f6s uusi 37-kerroksinen <em>Modello<\/em> nimell\u00e4 kulkeva projekti.<\/p>\n<p style=\"text-align: center;\"><a href=\"\/blog\/wp-content\/uploads\/2013\/sovereign_havainnekuva.jpg\"><img decoding=\"async\" style=\"border: 0px none; margin: 5px;\" src=\"\/blog\/wp-content\/uploads\/2013\/thumbs\/thumbs_sovereign_havainnekuva.jpg\" alt=\"\" \/><\/a><\/p>\n<p style=\"text-align: center;\"><em>156-metrinen Sovereign<\/em><\/p>\n<p style=\"text-align: center;\"><a href=\"\/blog\/wp-content\/uploads\/2013\/sovereign4.jpg\"><img decoding=\"async\" style=\"border: 0px none; margin: 5px;\" src=\"\/blog\/wp-content\/uploads\/2013\/thumbs\/thumbs_sovereign4.jpg\" alt=\"\" \/><\/a><a href=\"\/blog\/wp-content\/uploads\/2013\/sovereign2.jpg\"><img decoding=\"async\" style=\"border: 0px none; margin: 5px;\" src=\"\/blog\/wp-content\/uploads\/2013\/thumbs\/thumbs_sovereign2.jpg\" alt=\"\" \/><\/a><a href=\"\/blog\/wp-content\/uploads\/2013\/sovereign1.jpg\"><img decoding=\"async\" style=\"border: 0px none; margin: 5px;\" src=\"\/blog\/wp-content\/uploads\/2013\/thumbs\/thumbs_sovereign1.jpg\" alt=\"\" \/><\/a><\/p>\n<p style=\"text-align: center;\"><em> Viel\u00e4 matala Sovereign toukokuussa<\/em><\/p>\n<p style=\"text-align: center;\"><a href=\"\/blog\/wp-content\/uploads\/2013\/sovereign6.jpg\"><img decoding=\"async\" style=\"border: 0px none; margin: 5px;\" src=\"\/blog\/wp-content\/uploads\/2013\/thumbs\/thumbs_sovereign6.jpg\" alt=\"\" \/><\/a><a href=\"\/blog\/wp-content\/uploads\/2013\/sovereign8.jpg\"><img decoding=\"async\" style=\"border: 0px none; margin: 5px;\" src=\"\/blog\/wp-content\/uploads\/2013\/thumbs\/thumbs_sovereign8.jpg\" alt=\"\" \/><\/a><\/p>\n<p style=\"text-align: center;\"><em>Sovereign elokuussa ja osana silhuettia<\/em><\/p>\n<p style=\"text-align: center;\"><a href=\"\/blog\/wp-content\/uploads\/2013\/sovereign7.jpg\"><img decoding=\"async\" style=\"border: 0px none; margin: 5px;\" src=\"\/blog\/wp-content\/uploads\/2013\/thumbs\/thumbs_sovereign7.jpg\" alt=\"\" \/><\/a><\/p>\n<p style=\"text-align: center;\"><em>Urbaani k\u00e4yt\u00e4v\u00e4 suburbiassa<\/em><\/p>\n<p style=\"text-align: center;\"><a href=\"\/blog\/wp-content\/uploads\/2013\/modello_havainnekuva.jpg\"><img decoding=\"async\" style=\"border: 0px none; margin: 5px;\" src=\"\/blog\/wp-content\/uploads\/2013\/thumbs\/thumbs_modello_havainnekuva.jpg\" alt=\"\" \/><\/a><\/p>\n<p style=\"text-align: center;\"><em>Modello havainnekuva<\/em><\/p>\n<p style=\"text-align: justify;\">Skytrain-aseman vierell\u00e4 on paraikaa rakenteilla per\u00e4ti kolme asuintornia, joiden koko on 33-46 kerrosta. N\u00e4ist\u00e4 korkein on 141-metrinen <em>Metroplace<\/em>, joka on jo kohonnut sangen korkealle, viereisten <em>Silverin<\/em> ja <em>Modan<\/em> ollessa viel\u00e4 maantasolla.<\/p>\n<p style=\"text-align: center;\"><a href=\"\/blog\/wp-content\/uploads\/2013\/metroplace_havainnekuva.jpg\"><img decoding=\"async\" style=\"border: 0px none; margin: 5px;\" src=\"\/blog\/wp-content\/uploads\/2013\/thumbs\/thumbs_metroplace_havainnekuva.jpg\" alt=\"\" \/><\/a><\/p>\n<p style=\"text-align: center;\"><em>141-metrinen Metroplace<\/em><\/p>\n<p style=\"text-align: center;\"><a href=\"\/blog\/wp-content\/uploads\/2013\/metroplace3.jpg\"><img decoding=\"async\" style=\"border: 0px none; margin: 5px;\" src=\"\/blog\/wp-content\/uploads\/2013\/thumbs\/thumbs_metroplace3.jpg\" alt=\"\" \/><\/a><a href=\"\/blog\/wp-content\/uploads\/2013\/metroplace1.jpg\"><img decoding=\"async\" style=\"border: 0px none; margin: 5px;\" src=\"\/blog\/wp-content\/uploads\/2013\/thumbs\/thumbs_metroplace1.jpg\" alt=\"\" \/><\/a><\/p>\n<p style=\"text-align: center;\"><em> Metroplace puolimatkassa toukokuussa<\/em><\/p>\n<p style=\"text-align: center;\"><a href=\"\/blog\/wp-content\/uploads\/2013\/metroplace4.jpg\"><img decoding=\"async\" style=\"border: 0px none; margin: 5px;\" src=\"\/blog\/wp-content\/uploads\/2013\/thumbs\/thumbs_metroplace4.jpg\" alt=\"\" \/><\/a><a href=\"\/blog\/wp-content\/uploads\/2013\/metroplace6.jpg\"><img decoding=\"async\" style=\"border: 0px none; margin: 5px;\" src=\"\/blog\/wp-content\/uploads\/2013\/thumbs\/thumbs_metroplace6.jpg\" alt=\"\" \/><\/a><\/p>\n<p style=\"text-align: center;\"><em>Ty\u00f6maa elokuussa ja silhuetin osana<\/em><\/p>\n<p style=\"text-align: center;\"><a href=\"\/blog\/wp-content\/uploads\/2013\/silver_havainnekuva.jpg\"><img decoding=\"async\" style=\"border: 0px none; margin: 5px;\" src=\"\/blog\/wp-content\/uploads\/2013\/thumbs\/thumbs_silver_havainnekuva.jpg\" alt=\"\" \/><\/a><\/p>\n<p style=\"text-align: center;\"><em>Silver havainnekuva<\/em><\/p>\n<p style=\"text-align: center;\"><a href=\"\/blog\/wp-content\/uploads\/2013\/silver_ja_metroplace1.jpg\"><img decoding=\"async\" style=\"border: 0px none; margin: 5px;\" src=\"\/blog\/wp-content\/uploads\/2013\/thumbs\/thumbs_silver_ja_metroplace1.jpg\" alt=\"\" \/><\/a><a href=\"\/blog\/wp-content\/uploads\/2013\/silver1.jpg\"><img decoding=\"async\" style=\"border: 0px none; margin: 5px;\" src=\"\/blog\/wp-content\/uploads\/2013\/thumbs\/thumbs_silver1.jpg\" alt=\"\" \/><\/a><\/p>\n<p style=\"text-align: center;\"><em>Silver rakenteilla Metroplacen vierell\u00e4<\/em><\/p>\n<p style=\"text-align: center;\"><a href=\"\/blog\/wp-content\/uploads\/2013\/moda_havainnekuva.jpg\"><img decoding=\"async\" style=\"border: 0px none; margin: 5px;\" src=\"\/blog\/wp-content\/uploads\/2013\/thumbs\/thumbs_moda_havainnekuva.jpg\" alt=\"\" \/><\/a><a href=\"\/blog\/wp-content\/uploads\/2013\/moda1.jpg\"><img decoding=\"async\" style=\"border: 0px none; margin: 5px;\" src=\"\/blog\/wp-content\/uploads\/2013\/thumbs\/thumbs_moda1.jpg\" alt=\"\" \/><\/a><\/p>\n<p style=\"text-align: center;\"><em>L\u00e4hettyville nouseva Moda<\/em><\/p>\n<p style=\"text-align: justify;\">N\u00e4iden naapuriin valmistuu my\u00f6s paraikaa <em>Metrotower III <\/em>nimell\u00e4 tunnettu 25-kerroksinen ja 109-metrinen lasinen toimistotorni, joka tuo valmistuessaan alueelle lis\u00e4\u00e4 ty\u00f6paikkoja ja monipuolistaa alueen tarjontaa. Rakennuksen ulkopinta tulee olemaan kaunista heijastavaa lasia. 8)<\/p>\n<p style=\"text-align: center;\"><a href=\"\/blog\/wp-content\/uploads\/2013\/metrotower_three1.jpg\"><img decoding=\"async\" style=\"border: 0px none; margin: 5px;\" src=\"\/blog\/wp-content\/uploads\/2013\/thumbs\/thumbs_metrotower_three1.jpg\" alt=\"\" \/><\/a><a href=\"\/blog\/wp-content\/uploads\/2013\/metrotower_three2.jpg\"><img decoding=\"async\" style=\"border: 0px none; margin: 5px;\" src=\"\/blog\/wp-content\/uploads\/2013\/thumbs\/thumbs_metrotower_three2.jpg\" alt=\"\" \/><\/a><a href=\"\/blog\/wp-content\/uploads\/2013\/metrotower_three3.jpg\"><img decoding=\"async\" style=\"border: 0px none; margin: 5px;\" src=\"\/blog\/wp-content\/uploads\/2013\/thumbs\/thumbs_metrotower_three3.jpg\" alt=\"\" \/><\/a><br \/>\n<a href=\"\/blog\/wp-content\/uploads\/2013\/metrotower_three4.jpg\"><img decoding=\"async\" style=\"border: 0px none; margin: 5px;\" src=\"\/blog\/wp-content\/uploads\/2013\/thumbs\/thumbs_metrotower_three4.jpg\" alt=\"\" \/><\/a><a href=\"\/blog\/wp-content\/uploads\/2013\/metrotower_three5.jpg\"><img decoding=\"async\" style=\"border: 0px none; margin: 5px;\" src=\"\/blog\/wp-content\/uploads\/2013\/thumbs\/thumbs_metrotower_three5.jpg\" alt=\"\" \/><\/a><\/p>\n<p style=\"text-align: center;\"><em>Peililasinen Metrotower III -toimistotorni<\/em><\/p>\n<p style=\"text-align: justify;\">Hieman id\u00e4mp\u00e4n\u00e4 l\u00f6ytyy viel\u00e4 kaksi suurempaa asuinprojektia, joista 37-kerroksinen <em>Chancellor<\/em> on sangen sutjakka muuttovalmis asuintorni. Tien toiselle puolelle tehd\u00e4\u00e4n paraikaa perustoja 40-kerroksiselle <em>The MET<\/em> nimiselle tornille.<\/p>\n<p style=\"text-align: center;\"><a href=\"\/blog\/wp-content\/uploads\/2013\/chancellor1.jpg\"><img decoding=\"async\" style=\"border: 0px none; margin: 5px;\" src=\"\/blog\/wp-content\/uploads\/2013\/thumbs\/thumbs_chancellor1.jpg\" alt=\"\" \/><\/a><a href=\"\/blog\/wp-content\/uploads\/2013\/chancellor3.jpg\"><img decoding=\"async\" style=\"border: 0px none; margin: 5px;\" src=\"\/blog\/wp-content\/uploads\/2013\/thumbs\/thumbs_chancellor3.jpg\" alt=\"\" \/><\/a><a href=\"\/blog\/wp-content\/uploads\/2013\/chancellor2.jpg\"><img decoding=\"async\" style=\"border: 0px none; margin: 5px;\" src=\"\/blog\/wp-content\/uploads\/2013\/thumbs\/thumbs_chancellor2.jpg\" alt=\"\" \/><\/a><br \/>\n<a href=\"\/blog\/wp-content\/uploads\/2013\/chancellor4.jpg\"><img decoding=\"async\" style=\"border: 0px none; margin: 5px;\" src=\"\/blog\/wp-content\/uploads\/2013\/thumbs\/thumbs_chancellor4.jpg\" alt=\"\" \/><\/a><a href=\"\/blog\/wp-content\/uploads\/2013\/chancellor5.jpg\"><img decoding=\"async\" style=\"border: 0px none; margin: 5px;\" src=\"\/blog\/wp-content\/uploads\/2013\/thumbs\/thumbs_chancellor5.jpg\" alt=\"\" \/><\/a><\/p>\n<p style=\"text-align: center;\"><em>37-kerroksinen Chancellor<\/em><\/p>\n<p style=\"text-align: center;\"><a href=\"\/blog\/wp-content\/uploads\/2013\/the_met_havainnekuva.jpg\"><img decoding=\"async\" style=\"border: 0px none; margin: 5px;\" src=\"\/blog\/wp-content\/uploads\/2013\/the_met_havainnekuva.jpg\" alt=\"\" \/><\/a><\/p>\n<p style=\"text-align: center;\"><em>Tien toiselle puolelle valmistuva The MET<br \/>\n<\/em><\/p>\n<p style=\"text-align: justify;\">Alueella on siis k\u00e4ynniss\u00e4 <a title=\"Kilpailu korkeimmasta pilvenpiirt\u00e4j\u00e4st\u00e4\" href=\"https:\/\/www.vuosiamaailmalla.fi\/?p=11013\">korkeita torniprojekteja<\/a> saman verran kuin <a title=\"Turistina Helsingiss\u00e4\" href=\"https:\/\/www.vuosiamaailmalla.fi\/?p=10528\">Helsingin<\/a> visioissa on rakentaa seuraavan parinkymmenen vuoden aikana. Eiv\u00e4tk\u00e4 suunnitelmat edes p\u00e4\u00e4ty t\u00e4h\u00e4n, sill\u00e4 vastik\u00e4\u00e4n julkistettiin alustavia tietoja uudesta per\u00e4ti <strong>miljardin<\/strong> dollarin megaprojektista <em>Kingswayn<\/em> varteen. \u2757 Siin\u00e4 nykyisille parkkipaikoille voisi nousta jopa <strong>seitsem\u00e4n<\/strong> uutta pilvenpiirt\u00e4j\u00e4\u00e4, lis\u00e4ten entisest\u00e4\u00e4n Metrotownin jo nykyisin hulppeaan silhuettiin.<\/p>\n<p style=\"text-align: center;\"><a href=\"\/blog\/wp-content\/uploads\/2013\/metrotown_panoraama1.jpg\"><img decoding=\"async\" style=\"border: 0px none; margin: 5px;\" src=\"\/blog\/wp-content\/uploads\/2013\/metrotown_panoraama1_pieni.jpg\" alt=\"\" \/><\/a><br \/>\n<a href=\"\/blog\/wp-content\/uploads\/2013\/metrotown_panoraama2.jpg\"><img decoding=\"async\" style=\"border: 0px none; margin: 5px;\" src=\"\/blog\/wp-content\/uploads\/2013\/metrotown_panoraama2_pieni.jpg\" alt=\"\" \/><\/a><\/p>\n<p style=\"text-align: center;\"><em>Metrotownin huikea silhuetti elokuussa 2013<\/em><\/p>\n<p style=\"text-align: justify;\">Vaikka Metrotown osoittaakin eritt\u00e4in positiivisia kehittymisen merkkej\u00e4, ei se tule kuitenkaan uhmaamaan Vancouverin Downtownia metropolialueen merkitt\u00e4vimp\u00e4n\u00e4 keskustana. Kuitenkin Metrotownista sek\u00e4 monista alueen muista kaupunkikeskustoista rakentuu jatkuvasti osa yh\u00e4 ehe\u00e4mp\u00e4\u00e4 metropoliverkostoa, joka tukeutuu vahvasti raideliikenteeseen. T\u00e4m\u00e4n vuoksi Metrotownin kehittyminen onkin pelk\u00e4st\u00e4\u00e4n positiivinen asia, sen hajauttaessa ainakin pienesti liikennett\u00e4 t\u00e4ll\u00e4 <a title=\"Kasvava Kanada\" href=\"https:\/\/www.vuosiamaailmalla.fi\/?p=219\">voimakkaasti kasvavalla<\/a> metropolialueella. \ud83d\udca1<\/p>\n","protected":false},"excerpt":{"rendered":"<p>Noin Tampereen kokoinen 223 000 asukkaan Burnaby on Vancouverin it\u00e4inen naapuri ja yksi metropolialueen esikaupungeista. Sijainti Vancouverin kyljess\u00e4 on tehnyt Burnabyst\u00e4 liikenteellisesti houkuttelevan asuinalueen, sill\u00e4 kaupunkia halkoo kaksi kaikkiaan kolmesta nykyisest\u00e4 Skytrain-linjasta. My\u00f6s rakenteilla oleva nelj\u00e4s Evergreen Line nimell\u00e4 tunnettu linja tulee valmistuttuaan kulkemaan kaupungin kautta. Burnaby on sangen hajautunut kaupunki, eik\u00e4 sill\u00e4 ole vain &hellip; <a href=\"https:\/\/www.vuosiamaailmalla.fi\/blog\/2013\/korkeuksiin-kurkottava-metrotown\/\" class=\"more-link\">Jatka lukemista<span class=\"screen-reader-text\"> &#8221;Korkeuksiin kurkottava Metrotown&#8221;<\/span><\/a><\/p>\n","protected":false},"author":1,"featured_media":8787,"comment_status":"open","ping_status":"open","sticky":false,"template":"","format":"standard","meta":{"_jetpack_memberships_contains_paid_content":false,"footnotes":""},"categories":[17,3],"tags":[229,77,589,78,935,591,301,590,592,939,442],"class_list":["post-2242","post","type-post","status-publish","format-standard","has-post-thumbnail","hentry","category-arki-kanadassa","category-arki-ulkomailla","tag-arkkitehtuuri","tag-burnaby","tag-burnaby-brentwood","tag-burnaby-metrotown","tag-kanada","tag-metroplace","tag-rakennustyomaa","tag-sovereign","tag-station-square","tag-vancouver","tag-visioita"],"jetpack_featured_media_url":"https:\/\/www.vuosiamaailmalla.fi\/blog\/wp-content\/uploads\/station_square_havainnekuva_banner.jpg","jetpack_sharing_enabled":true,"_links":{"self":[{"href":"https:\/\/www.vuosiamaailmalla.fi\/blog\/wp-json\/wp\/v2\/posts\/2242","targetHints":{"allow":["GET"]}}],"collection":[{"href":"https:\/\/www.vuosiamaailmalla.fi\/blog\/wp-json\/wp\/v2\/posts"}],"about":[{"href":"https:\/\/www.vuosiamaailmalla.fi\/blog\/wp-json\/wp\/v2\/types\/post"}],"author":[{"embeddable":true,"href":"https:\/\/www.vuosiamaailmalla.fi\/blog\/wp-json\/wp\/v2\/users\/1"}],"replies":[{"embeddable":true,"href":"https:\/\/www.vuosiamaailmalla.fi\/blog\/wp-json\/wp\/v2\/comments?post=2242"}],"version-history":[{"count":0,"href":"https:\/\/www.vuosiamaailmalla.fi\/blog\/wp-json\/wp\/v2\/posts\/2242\/revisions"}],"wp:featuredmedia":[{"embeddable":true,"href":"https:\/\/www.vuosiamaailmalla.fi\/blog\/wp-json\/wp\/v2\/media\/8787"}],"wp:attachment":[{"href":"https:\/\/www.vuosiamaailmalla.fi\/blog\/wp-json\/wp\/v2\/media?parent=2242"}],"wp:term":[{"taxonomy":"category","embeddable":true,"href":"https:\/\/www.vuosiamaailmalla.fi\/blog\/wp-json\/wp\/v2\/categories?post=2242"},{"taxonomy":"post_tag","embeddable":true,"href":"https:\/\/www.vuosiamaailmalla.fi\/blog\/wp-json\/wp\/v2\/tags?post=2242"}],"curies":[{"name":"wp","href":"https:\/\/api.w.org\/{rel}","templated":true}]}}