{"id":2262,"date":"2013-08-21T19:17:06","date_gmt":"2013-08-22T02:17:06","guid":{"rendered":"http:\/\/13.53.127.146\/?p=2262"},"modified":"2014-02-24T18:59:40","modified_gmt":"2014-02-25T02:59:40","slug":"olympialaiset-sotsista-vancouveriin","status":"publish","type":"post","link":"https:\/\/www.vuosiamaailmalla.fi\/blog\/2013\/olympialaiset-sotsista-vancouveriin\/","title":{"rendered":"Olympialaiset Sot\u0161ista Vancouveriin?"},"content":{"rendered":"<p style=\"text-align: justify;\">Mediassa on viime viikkoina kohuttu Ven\u00e4j\u00e4ll\u00e4 hein\u00e4kuussa voimaan tulleesta uudesta laista, joka kielt\u00e4\u00e4 ei-perinteisten seksisuhteiden propagoinnin eli homoudesta tai transsukupuolisuudesta puhumisen alaik\u00e4isille. Erilaisia protesteja on esiintynyt sittemmin varsinkin monien urheilutapahtumien yhteydess\u00e4 ja nyt my\u00f6s reilun puolen vuoden p\u00e4\u00e4ss\u00e4 h\u00e4\u00e4m\u00f6tt\u00e4v\u00e4t Sot\u0161in talviolympialaiset ovat joutuneet kohun keskelle.<\/p>\n<p><!--more--><\/p>\n<p style=\"text-align: justify;\">Sot\u0161in kyvyst\u00e4 j\u00e4rjest\u00e4\u00e4 historian kalleimmat talviolympialaiset on puhuttu jo pitk\u00e4\u00e4n. Rakennusty\u00f6t ovat laahanneet pahasti aikataulusta j\u00e4ljess\u00e4 ja Ven\u00e4j\u00e4ll\u00e4 kaikkialle ulottuva korruptio on pursuttanut hintalapun jo 7,4 miljardiin euroon. Silti kukaan ei viel\u00e4 tied\u00e4, valmistuvatko kisapaikat helmikuun alun avajaisiin menness\u00e4. Viimeisin &#8221;takaisku&#8221; on my\u00f6s uutta lakia protestoivien tahojen tekem\u00e4 vetoomus Sot\u0161in talviolympialaisten siirt\u00e4misest\u00e4 edelliseen j\u00e4rjest\u00e4j\u00e4kaupunkiin, joka oli vuonna 2010 Vancouver. Netiss\u00e4 olevan <a href=\"http:\/\/www.change.org\/en-GB\/petitions\/international-olympic-committee-ioc-strip-sochi-of-the-2014-winter-games\">vetoomuksen<\/a> on allekirjoittanut jo 167 000 ihmist\u00e4, joukossa monia kuuluisuuksuia, kuten esimerkiksi n\u00e4yttelij\u00e4t Stephen Fry ja George Takei.<\/p>\n<p style=\"text-align: justify;\">Ajatus olympialaisten siirrosta ei ole aivan tavaton, sill\u00e4 esimerkiksi toisen maailmansodan vuosille osuneet olympialaiset olivat alunperin siirtym\u00e4ss\u00e4 sodan kourissa olevista maista toisaalle, p\u00e4\u00e4tyen kuitenkin kisojen peruuttamiseen kokonaan. Mutta vaikka siirto onkin teknisesti mahdollista, on kuitenkin mahdoton ajatus, ett\u00e4 Sot\u0161in j\u00e4ttikalliit talviolympialaiset siirtyisiv\u00e4t minnek\u00e4\u00e4n, varsinkaan n\u00e4in valmisteluiden viime metreill\u00e4. Vancouverissa olisi toki kaikki suorituspaikat valmiina nelj\u00e4n vuoden takaa, mutta j\u00e4rjestelyihin kuluisi silti reippaasti aikaa, mink\u00e4 lis\u00e4ksi sille pit\u00e4isi nopeasti l\u00f6yt\u00e4\u00e4 jostain satoja miljoonia dollareita.<\/p>\n<p style=\"text-align: justify;\">Kyseess\u00e4 onkin t\u00e4ten l\u00e4hinn\u00e4 vain kantaa ottavasta protestista nyky-Ven\u00e4j\u00e4n osoittamalle politiikalle, mik\u00e4 on kaukana suvaitsevaisesta Kanadasta. Vancouverin talviolympialaisia on sanottu j\u00e4lkik\u00e4teen yhdeksi kaikkien aikojen onnistuneimmista ja kisatunnelmaltaan parhaaksi, mik\u00e4 kyll\u00e4 v\u00e4littyy tapahtumasta taltioiduista videoista ja valokuvista. On todella harmi, ettemme viel\u00e4 asuneet Vancouverissa olympialaisten aikaan, sill\u00e4 meille kerrotun mukaan kyseess\u00e4 oli upeasta tapahtumasta, joka tuskin toisuu <a title=\"Olympiatuli syttyi Vancouveriin\" href=\"https:\/\/www.vuosiamaailmalla.fi\/?p=2731\">elinaikanamme<\/a>. \ud83d\ude42<\/p>\n<p style=\"text-align: center;\"><iframe loading=\"lazy\" src=\"https:\/\/player.vimeo.com\/video\/9526954?title=0&amp;byline=0&amp;portrait=0\" frameborder=\"0\" width=\"500\" height=\"281\"><\/iframe><\/p>\n<p style=\"text-align: center;\"><em>2010 talviolympialaisten avajaisvideo<\/em><\/p>\n<p style=\"text-align: center;\"><iframe loading=\"lazy\" src=\"https:\/\/player.vimeo.com\/video\/40191590\" frameborder=\"0\" width=\"500\" height=\"281\"><\/iframe><\/p>\n<p style=\"text-align: center;\"><em>Kisojen n\u00e4ytt\u00e4v\u00e4t avajaiset<\/em><\/p>\n<p style=\"text-align: center;\"><iframe loading=\"lazy\" src=\"\/\/www.youtube-nocookie.com\/embed\/nHCuvHYAIFI?rel=0\" frameborder=\"0\" width=\"560\" height=\"315\"><\/iframe><\/p>\n<p style=\"text-align: center;\"><em>Tunnelmaa Vancouverissa olympialaisten aikaan<\/em><\/p>\n","protected":false},"excerpt":{"rendered":"<p>Mediassa on viime viikkoina kohuttu Ven\u00e4j\u00e4ll\u00e4 hein\u00e4kuussa voimaan tulleesta uudesta laista, joka kielt\u00e4\u00e4 ei-perinteisten seksisuhteiden propagoinnin eli homoudesta tai transsukupuolisuudesta puhumisen alaik\u00e4isille. Erilaisia protesteja on esiintynyt sittemmin varsinkin monien urheilutapahtumien yhteydess\u00e4 ja nyt my\u00f6s reilun puolen vuoden p\u00e4\u00e4ss\u00e4 h\u00e4\u00e4m\u00f6tt\u00e4v\u00e4t Sot\u0161in talviolympialaiset ovat joutuneet kohun keskelle.<\/p>\n","protected":false},"author":1,"featured_media":0,"comment_status":"open","ping_status":"open","sticky":false,"template":"","format":"standard","meta":{"_jetpack_memberships_contains_paid_content":false,"footnotes":""},"categories":[17,3],"tags":[25,935,593,203,939,216],"class_list":["post-2262","post","type-post","status-publish","format-standard","hentry","category-arki-kanadassa","category-arki-ulkomailla","tag-ajankohtaista","tag-kanada","tag-sotsi","tag-talviolympialaiset","tag-vancouver","tag-venaja"],"jetpack_featured_media_url":"","jetpack_sharing_enabled":true,"_links":{"self":[{"href":"https:\/\/www.vuosiamaailmalla.fi\/blog\/wp-json\/wp\/v2\/posts\/2262","targetHints":{"allow":["GET"]}}],"collection":[{"href":"https:\/\/www.vuosiamaailmalla.fi\/blog\/wp-json\/wp\/v2\/posts"}],"about":[{"href":"https:\/\/www.vuosiamaailmalla.fi\/blog\/wp-json\/wp\/v2\/types\/post"}],"author":[{"embeddable":true,"href":"https:\/\/www.vuosiamaailmalla.fi\/blog\/wp-json\/wp\/v2\/users\/1"}],"replies":[{"embeddable":true,"href":"https:\/\/www.vuosiamaailmalla.fi\/blog\/wp-json\/wp\/v2\/comments?post=2262"}],"version-history":[{"count":0,"href":"https:\/\/www.vuosiamaailmalla.fi\/blog\/wp-json\/wp\/v2\/posts\/2262\/revisions"}],"wp:attachment":[{"href":"https:\/\/www.vuosiamaailmalla.fi\/blog\/wp-json\/wp\/v2\/media?parent=2262"}],"wp:term":[{"taxonomy":"category","embeddable":true,"href":"https:\/\/www.vuosiamaailmalla.fi\/blog\/wp-json\/wp\/v2\/categories?post=2262"},{"taxonomy":"post_tag","embeddable":true,"href":"https:\/\/www.vuosiamaailmalla.fi\/blog\/wp-json\/wp\/v2\/tags?post=2262"}],"curies":[{"name":"wp","href":"https:\/\/api.w.org\/{rel}","templated":true}]}}