{"id":2266,"date":"2013-08-22T17:03:06","date_gmt":"2013-08-23T00:03:06","guid":{"rendered":"http:\/\/13.53.127.146\/?p=2266"},"modified":"2025-12-31T11:41:11","modified_gmt":"2025-12-31T19:41:11","slug":"yksin-kotona","status":"publish","type":"post","link":"https:\/\/www.vuosiamaailmalla.fi\/blog\/2013\/yksin-kotona\/","title":{"rendered":"Yksin kotona"},"content":{"rendered":"<p style=\"text-align: justify;\">Niina on ollut t\u00e4m\u00e4n viikon <a title=\"Taivaisiin kasvanut Toronto\" href=\"https:\/\/www.vuosiamaailmalla.fi\/blog\/2014\/taivaisiin-kohonnut-toronto\/\">ty\u00f6matkalla Torontossa<\/a>, joten viikko on kulunut yksin kotosalla. Liek\u00f6 siit\u00e4 johtuvaa, ett\u00e4 minulla on ollut iltaisin hieman aikaa kirjoitella hieman t\u00e4nne blogin puolellekin? Oikeammin syy viime aikojen hiljaiseen p\u00e4ivitystahtiin on ollut kuitenkin kaunis kes\u00e4, joka ei ole inspiroinut istumaan koneella en\u00e4\u00e4 t\u00f6iden j\u00e4lkeen.<\/p>\n<p style=\"text-align: justify;\">Kelit ovat olleet viime viikot kes\u00e4isi\u00e4, mutta vett\u00e4kin on saatu hieman sitten <a title=\"Tipaton hein\u00e4kuu\" href=\"https:\/\/www.vuosiamaailmalla.fi\/blog\/2013\/tipaton-heinakuu\/\">rutikuivan hein\u00e4kuun<\/a>. \u00c4\u00e4rimm\u00e4inen mets\u00e4- ja maastopalovaroitus on kuitenkin edelleen voimassa melkein kaikkialla ja avotulen kanssa on oltava eritt\u00e4in varovainen. En ole kuitenkaan lukenut mist\u00e4\u00e4n suuremmista tulipaloista t\u00e4\u00e4ll\u00e4 Kanadan puolella, mutta USA:n puolella ainakin <a title=\"Automatka Idahon halki\" href=\"https:\/\/www.vuosiamaailmalla.fi\/blog\/2013\/automatka-halki-idahon\/\">Idahossa<\/a> on ollut laajoja maastopaloja viime viikkoina. Pit\u00e4\u00e4p\u00e4 katsoa, josko n\u00e4ist\u00e4 on n\u00e4ht\u00e4viss\u00e4 j\u00e4lki\u00e4 ensi viikolla, kun suuntaamme sinne suunnalle t\u00e4m\u00e4n vuoden <a title=\"Lomamatkalla kohti Yellowstonea\" href=\"https:\/\/www.vuosiamaailmalla.fi\/blog\/2013\/2284\/\">kes\u00e4lomareissullamme<\/a>.<\/p>\n<p style=\"text-align: justify;\">Kuluva viikko on ollut arkinen, mit\u00e4 nyt t\u00e4n\u00e4\u00e4n oli toimistolla yhteistapahtuma, joka vei meid\u00e4t iltap\u00e4iv\u00e4st\u00e4 ulos ja Vancouverin soutuklubin terassille tuossa Stanley Parkin kulmille. Siell\u00e4 grilliruokaa sy\u00f6dess\u00e4 ja auringosta nauttien menikin koko iltap\u00e4iv\u00e4 normaalia toimistossa pakertamista rennommissa merkeiss\u00e4.<\/p>\n","protected":false},"excerpt":{"rendered":"<p>Niina on ollut t\u00e4m\u00e4n viikon ty\u00f6matkalla Torontossa, joten viikko on kulunut yksin kotosalla. Liek\u00f6 siit\u00e4 johtuvaa, ett\u00e4 minulla on ollut iltaisin hieman aikaa kirjoitella hieman t\u00e4nne blogin puolellekin? Oikeammin syy viime aikojen hiljaiseen p\u00e4ivitystahtiin on ollut kuitenkin kaunis kes\u00e4, joka ei ole inspiroinut istumaan koneella en\u00e4\u00e4 t\u00f6iden j\u00e4lkeen. Kelit ovat olleet viime viikot kes\u00e4isi\u00e4, mutta &hellip; <a href=\"https:\/\/www.vuosiamaailmalla.fi\/blog\/2013\/yksin-kotona\/\" class=\"more-link\">Jatka lukemista<span class=\"screen-reader-text\"> &#8221;Yksin kotona&#8221;<\/span><\/a><\/p>\n","protected":false},"author":1,"featured_media":0,"comment_status":"open","ping_status":"open","sticky":false,"template":"","format":"standard","meta":{"_jetpack_memberships_contains_paid_content":false,"footnotes":""},"categories":[17,3],"tags":[34,935,159,270,939],"class_list":["post-2266","post","type-post","status-publish","format-standard","hentry","category-arki-kanadassa","category-arki-ulkomailla","tag-arki","tag-kanada","tag-kesa","tag-saa","tag-vancouver"],"jetpack_featured_media_url":"","jetpack_sharing_enabled":true,"_links":{"self":[{"href":"https:\/\/www.vuosiamaailmalla.fi\/blog\/wp-json\/wp\/v2\/posts\/2266","targetHints":{"allow":["GET"]}}],"collection":[{"href":"https:\/\/www.vuosiamaailmalla.fi\/blog\/wp-json\/wp\/v2\/posts"}],"about":[{"href":"https:\/\/www.vuosiamaailmalla.fi\/blog\/wp-json\/wp\/v2\/types\/post"}],"author":[{"embeddable":true,"href":"https:\/\/www.vuosiamaailmalla.fi\/blog\/wp-json\/wp\/v2\/users\/1"}],"replies":[{"embeddable":true,"href":"https:\/\/www.vuosiamaailmalla.fi\/blog\/wp-json\/wp\/v2\/comments?post=2266"}],"version-history":[{"count":2,"href":"https:\/\/www.vuosiamaailmalla.fi\/blog\/wp-json\/wp\/v2\/posts\/2266\/revisions"}],"predecessor-version":[{"id":14184,"href":"https:\/\/www.vuosiamaailmalla.fi\/blog\/wp-json\/wp\/v2\/posts\/2266\/revisions\/14184"}],"wp:attachment":[{"href":"https:\/\/www.vuosiamaailmalla.fi\/blog\/wp-json\/wp\/v2\/media?parent=2266"}],"wp:term":[{"taxonomy":"category","embeddable":true,"href":"https:\/\/www.vuosiamaailmalla.fi\/blog\/wp-json\/wp\/v2\/categories?post=2266"},{"taxonomy":"post_tag","embeddable":true,"href":"https:\/\/www.vuosiamaailmalla.fi\/blog\/wp-json\/wp\/v2\/tags?post=2266"}],"curies":[{"name":"wp","href":"https:\/\/api.w.org\/{rel}","templated":true}]}}