{"id":2270,"date":"2013-08-24T17:42:52","date_gmt":"2013-08-25T00:42:52","guid":{"rendered":"http:\/\/13.53.127.146\/?p=2270"},"modified":"2020-03-02T18:47:02","modified_gmt":"2020-03-03T02:47:02","slug":"lantisen-maailman-suurin-pilvenpiirtajabuumi","status":"publish","type":"post","link":"https:\/\/www.vuosiamaailmalla.fi\/blog\/2013\/lantisen-maailman-suurin-pilvenpiirtajabuumi\/","title":{"rendered":"L\u00e4ntisen maailman suurin pilvenpiirt\u00e4j\u00e4buumi"},"content":{"rendered":"<p style=\"text-align: justify;\">Kanadalla menee t\u00e4ll\u00e4 hetkell\u00e4 lujaa ja <a title=\"34 miljoonaa kanadalaista\" href=\"https:\/\/www.vuosiamaailmalla.fi\/?p=1525\">maan v\u00e4est\u00f6<\/a> sek\u00e4 kaupungit kasvavat maahanmuuton toimesta kohisten. T\u00e4\u00e4ll\u00e4 L\u00e4nsi-Kanadassa talous on it\u00e4\u00e4 paremmalla tolalla ja <a title=\"Kanadan ty\u00f6tt\u00f6myyslukuja\" href=\"https:\/\/www.vuosiamaailmalla.fi\/?p=2076\">ty\u00f6tt\u00f6myys<\/a> maan alhaisinta, mik\u00e4 n\u00e4kyy esimerkiksi suuressa m\u00e4\u00e4r\u00e4ss\u00e4 rakennusprojekteja niin\u00a0<a title=\"Granville Bridgen seudun tulevaisuus\" href=\"https:\/\/www.vuosiamaailmalla.fi\/?p=1300\">keskuskaupungeissa<\/a> kuin my\u00f6s\u00a0<a title=\"Korkeuksiin kurkottava Metrotown\" href=\"https:\/\/www.vuosiamaailmalla.fi\/?p=2242\">metropolialueilla<\/a>. Vaikka suomalaisesta Vancouverin kasvuvauhti ja rakennusprojektien m\u00e4\u00e4r\u00e4 onkin p\u00e4\u00e4t\u00e4 huimaavaa, ei se ole kuitenkaan mit\u00e4\u00e4n verrattuna it\u00e4rannikon j\u00e4ttil\u00e4iseen. \ud83d\udca1<\/p>\n<p><!--more--><\/p>\n<p style=\"text-align: justify;\">2,8 miljoonan asukkaan Toronto on Kanadan suurin ja koko Pohjois-Amerikan nelj\u00e4nneksi suurin kaupunki heti Mexico Cityn, <a title=\"Kes\u00e4lomalla New Yorkissa\" href=\"https:\/\/www.vuosiamaailmalla.fi\/?p=9567\">New Yorkin<\/a> ja Los Angelesin j\u00e4lkeen. Kaupunki ohitti t\u00e4n\u00e4 vuonna listan pitk\u00e4aikaisen nelosen, Chicagon, mist\u00e4 uutisoitiin paikallisessa ja rajantakaisessa mediassa laajasti. Kun huomioon otetaan koko metropolialue, nousee Toronton luku v\u00e4kiluku 6 miljoonan ylitse. T\u00e4ll\u00f6in kuitenkin Chicago sek\u00e4 muutama muukin jenkkikaupunki kiilaavat uudelleen ohitse, mutta noin 4.5% vuosittainen <a title=\"Kasvava Kanada\" href=\"https:\/\/www.vuosiamaailmalla.fi\/?p=219\">v\u00e4est\u00f6nkasvu<\/a> takaa sen, ett\u00e4 Toronto tavoittaa tulevaisuudessakin monia edell\u00e4\u00e4n olevia kaupunkeja.<\/p>\n<p style=\"text-align: justify;\">Kovat kasvulukemat tarkoittavat my\u00f6s, ett\u00e4 Toronton kaupunkikuva muuttuu vauhdilla. Kun Amerikassa ihmiset muuttavat yh\u00e4 edelleen moottoriteiden ja autojen varassa oleviin esikaupunkeihin, on Kanadassa keskusta-asuminen kokenut 90-luvun j\u00e4lkeen todellisen renessanssin. Niinp\u00e4 keskustoihin nousee asuinpilvenpiirt\u00e4ji\u00e4 kuin sieni\u00e4 sateella, mik\u00e4 ei ole liioittelua Toronton kohdalla, sill\u00e4 kaupungissa on menossa koko l\u00e4ntisen maailman suurin pilvenpiirt\u00e4j\u00e4buumi.<\/p>\n<p style=\"text-align: center;\"><a href=\"\/blog\/wp-content\/uploads\/2013\/toronto_2004.jpg\"><img decoding=\"async\" style=\"border: 0px none; margin: 5px;\" src=\"\/blog\/wp-content\/uploads\/2013\/toronto_2004_pieni.jpg\" alt=\"\" \/><\/a><br \/>\n<a href=\"\/blog\/wp-content\/uploads\/2013\/toronto_2020.jpg\"><img decoding=\"async\" style=\"border: 0px none; margin: 5px;\" src=\"\/blog\/wp-content\/uploads\/2013\/toronto_2020_pieni.jpg\" alt=\"\" \/><\/a><\/p>\n<p style=\"text-align: center;\"><em>Suurkaupungin silhuetti vuonna 2004 sek\u00e4 vuonna 2020<\/em><\/p>\n<p style=\"text-align: justify;\">Pelk\u00e4st\u00e4\u00e4n Torontossa (ei siis metropolialueella) on t\u00e4ll\u00e4 hetkell\u00e4 rakenteilla 71 yli satametrist\u00e4 tornitaloa, joista seitsem\u00e4n ylt\u00e4\u00e4 yli 200 metriin. Hankeasteella on huikeat 135 tornia, joista kahdensadan metrin kerhoon kurkottaisi per\u00e4ti 25. Kummatkin lukemat yli tuplaavat kaupungin korkeiden rakennusten m\u00e4\u00e4r\u00e4n ja kaikki t\u00e4m\u00e4 on tapahtumassa vain noin 20 vuodessa. \ud83d\ude2f Alla olevat havainnekuvat Torontosta vuonna 2004 ja noin vuonna 2020 kertovat millaisesta kaupunkikuvan muutoksesta on kyse. Tilanne ei eroa paljoakaan Kiinan kaupunkien r\u00e4j\u00e4hdysm\u00e4isest\u00e4 kasvusta.<\/p>\n<p style=\"text-align: justify;\">Edellisess\u00e4 lauseessa tulikin mainittua se maaginen sana: Kiina. Aasialainen raha on pitk\u00e4lti Torontonkin rakennusbuumin takana ja erityisen paljon asuntoja ostavat juuri kiinalaiset. Tilanne on sama Vancouverissakin, mik\u00e4 ei ole ihme sill\u00e4 sek\u00e4 Toronto ja Vancouver ovat maailman monikulttuurisimpia kaupunkeja; molempien kaupunkien asukkaista noin <strong>puolet<\/strong> on syntynyt Kanadan ulkopuolella. \ud83d\ude2f Lukema on huikea verrattuna Suomen 3,4% keskiarvoon (<a title=\"Turistina Helsingiss\u00e4\" href=\"https:\/\/www.vuosiamaailmalla.fi\/?p=10528\">Helsinki<\/a> noin 11%). Taakse j\u00e4\u00e4 my\u00f6s New York, jonka lukema on 37%.<\/p>\n<p style=\"text-align: justify;\">Kuten <a title=\"Yksin kotona\" href=\"https:\/\/www.vuosiamaailmalla.fi\/?p=2266\">viime viestiss\u00e4ni<\/a> kerroin, vietti Niina viime viikon ty\u00f6matkalla Torontossa. Vaikka h\u00e4n noteerasikin kaupungin tuntuvan huomattavasti Vancouveria suuremmalta, ei h\u00e4n kuitenkaan pit\u00e4nyt n\u00e4kem\u00e4st\u00e4\u00e4n. Keskusta ei ollut h\u00e4nest\u00e4 yht\u00e4 vihre\u00e4 ja ihmisl\u00e4heinen kuin Vancouverissa ja taustalta puuttuivat tietysti mahtavat vuoret. Itse muistan, ett\u00e4 tykk\u00e4sin kyll\u00e4 Torontosta nelj\u00e4n vuoden takaisella reissullamme, mutta min\u00e4 nyt saankin <em>kicksej\u00e4<\/em> korkeista rakennuksista. Olen silti samaa mielt\u00e4, ettei Toronto ole Vancouver (ja toisin p\u00e4in), enk\u00e4 vaihtaisi l\u00e4nsirannikon metropolia it\u00e4rannikon suurkaupunkiin ihan herk\u00e4sti.<\/p>\n<p style=\"text-align: justify;\">Vaikka Toronto ei meit\u00e4 houkuttelekaan, on silti mahdotonta kiist\u00e4\u00e4 etteik\u00f6 kaupungin kokema buumi ole huikea ja sen j\u00e4ljilt\u00e4 vuoden 2020 Toronto voi n\u00e4ytt\u00e4\u00e4 jotakuinkin alla t\u00e4lt\u00e4. \ud83d\ude2f<\/p>\n<p style=\"text-align: center;\"><a href=\"\/blog\/wp-content\/uploads\/2013\/tulevaisuuden_toronto.jpg\"><img decoding=\"async\" style=\"border: 0px none; margin: 5px;\" src=\"\/blog\/wp-content\/uploads\/2013\/tulevaisuuden_toronto_pieni.jpg\" alt=\"\" \/><\/a><\/p>\n<p style=\"text-align: center;\"><em>Toronto ehk\u00e4 noin 10 vuoden p\u00e4\u00e4st\u00e4<\/em><\/p>\n","protected":false},"excerpt":{"rendered":"<p>Kanadalla menee t\u00e4ll\u00e4 hetkell\u00e4 lujaa ja maan v\u00e4est\u00f6 sek\u00e4 kaupungit kasvavat maahanmuuton toimesta kohisten. T\u00e4\u00e4ll\u00e4 L\u00e4nsi-Kanadassa talous on it\u00e4\u00e4 paremmalla tolalla ja ty\u00f6tt\u00f6myys maan alhaisinta, mik\u00e4 n\u00e4kyy esimerkiksi suuressa m\u00e4\u00e4r\u00e4ss\u00e4 rakennusprojekteja niin\u00a0keskuskaupungeissa kuin my\u00f6s\u00a0metropolialueilla. Vaikka suomalaisesta Vancouverin kasvuvauhti ja rakennusprojektien m\u00e4\u00e4r\u00e4 onkin p\u00e4\u00e4t\u00e4 huimaavaa, ei se ole kuitenkaan mit\u00e4\u00e4n verrattuna it\u00e4rannikon j\u00e4ttil\u00e4iseen. \ud83d\udca1<\/p>\n","protected":false},"author":1,"featured_media":9036,"comment_status":"open","ping_status":"open","sticky":false,"template":"","format":"standard","meta":{"_jetpack_memberships_contains_paid_content":false,"footnotes":""},"categories":[17,3,4],"tags":[25,34,229,935,301,491,937,939,442],"class_list":["post-2270","post","type-post","status-publish","format-standard","has-post-thumbnail","hentry","category-arki-kanadassa","category-arki-ulkomailla","category-asuminen-kanadassa","tag-ajankohtaista","tag-arki","tag-arkkitehtuuri","tag-kanada","tag-rakennustyomaa","tag-talous","tag-toronto","tag-vancouver","tag-visioita"],"jetpack_featured_media_url":"https:\/\/www.vuosiamaailmalla.fi\/blog\/wp-content\/uploads\/toronto_2020_banner.jpg","jetpack_sharing_enabled":true,"_links":{"self":[{"href":"https:\/\/www.vuosiamaailmalla.fi\/blog\/wp-json\/wp\/v2\/posts\/2270","targetHints":{"allow":["GET"]}}],"collection":[{"href":"https:\/\/www.vuosiamaailmalla.fi\/blog\/wp-json\/wp\/v2\/posts"}],"about":[{"href":"https:\/\/www.vuosiamaailmalla.fi\/blog\/wp-json\/wp\/v2\/types\/post"}],"author":[{"embeddable":true,"href":"https:\/\/www.vuosiamaailmalla.fi\/blog\/wp-json\/wp\/v2\/users\/1"}],"replies":[{"embeddable":true,"href":"https:\/\/www.vuosiamaailmalla.fi\/blog\/wp-json\/wp\/v2\/comments?post=2270"}],"version-history":[{"count":0,"href":"https:\/\/www.vuosiamaailmalla.fi\/blog\/wp-json\/wp\/v2\/posts\/2270\/revisions"}],"wp:featuredmedia":[{"embeddable":true,"href":"https:\/\/www.vuosiamaailmalla.fi\/blog\/wp-json\/wp\/v2\/media\/9036"}],"wp:attachment":[{"href":"https:\/\/www.vuosiamaailmalla.fi\/blog\/wp-json\/wp\/v2\/media?parent=2270"}],"wp:term":[{"taxonomy":"category","embeddable":true,"href":"https:\/\/www.vuosiamaailmalla.fi\/blog\/wp-json\/wp\/v2\/categories?post=2270"},{"taxonomy":"post_tag","embeddable":true,"href":"https:\/\/www.vuosiamaailmalla.fi\/blog\/wp-json\/wp\/v2\/tags?post=2270"}],"curies":[{"name":"wp","href":"https:\/\/api.w.org\/{rel}","templated":true}]}}