{"id":2276,"date":"2013-08-25T15:57:48","date_gmt":"2013-08-25T22:57:48","guid":{"rendered":"http:\/\/13.53.127.146\/?p=2276"},"modified":"2021-01-02T10:26:40","modified_gmt":"2021-01-02T18:26:40","slug":"kesan-viimeiset-vieraat","status":"publish","type":"post","link":"https:\/\/www.vuosiamaailmalla.fi\/blog\/2013\/kesan-viimeiset-vieraat\/","title":{"rendered":"Kes\u00e4n viimeiset vieraat"},"content":{"rendered":"<p style=\"text-align: justify;\">Kulunut kes\u00e4 on ollut sangen vilkas, sill\u00e4 luonamme on k\u00e4ynyt yhteens\u00e4 kolmet vieraat. Ensimm\u00e4isen\u00e4 saapuivat toukokuun lopussa puolentoista viikon vierailulle <a title=\"Vieraita vanhalta mantereelta\" href=\"https:\/\/www.vuosiamaailmalla.fi\/?p=2118\">Niinan vanhemmat<\/a>, mit\u00e4 seurasi kuukautta my\u00f6hemmin omien vanhempieni kaksiviikkoinen vierailu luonamme. Vierailuputken p\u00e4\u00e4tti alkukuusta tuttavapariskuntamme, joka on <a title=\"Vieraita ja avoautolla It\u00e4meren rannikolla\" href=\"https:\/\/www.vuosiamaailmalla.fi\/?p=2412\">vieraillut<\/a> luonamme eri\u00a0asuinpaikoissamme s\u00e4\u00e4nn\u00f6llisin v\u00e4liajoin.<\/p>\n<p><!--more--><\/p>\n<p style=\"text-align: justify;\">Vieraat saapuivat luoksemme hein\u00e4kuun viimeisen\u00e4 p\u00e4iv\u00e4n\u00e4. Muista vieraista poiketen he tekiv\u00e4t matkallaan kahden y\u00f6n mittaisen &#8221;v\u00e4lilaskun&#8221; <a title=\"Kes\u00e4lomalla New Yorkissa\" href=\"https:\/\/www.vuosiamaailmalla.fi\/?p=9567\">New Yorkissa<\/a>, josta lensiv\u00e4t t\u00e4nne Vancouveriin keskiviikkona. Ensimm\u00e4inen ilta meni ihan vain asunnollemme asettautuessa ja vasta seuraavana p\u00e4iv\u00e4n\u00e4 vieraamme tutkivat Vancouverin keskustaa ty\u00f6p\u00e4iv\u00e4mme aikana. Illasta k\u00e4vimme porukasta kokeilemassa Yaletownissa <em>The Kegin<\/em> loistavat pihvit ja on kyll\u00e4 pakko sanoa, ett\u00e4 Kegin pihvit ovat ehdottomasti paikallisten ketjuravintoloiden parhaimmistoa.<\/p>\n<p style=\"text-align: justify;\">Perjantai oli minulla vapaap\u00e4iv\u00e4, joten p\u00e4\u00e4simme vieraidemme kanssa l\u00e4htem\u00e4\u00e4n autolla hieman kaupungin ulkopuolelle, katsomaan milt\u00e4 siell\u00e4 n\u00e4ytt\u00e4\u00e4. Ajelimme ensiksi Richmondin Stevestonin kalastajakyl\u00e4\u00e4n, josta jatkoimme matkaamme Tsawwasseniin ihmettelem\u00e4\u00e4n Point Robertsin rajaviivaa. Paluumatkalla kiersimme <a title=\"Yhden aikakauden p\u00e4\u00e4t\u00f6s ja uuden alku\" href=\"https:\/\/www.vuosiamaailmalla.fi\/?p=1567\">edellisen ty\u00f6paikkamme<\/a> kautta, ennen paluuta kaupunkiin, miss\u00e4 n\u00e4immekin t\u00f6ist\u00e4 p\u00e4\u00e4ssytt\u00e4 Niinaa.<\/p>\n<p style=\"text-align: justify;\">Lauantai valkeni osin pilvisen\u00e4 p\u00e4iv\u00e4n\u00e4, mik\u00e4 oli t\u00e4ydellist\u00e4, sill\u00e4 suuntasimme Lynn Valleyn alueelle tarkoituksenamme kiert\u00e4\u00e4 noin kahdeksan kilometrin mittainen <em>Two Canyon Loop<\/em>. Mek\u00e4\u00e4n emme olleet kiert\u00e4neet reitti\u00e4 aiemmin ja alkumatka osoittautuikin hieman tyls\u00e4ksi mets\u00e4tien seuraamiseksi. Vasta ensimm\u00e4isen kanjonin ylitetty\u00e4mme muuttui reitti kiintoisaksi mets\u00e4poluksi ja toisen kanjonin luona maasto muuttui odotuksiemme kaltaiseksi kumpuilevaksi mets\u00e4ksi.<\/p>\n<p style=\"text-align: center;\"><a href=\"\/blog\/wp-content\/uploads\/2013\/two_canyon_loop2.jpg\"><img decoding=\"async\" style=\"border: 0px none; margin: 5px;\" src=\"\/blog\/wp-content\/uploads\/2013\/thumbs\/thumbs_two_canyon_loop2.jpg\" alt=\"\" \/><\/a><a href=\"\/blog\/wp-content\/uploads\/2013\/two_canyon_loop3.jpg\"><img decoding=\"async\" style=\"border: 0px none; margin: 5px;\" src=\"\/blog\/wp-content\/uploads\/2013\/thumbs\/thumbs_two_canyon_loop3.jpg\" alt=\"\" \/><\/a><a href=\"\/blog\/wp-content\/uploads\/2013\/two_canyon_loop6.jpg\"><img decoding=\"async\" style=\"border: 0px none; margin: 5px;\" src=\"\/blog\/wp-content\/uploads\/2013\/thumbs\/thumbs_two_canyon_loop6.jpg\" alt=\"\" \/><\/a><br \/>\n<a href=\"\/blog\/wp-content\/uploads\/2013\/two_canyon_loop1.jpg\"><img decoding=\"async\" style=\"border: 0px none; margin: 5px;\" src=\"\/blog\/wp-content\/uploads\/2013\/thumbs\/thumbs_two_canyon_loop1.jpg\" alt=\"\" \/><\/a><a href=\"\/blog\/wp-content\/uploads\/2013\/two_canyon_loop4.jpg\"><img decoding=\"async\" style=\"border: 0px none; margin: 5px;\" src=\"\/blog\/wp-content\/uploads\/2013\/thumbs\/thumbs_two_canyon_loop4.jpg\" alt=\"\" \/><\/a><\/p>\n<p style=\"text-align: center;\"><em> Maisemia Two Canyon Loopilta<\/em><\/p>\n<p style=\"text-align: center;\"><a href=\"\/blog\/wp-content\/uploads\/2013\/mystinen_onkalo.jpg\"><img decoding=\"async\" style=\"border: 0px none; margin: 5px;\" src=\"\/blog\/wp-content\/uploads\/2013\/mystinen_onkalo.jpg\" alt=\"\" \/><\/a><\/p>\n<p style=\"text-align: center;\"><em>Mystinen onkalo matkan varrella<br \/>\n<\/em><\/p>\n<p style=\"text-align: justify;\">Reitin huipentuma on sangen lopussa sijaitseva riippusilta. Vuonna 1912 valmistuneella riippusillalla on mittaa 48 metri\u00e4 ja se ylitt\u00e4\u00e4 noin 50 metri\u00e4 alempana kohisevan <em>Lynn Creekin<\/em> kanjonin. Riippusilta on Vancouverin alueen toiseksi kookkain (hieman pidempi on maksullinen <em>Capilano Suspension Bridge<\/em>) ja ilmaisena se houkuttelee luokseen runsaasti turisteja suorittamaan lyhyen kanjonin ylityksen. Vanhempieni kanssa paikan p\u00e4\u00e4ll\u00e4 k\u00e4ydess\u00e4mme siell\u00e4 ei ollut alkuunkaan ruuhkaista, mutta n\u00e4in lauantaina silta oli tupaten t\u00e4ynn\u00e4 ihmisi\u00e4. Ruuhka oli hieman harmillista, mutta ei ollenkaan ihme, sill\u00e4 riippusilta on hauska vierailukohde ja siihen voi yhdist\u00e4\u00e4 my\u00f6s pienen noin kilometrin mittaisen sangen helppokulkuisen lenkin kanjonin rantaa pitkin.<\/p>\n<p style=\"text-align: center;\"><a href=\"\/blog\/wp-content\/uploads\/2013\/lynn_creekin_riippusilta1.jpg\"><img decoding=\"async\" style=\"border: 0px none; margin: 5px;\" src=\"\/blog\/wp-content\/uploads\/2013\/thumbs\/thumbs_lynn_creekin_riippusilta1.jpg\" alt=\"\" \/><\/a><a href=\"\/blog\/wp-content\/uploads\/2013\/lynn_creekin_riippusilta2.jpg\"><img decoding=\"async\" style=\"border: 0px none; margin: 5px;\" src=\"\/blog\/wp-content\/uploads\/2013\/thumbs\/thumbs_lynn_creekin_riippusilta2.jpg\" alt=\"\" \/><\/a><\/p>\n<p style=\"text-align: center;\"><em>Ruuhkaa riippusillalla<\/em><\/p>\n<p style=\"text-align: justify;\">Riippusillalta polku jatkuu takaisin kohti parkkipaikkaa. Matkalla sijaitsee hieman erikoinen uimaranta, jossa pienen hiekkas\u00e4rk\u00e4n kohdalla ihmiset saapuvat pulikoimaan kanjonin kirkkaassa vedess\u00e4. Vesi on todenn\u00e4k\u00f6isesti sangen kylm\u00e4\u00e4, mutta paikka on kaunis, jos vain siet\u00e4\u00e4 kes\u00e4viikonlopun ihmismassat. \ud83d\ude44<\/p>\n<p style=\"text-align: center;\"><a href=\"\/blog\/wp-content\/uploads\/2013\/two_canyon_loop5.jpg\"><img decoding=\"async\" style=\"border: 0px none; margin: 5px;\" src=\"\/blog\/wp-content\/uploads\/2013\/two_canyon_loop5.jpg\" alt=\"\" \/><\/a><\/p>\n<p style=\"text-align: center;\"><em>Suosittu uimapaikka<\/em><\/p>\n<p style=\"text-align: justify;\">Kanjoneilta autolle p\u00e4\u00e4sty\u00e4mme jatkoimme sy\u00f6m\u00e4\u00e4n, mink\u00e4 j\u00e4lkeen vierailimme ehk\u00e4 matkan kiintoisimmassa kohteessa: <em>The Home Depotissa<\/em>. Tuttavapariskuntamme mies on koulutukseltaan s\u00e4hk\u00f6mies ja siten eritt\u00e4in kiinnostunut kaikesta rakentamiseen liittyv\u00e4st\u00e4. Niinp\u00e4 vierailu paikallisessa rautatavarakaupassa olikin oikea unelmien t\u00e4yttymys, sill\u00e4 t\u00e4k\u00e4l\u00e4iset rakennusmenetelm\u00e4t eroavat melkoisesti eurooppalaisista. Yleisesti ottaen Pohjois-Amerikassa k\u00e4ytetyt menetelm\u00e4t ovat yleens\u00e4 Suomeen verrattuna vanhanaikaisia ja jotkin asiat tehd\u00e4\u00e4n hankalasti vain pitk\u00e4st\u00e4 perinteest\u00e4 johtuen. Meill\u00e4 vier\u00e4hti The Home Depotissa pitk\u00e4 tovi tarjontaa ihmetelless\u00e4 ja mukaan l\u00e4htikin tuliaisina erilaisia s\u00e4hk\u00f6tarvikkeita. <img src=\"https:\/\/www.vuosiamaailmalla.fi\/blog\/wp-includes\/images\/smilies\/mrgreen.png\" alt=\":mrgreen:\" class=\"wp-smiley\" style=\"height: 1em; max-height: 1em;\" \/><\/p>\n<p style=\"text-align: justify;\">Meill\u00e4 oli vierailussa my\u00f6s oma lehm\u00e4 ojassa, sill\u00e4 ostimme kaupasta eteiseen sijoittuvan lampun, jonka tuttavamme asensi illalla paikalleen. Onhan sit\u00e4 toki otettava hy\u00f6ty irti vieraistakin. \ud83d\ude42<\/p>\n<p style=\"text-align: center;\"><a href=\"\/blog\/wp-content\/uploads\/2013\/uusi_valaisin1.jpg\"><img decoding=\"async\" style=\"border: 0px none; margin: 5px;\" src=\"\/blog\/wp-content\/uploads\/2013\/thumbs\/thumbs_uusi_valaisin1.jpg\" alt=\"\" \/><\/a><a href=\"\/blog\/wp-content\/uploads\/2013\/uusi_valaisin2.jpg\"><img decoding=\"async\" style=\"border: 0px none; margin: 5px;\" src=\"\/blog\/wp-content\/uploads\/2013\/thumbs\/thumbs_uusi_valaisin2.jpg\" alt=\"\" \/><\/a><\/p>\n<p style=\"text-align: center;\"><em>Uuden lampun asennus eteiseen<\/em><\/p>\n<p style=\"text-align: justify;\">Lauantai-iltana j\u00e4rjestettiin my\u00f6s vuosittaisen <em>Celebration of Light<\/em> -ilotulitusfestivaalin kolmas ja viimeinen n\u00e4yt\u00f6s. Niinp\u00e4 mekin suuntasimme ihmismassojen mukana English Bayn rantaan katsomaan Thaimaan kisajoukkueen esityst\u00e4. <a title=\"Celebration of Light\" href=\"https:\/\/www.vuosiamaailmalla.fi\/?p=519\">Viime vuotisen<\/a> perusteella odotuksemme esityksen suhteen olivat korkealla, mutta on pakko sanoa ett\u00e4 esitys oli ainakin omasta mielest\u00e4ni pettymys. N\u00e4yt\u00f6ksen tahti oli todella verkkainen, eik\u00e4 siihen sis\u00e4ltynyt oikein mink\u00e4\u00e4nlaisia huipentumia, kuten yleens\u00e4 on tapana. My\u00f6s muu yleis\u00f6 oli sen verran hiljaista, ettei n\u00e4yt\u00f6s tuntunut oikein vakuuttavan muitakaan. S\u00e4\u00e4kin oli ilotulituksen kannalta hieman huono, sill\u00e4 tuuleton keli aiheutti savupilvien pysymisen paikallaan ja sumentavan n\u00e4kym\u00e4\u00e4 varsinkin loppua kohden.<\/p>\n<p style=\"text-align: center;\"><a href=\"\/blog\/wp-content\/uploads\/2013\/celebration_of_light_2013_8.jpg\"><img decoding=\"async\" style=\"border: 0px none; margin: 5px;\" src=\"\/blog\/wp-content\/uploads\/2013\/thumbs\/thumbs_celebration_of_light_2013_8.jpg\" alt=\"\" \/><\/a><a href=\"\/blog\/wp-content\/uploads\/2013\/celebration_of_light_2013_9.jpg\"><img decoding=\"async\" style=\"border: 0px none; margin: 5px;\" src=\"\/blog\/wp-content\/uploads\/2013\/thumbs\/thumbs_celebration_of_light_2013_9.jpg\" alt=\"\" \/><\/a><a href=\"\/blog\/wp-content\/uploads\/2013\/celebration_of_light_2013_10.jpg\"><img decoding=\"async\" style=\"border: 0px none; margin: 5px;\" src=\"\/blog\/wp-content\/uploads\/2013\/thumbs\/thumbs_celebration_of_light_2013_10.jpg\" alt=\"\" \/><\/a><br \/>\n<a href=\"\/blog\/wp-content\/uploads\/2013\/celebration_of_light_2013_7.jpg\"><img decoding=\"async\" style=\"border: 0px none; margin: 5px;\" src=\"\/blog\/wp-content\/uploads\/2013\/thumbs\/thumbs_celebration_of_light_2013_7.jpg\" alt=\"\" \/><\/a><a href=\"\/blog\/wp-content\/uploads\/2013\/celebration_of_light_2013_6.jpg\"><img decoding=\"async\" style=\"border: 0px none; margin: 5px;\" src=\"\/blog\/wp-content\/uploads\/2013\/thumbs\/thumbs_celebration_of_light_2013_6.jpg\" alt=\"\" \/><\/a><a href=\"\/blog\/wp-content\/uploads\/2013\/celebration_of_light_2013_11.jpg\"><img decoding=\"async\" style=\"border: 0px none; margin: 5px;\" src=\"\/blog\/wp-content\/uploads\/2013\/thumbs\/thumbs_celebration_of_light_2013_11.jpg\" alt=\"\" \/><\/a><\/p>\n<p style=\"text-align: center;\"><em> Pettymyksen aiheuttanut ilotulitus<\/em><\/p>\n<p style=\"text-align: justify;\">Sunnuntaina keli oli loistava ja niinp\u00e4 vuokrasimme vieraillemme polkupy\u00f6r\u00e4t. N\u00e4ill\u00e4 ajelimme niin Stanley Parkin kuin False Creekin ymp\u00e4ri, reitin kauniita maisemia ihaillen. Ajankohta kierrokselle oli t\u00e4ydellinen, sill\u00e4 sunnuntaiaamuna Vancouverin keskustassa j\u00e4rjestettiin vuosittainen <em>Pride Parade<\/em>, joka veti paraatireitin varrelle kymmeni\u00e4tuhansia ihmisi\u00e4. T\u00e4m\u00e4n ansiosta normaalisti ruuhkaisella <em>Seawallin<\/em> varrella oli v\u00e4lj\u00e4\u00e4 ja paikoin jopa autiota, kun kaikki ihmiset olivat katsomassa paraatia. Mekin n\u00e4imme paraatin vilaukselta English Bayn kohdalla, mutta emme viett\u00e4neet pitk\u00e4\u00e4 aikaa paljaita vartaloita katsellen.<\/p>\n<p style=\"text-align: justify;\">Maanantaina vietettiin <em>British Columbia Dayn<\/em> juhlaa ja p\u00e4iv\u00e4 oli siten arkivapaa. T\u00e4h\u00e4n saakka vierailu oli mennyt sangen normaaleja ensivierailun rutiineja seuraten ja nytkin suunnitelmissamme oli aiempien vieraiden tapaan l\u00e4hte\u00e4 k\u00e4ym\u00e4\u00e4n Whistleriss\u00e4. S\u00e4\u00e4ennuste kuitenkin kertoi siell\u00e4 olevan sateista, joten p\u00e4\u00e4timme poiketa alkuper\u00e4isest\u00e4 suunnitelmasta ja sen sijaan ajella uutta <a title=\"Marjaretki yli suurten siltojen\" href=\"https:\/\/www.vuosiamaailmalla.fi\/?p=2154\"><em>Trans-Canada Highwayt\u00e4<\/em><\/a> kohti it\u00e4\u00e4 ja Chilliwackia. Siell\u00e4 latasimme itseemme virtaa pannukakkuaamiaisella, mink\u00e4 j\u00e4lkeen l\u00e4hdimme ajamaan kohti <em>Chilliwack Laken<\/em> luonnonpuistoa. T\u00e4m\u00e4 pitkulan j\u00e4rven ymp\u00e4rille sijoittuva luonnonpuisto sijaitsee aivan Yhdysvaltojen rajan tuntumassa n\u00e4ytt\u00e4v\u00e4ll\u00e4 paikalla, jossa sit\u00e4 ymp\u00e4r\u00f6iv\u00e4t korkeat vuoret. Alueella on paljon vaellus- ja leirint\u00e4mahdollisuuksia ja se on suosittu p\u00e4iv\u00e4matkakohde 150 kilometrin p\u00e4\u00e4ss\u00e4 sijaitsevasta Vancouverista.<\/p>\n<p style=\"text-align: justify;\">Vain noin kilometrin ennen j\u00e4rvelle saapumista sijaitsee muutamia mainittuja vaelluspolkuja. Yksi suosituin on lyhyet 1,7 kilometrin mittainen vaellus noin 800 metrin korkeudessa sijaitsevalle <em>Lindeman Lakelle<\/em>. Polku on suosittu lyhyen pituutensa vuoksi, mutta siihen sis\u00e4ltyy keskivaiheilla hieman rakas noin 200 metrin nousu ennen vuoristoj\u00e4rvelle saapumista. Kiipe\u00e4minen kuitenkin palkitaan perill\u00e4 upeilla j\u00e4rvimaisemilla kivisten vuorenhuippujen ymp\u00e4r\u00f6im\u00e4n\u00e4. Rannan l\u00e4heisyydess\u00e4 on my\u00f6s leiripaikkoja telttailijoille ja paikalla olikin runsaasti siell\u00e4 y\u00f6ns\u00e4 viett\u00e4neit\u00e4 ihmisi\u00e4.<\/p>\n<p style=\"text-align: center;\"><a href=\"\/blog\/wp-content\/uploads\/2013\/polku_lindeman_lakelle4.jpg\"><img decoding=\"async\" style=\"border: 0px none; margin: 5px;\" src=\"\/blog\/wp-content\/uploads\/2013\/thumbs\/thumbs_polku_lindeman_lakelle4.jpg\" alt=\"\" \/><\/a><a href=\"\/blog\/wp-content\/uploads\/2013\/polku_lindeman_lakelle3.jpg\"><img decoding=\"async\" style=\"border: 0px none; margin: 5px;\" src=\"\/blog\/wp-content\/uploads\/2013\/thumbs\/thumbs_polku_lindeman_lakelle3.jpg\" alt=\"\" \/><\/a><br \/>\n<a href=\"\/blog\/wp-content\/uploads\/2013\/polku_lindeman_lakelle1.jpg\"><img decoding=\"async\" style=\"border: 0px none; margin: 5px;\" src=\"\/blog\/wp-content\/uploads\/2013\/thumbs\/thumbs_polku_lindeman_lakelle1.jpg\" alt=\"\" \/><\/a><a href=\"\/blog\/wp-content\/uploads\/2013\/polku_lindeman_lakelle2.jpg\"><img decoding=\"async\" style=\"border: 0px none; margin: 5px;\" src=\"\/blog\/wp-content\/uploads\/2013\/thumbs\/thumbs_polku_lindeman_lakelle2.jpg\" alt=\"\" \/><\/a><\/p>\n<p style=\"text-align: center;\"><em>Polku Lindeman Lakelle<\/em><\/p>\n<p style=\"text-align: center;\"><a href=\"\/blog\/wp-content\/uploads\/2013\/lindeman_lake2.jpg\"><img decoding=\"async\" style=\"border: 0px none; margin: 5px;\" src=\"\/blog\/wp-content\/uploads\/2013\/thumbs\/thumbs_lindeman_lake2.jpg\" alt=\"\" \/><\/a><a href=\"\/blog\/wp-content\/uploads\/2013\/lindeman_lake1.jpg\"><img decoding=\"async\" style=\"border: 0px none; margin: 5px;\" src=\"\/blog\/wp-content\/uploads\/2013\/thumbs\/thumbs_lindeman_lake1.jpg\" alt=\"\" \/><\/a><a href=\"\/blog\/wp-content\/uploads\/2013\/lindeman_lake3.jpg\"><img decoding=\"async\" style=\"border: 0px none; margin: 5px;\" src=\"\/blog\/wp-content\/uploads\/2013\/thumbs\/thumbs_lindeman_lake3.jpg\" alt=\"\" \/><\/a><\/p>\n<p style=\"text-align: center;\"><em>Palkitsevat maisemat<\/em><\/p>\n<p style=\"text-align: justify;\">Matka alas meni nopeaan ja takaisin autolla siirryimme lyhyen matkan itse Chilliwack Laken rantaan. Siell\u00e4 sijaitsee kenties metropolialueen upein uimaranta, josta aukeava upea maisema j\u00e4i varmasti vieraidemme mieleen el\u00e4m\u00e4ns\u00e4 erikoisimpana uimapaikkana. Julkisesta uimarannasta huolimatta alueella ei ole uimavaatteiden vaihtoon mink\u00e4\u00e4nlaisia koppeja, mik\u00e4 on hyv\u00e4 huomioida etuk\u00e4teen. Vaatteet puuhkeiden suojissa vaihdettuamme tulikin kiire veteen, sill\u00e4 rantahiekka oli tulikuumaa. Veteen p\u00e4\u00e4sty\u00e4\u00e4n oli edess\u00e4 p\u00e4invastainen shokki, sill\u00e4 vesi oli puolestaan j\u00e4\u00e4kylm\u00e4\u00e4. Se selittikin miksei melkein kukaan ollut uimassa, vaan suurin osa ihmisist\u00e4 makoili rannalla tai ainoastaan liotti varpaita vedess\u00e4.<\/p>\n<p style=\"text-align: center;\"><a href=\"\/blog\/wp-content\/uploads\/2013\/chilliwack_lake_uimaranta.jpg\"><img decoding=\"async\" style=\"border: 0px none; margin: 5px;\" src=\"\/blog\/wp-content\/uploads\/2013\/chilliwack_lake_uimaranta.jpg\" alt=\"\" \/><\/a><\/p>\n<p style=\"text-align: center;\"><em> Tulikuuma uimaranta<\/em><\/p>\n<p style=\"text-align: center;\"><a href=\"\/blog\/wp-content\/uploads\/2013\/chilliwack_lake_panoraama.jpg\"><img decoding=\"async\" style=\"border: 0px none; margin: 5px;\" src=\"\/blog\/wp-content\/uploads\/2013\/chilliwack_lake_panoraama_pieni.jpg\" alt=\"\" \/><\/a><\/p>\n<p style=\"text-align: center;\"><em> Hulppeat uintimaisemat<\/em><\/p>\n<p style=\"text-align: justify;\">Kylm\u00e4 vesi virkisti kummasti ja jossain m\u00e4\u00e4rin siihen tottuikin, mutta kovin viile\u00e4n\u00e4 p\u00e4iv\u00e4n\u00e4 en kyll\u00e4 pulahtaisi Chilliwack Laken hyyt\u00e4v\u00e4\u00e4n veteen. \ud83d\udca1<\/p>\n<p style=\"text-align: justify;\">Paluumatka kaupunkiin sujui kangerrellen, sill\u00e4 osuimme pitk\u00e4n viikonlopun suureen paluuruuhkaan. N\u00f6nn\u00f6ttelimme noin 30 kilometrin matkan Chilliwackista aina Abbotsfordiin saakka, jossa viimein jonon vauhti hieman nousi, kuitenkin viel\u00e4 muutamaan otteeseen tyss\u00e4ten. Jonossa k\u00f6r\u00f6ttely olikin omiaan nostattamaan ruokahaluamme ja Coquitlamin keskustan <em>Montana&#8217;s<\/em> ravintolassa nautitut <em>ribsit<\/em> olivatkin taivaallisen hyvi\u00e4 (sit\u00e4 ne ovat kyll\u00e4 normaalistikin \ud83d\ude42 ).<\/p>\n<p style=\"text-align: justify;\">Tiistai-iltana k\u00e4vimme vieraidemme kanssa jo perinteeksi muodostuneessa <em>Lighthouse Parkissa<\/em> katsomassa siell\u00e4 j\u00f6k\u00f6tt\u00e4vi\u00e4 j\u00e4ttim\u00e4isi\u00e4 puita sek\u00e4 ihailemassa sielt\u00e4 aukeavaa hulppeeta n\u00e4kym\u00e4\u00e4 kaupungin suuntaan. Zoom-linssi hieman v\u00e4\u00e4rist\u00e4\u00e4 panoraaman et\u00e4isyyksi\u00e4, mink\u00e4 vuoksi noin 120 kilometrin et\u00e4isyydell\u00e4 sijaitseva <a title=\"Uskomaton Mount Baker\" href=\"https:\/\/www.vuosiamaailmalla.fi\/?p=2213\">Mount Baker<\/a> ikuistui kuvaan j\u00e4ttim\u00e4isen\u00e4. J\u00e4ttim\u00e4inen vuori kyll\u00e4 onkin, mutta my\u00f6nnett\u00e4k\u00f6\u00f6n ettei kuva vastaa aivan t\u00e4ysin todellisuutta. \ud83d\ude09<\/p>\n<p style=\"text-align: center;\"><a href=\"\/blog\/wp-content\/uploads\/2013\/lighthouse_parkissa1.jpg\"><img decoding=\"async\" style=\"border: 0px none; margin: 5px;\" src=\"\/blog\/wp-content\/uploads\/2013\/thumbs\/thumbs_lighthouse_parkissa1.jpg\" alt=\"\" \/><\/a><a href=\"\/blog\/wp-content\/uploads\/2013\/lighthouse_parkissa2.jpg\"><img decoding=\"async\" style=\"border: 0px none; margin: 5px;\" src=\"\/blog\/wp-content\/uploads\/2013\/thumbs\/thumbs_lighthouse_parkissa2.jpg\" alt=\"\" \/><\/a><\/p>\n<p style=\"text-align: center;\"><em>Valokuvausta Lighthouse Parkissa<\/em><\/p>\n<p style=\"text-align: center;\"><a href=\"\/blog\/wp-content\/uploads\/2013\/vancouver_lighthouse_park.jpg\"><img decoding=\"async\" style=\"border: 0px none; margin: 5px;\" src=\"\/blog\/wp-content\/uploads\/2013\/vancouver_lighthouse_park_pieni.jpg\" alt=\"\" \/><\/a><\/p>\n<p style=\"text-align: center;\"><em>Vancouverin panoraama<\/em><\/p>\n<p style=\"text-align: justify;\">Keskiviikko oli viimeinen yhteinen iltamme ja siksi olimme suunnitelleet sille hieman erikoisempaa ohjelmaa. K\u00e4vimme ensiksi t\u00f6iden j\u00e4lkeen nauttimassa laadukkaan illallisen <em>Hy&#8217;s Encore<\/em> nimisess\u00e4 pihviravintolassa t\u00e4ss\u00e4 keskustassa. Loistavaa ravintolailtaa seurasi <em>stand-up<\/em> komediaa asuntomme l\u00e4hettyvill\u00e4 sijaitsevalla klubilla, mik\u00e4 oli hauska p\u00e4\u00e4t\u00f6s vieraidemme reissulle. Emme olleet Niinankaan kanssa k\u00e4yneet hetkeen katsomassa stand-uppia, mutta illan settiin kuului monia hauskoja esiintyji\u00e4. Keskiviikko sattui olemaan amat\u00f6\u00f6ri-ilta, jolloin joukkoon mahtuu vaihtelevan tasoisia esityksi\u00e4, mutta nauruhermomme saivat kyll\u00e4 melkoisesti kutkutusta illan mittaan.<\/p>\n<p style=\"text-align: center;\"><a href=\"\/blog\/wp-content\/uploads\/2013\/hys_encore2.jpg\"><img decoding=\"async\" style=\"border: 0px none; margin: 5px;\" src=\"\/blog\/wp-content\/uploads\/2013\/thumbs\/thumbs_hys_encore2.jpg\" alt=\"\" \/><\/a><a href=\"\/blog\/wp-content\/uploads\/2013\/hys_encore1.jpg\"><img decoding=\"async\" style=\"border: 0px none; margin: 5px;\" src=\"\/blog\/wp-content\/uploads\/2013\/thumbs\/thumbs_hys_encore1.jpg\" alt=\"\" \/><\/a><\/p>\n<p style=\"text-align: center;\"><em>Hy&#8217;s Encore<\/em><\/p>\n<p style=\"text-align: center;\"><a href=\"\/blog\/wp-content\/uploads\/2013\/hys_encore3.jpg\"><img decoding=\"async\" style=\"border: 0px none; margin: 5px;\" src=\"\/blog\/wp-content\/uploads\/2013\/thumbs\/thumbs_hys_encore3.jpg\" alt=\"\" \/><\/a><a href=\"\/blog\/wp-content\/uploads\/2013\/hys_encore5.jpg\"><img decoding=\"async\" style=\"border: 0px none; margin: 5px;\" src=\"\/blog\/wp-content\/uploads\/2013\/thumbs\/thumbs_hys_encore5.jpg\" alt=\"\" \/><\/a><a href=\"\/blog\/wp-content\/uploads\/2013\/hys_encore6.jpg\"><img decoding=\"async\" style=\"border: 0px none; margin: 5px;\" src=\"\/blog\/wp-content\/uploads\/2013\/thumbs\/thumbs_hys_encore6.jpg\" alt=\"\" \/><\/a><\/p>\n<p style=\"text-align: center;\"><em>Viimeisen illan illallinen<\/em><\/p>\n<p style=\"text-align: center;\"><a href=\"\/blog\/wp-content\/uploads\/2013\/hys_encore4.jpg\"><img decoding=\"async\" style=\"border: 0px none; margin: 5px;\" src=\"\/blog\/wp-content\/uploads\/2013\/hys_encore4.jpg\" alt=\"\" \/><\/a><\/p>\n<p style=\"text-align: center;\"><em>Maukas pihvi<\/em><\/p>\n<p style=\"text-align: justify;\">Torstaina vieraamme sitten l\u00e4htiv\u00e4t pitk\u00e4lle paluumatkalleen kohti kotia ja me p\u00e4\u00e4simme j\u00e4lleen omiin oloihimme kes\u00e4n vierasrypp\u00e4\u00e4n j\u00e4lkeen. Hauskahan se oli, ett\u00e4 vieraita k\u00e4vi n\u00e4inkin paljon kes\u00e4n mittaan, mutta ei t\u00e4ss\u00e4 kyll\u00e4 yht\u00e4\u00e4n haittaa, ett\u00e4 vierailukalenterissa ei ole t\u00e4ll\u00e4 haavaa yht\u00e4\u00e4n nime\u00e4 ennen ensi kes\u00e4\u00e4. 8)<\/p>\n","protected":false},"excerpt":{"rendered":"<p>Kulunut kes\u00e4 on ollut sangen vilkas, sill\u00e4 luonamme on k\u00e4ynyt yhteens\u00e4 kolmet vieraat. Ensimm\u00e4isen\u00e4 saapuivat toukokuun lopussa puolentoista viikon vierailulle Niinan vanhemmat, mit\u00e4 seurasi kuukautta my\u00f6hemmin omien vanhempieni kaksiviikkoinen vierailu luonamme. Vierailuputken p\u00e4\u00e4tti alkukuusta tuttavapariskuntamme, joka on vieraillut luonamme eri\u00a0asuinpaikoissamme s\u00e4\u00e4nn\u00f6llisin v\u00e4liajoin.<\/p>\n","protected":false},"author":1,"featured_media":9048,"comment_status":"open","ping_status":"open","sticky":false,"template":"","format":"standard","meta":{"_jetpack_memberships_contains_paid_content":false,"footnotes":""},"categories":[17,3,15],"tags":[34,240,594,595,597,935,426,596,599,178,184,936,598,938,939,940,725,943],"class_list":["post-2276","post","type-post","status-publish","format-standard","has-post-thumbnail","hentry","category-arki-kanadassa","category-arki-ulkomailla","category-vaeltaminen","tag-arki","tag-celebration-of-light","tag-chilliwack","tag-chilliwack-lake","tag-hys-encore","tag-kanada","tag-lighthouse-park","tag-lindeman-lake","tag-lynn-canyon","tag-lynn-valley","tag-north-vancouver","tag-ravintolat","tag-two-canyon-loop","tag-vaellus","tag-vancouver","tag-vancouver-downtown","tag-vierailu","tag-west-vancouver"],"jetpack_featured_media_url":"https:\/\/www.vuosiamaailmalla.fi\/blog\/wp-content\/uploads\/lynn_creekin_riippusilta_banner.jpg","jetpack_sharing_enabled":true,"_links":{"self":[{"href":"https:\/\/www.vuosiamaailmalla.fi\/blog\/wp-json\/wp\/v2\/posts\/2276","targetHints":{"allow":["GET"]}}],"collection":[{"href":"https:\/\/www.vuosiamaailmalla.fi\/blog\/wp-json\/wp\/v2\/posts"}],"about":[{"href":"https:\/\/www.vuosiamaailmalla.fi\/blog\/wp-json\/wp\/v2\/types\/post"}],"author":[{"embeddable":true,"href":"https:\/\/www.vuosiamaailmalla.fi\/blog\/wp-json\/wp\/v2\/users\/1"}],"replies":[{"embeddable":true,"href":"https:\/\/www.vuosiamaailmalla.fi\/blog\/wp-json\/wp\/v2\/comments?post=2276"}],"version-history":[{"count":1,"href":"https:\/\/www.vuosiamaailmalla.fi\/blog\/wp-json\/wp\/v2\/posts\/2276\/revisions"}],"predecessor-version":[{"id":11208,"href":"https:\/\/www.vuosiamaailmalla.fi\/blog\/wp-json\/wp\/v2\/posts\/2276\/revisions\/11208"}],"wp:featuredmedia":[{"embeddable":true,"href":"https:\/\/www.vuosiamaailmalla.fi\/blog\/wp-json\/wp\/v2\/media\/9048"}],"wp:attachment":[{"href":"https:\/\/www.vuosiamaailmalla.fi\/blog\/wp-json\/wp\/v2\/media?parent=2276"}],"wp:term":[{"taxonomy":"category","embeddable":true,"href":"https:\/\/www.vuosiamaailmalla.fi\/blog\/wp-json\/wp\/v2\/categories?post=2276"},{"taxonomy":"post_tag","embeddable":true,"href":"https:\/\/www.vuosiamaailmalla.fi\/blog\/wp-json\/wp\/v2\/tags?post=2276"}],"curies":[{"name":"wp","href":"https:\/\/api.w.org\/{rel}","templated":true}]}}