{"id":228,"date":"2012-01-29T19:33:58","date_gmt":"2012-01-30T03:33:58","guid":{"rendered":"http:\/\/127.0.0.1:4001\/wordpress\/?p=228"},"modified":"2019-06-23T18:09:23","modified_gmt":"2019-06-24T01:09:23","slug":"ensimmainen-viikko-uudella-mantereella","status":"publish","type":"post","link":"https:\/\/www.vuosiamaailmalla.fi\/blog\/2012\/ensimmainen-viikko-uudella-mantereella\/","title":{"rendered":"Ensimm\u00e4inen viikko uudella mantereella"},"content":{"rendered":"<p style=\"text-align: justify;\">Kiireist\u00e4 <a title=\"Maahanmuutto bisnesluokassa\" href=\"https:\/\/www.vuosiamaailmalla.fi\/?p=230\">maahanmuuttoviikkoani<\/a> seurasi toinen viikko t\u00e4ytt\u00e4 tohinaa ja uuteen kotimaahan asettautumista. Suuntasin heti maanantaiaamusta l\u00e4heiselle <em>Service Canada Centerille<\/em>, joka my\u00f6nt\u00e4\u00e4 t\u00e4k\u00e4l\u00e4isen SIN:n\u00e4 tunnetun yhdeks\u00e4nnumeroisen sosiaaliturvatunnuksen <a title=\"Ikuisuusprosessi kanadalaisesta ty\u00f6luvasta\" href=\"https:\/\/www.vuosiamaailmalla.fi\/?p=322\">ty\u00f6lupaa<\/a> vastaan. SIN on pakollinen kaikille Kanadassa ty\u00f6skenteleville ja sosiaalietuuksia\u00a0 saaville, eli k\u00e4yt\u00e4nn\u00f6ss\u00e4 sellainen on jokaisella maan asukkaalla.<\/p>\n<p style=\"text-align: justify;\">Paikalla oli jo aamusta jonoa, mutta sain tunnukseni puolessa tunnissa. Se mukanani suuntasin toimistollemme, jossa tapasin uudet tiimil\u00e4iseni ensimm\u00e4ist\u00e4 kertaa sitten marraskuun ty\u00f6matkani. Minulle oli varattuna oma kuutio (<em>cubicle<\/em>) avokonttorissamme, jonka \u00e4\u00e4relle levitin tavarani. Uusi <a title=\"Kanadan kallis internet\" href=\"https:\/\/www.vuosiamaailmalla.fi\/?p=9014\">kanadalainen SIM-korttini<\/a> oli my\u00f6s toimitettu p\u00f6yd\u00e4lleni ja nyt minulla on t\u00e4k\u00e4l\u00e4inen +1 alkuinen puhelinnumero. \ud83d\ude42<\/p>\n<p><!--more--><\/p>\n<p style=\"text-align: justify;\">HR-henkil\u00f6mme luona kirjoittin varsinaisen ty\u00f6sopimuksen, sill\u00e4 aiempi oli vain v\u00e4liaikainen kopio sek\u00e4 keskustelemassa tarvittavista papereista. Iltap\u00e4iv\u00e4ll\u00e4 osallistuin tunnin mittaiseen tervetulotilaisuuteen, jossa uusille ty\u00f6ntekij\u00f6ille selvitettiin paikalliset asiat p\u00e4hkin\u00e4nkuoressa. Iltap\u00e4iv\u00e4st\u00e4 l\u00e4hdin toimistolta aikaiseen, sill\u00e4 minun piti suunnistaa l\u00e4heiseen pankkiin avaamaan itselleni kanadalainen pankkitili.<\/p>\n<p style=\"text-align: justify;\">Kanadassa on viisi suurta kansallista pankkia, jotka toimivat koko maassa. Yleisesti Kanadan pankkeja pidet\u00e4\u00e4n eritt\u00e4in vakaina, mutta tein kuitenkin jonkin verran taustatutkimusta niiden l\u00e4hihistoriasta. Vertailin varsinkin uusille kanadalaisille tarjottuja palveluita sek\u00e4 maksuja kesken\u00e4\u00e4n. Kaikki lukemani tuki valintaani <em>Royal Bank of Canada<\/em> -pankista, joka on monella mittarilla Kanadan suurin pankki.<\/p>\n<p style=\"text-align: center;\"><a href=\"\/blog\/wp-content\/uploads\/2012\/rbc_pankki.jpg\"><img decoding=\"async\" src=\"\/blog\/wp-content\/uploads\/2012\/rbc_pankki.jpg\" \/><\/a><\/p>\n<p style=\"text-align: center;\"><em>Suurpankkien p\u00e4\u00e4konttoreita <a title=\"Taivaisiin kasvanut Toronto\" href=\"https:\/\/www.vuosiamaailmalla.fi\/?p=3097\">Torontossa<\/a><\/em><\/p>\n<p style=\"text-align: justify;\">RBC on saanut monenlaisia tunnustuksia palveluistaan ja sit\u00e4 pidet\u00e4\u00e4n yhten\u00e4 maailman vakaimmista pankeista. Pankilla on toimintoja niin Yhdysvalloissa kuin Euroopassakin, mutta ainakaan saatavilla olevan tiedon mukaan pankilla ei pit\u00e4isi olla merkitt\u00e4vi\u00e4 riskej\u00e4 n\u00e4ist\u00e4. N\u00e4ill\u00e4 asioilla on merkityst\u00e4 n\u00e4in finanssikriisin j\u00e4lkeisin\u00e4 aikoina. RBC kunnostautuu my\u00f6s hyvin positiivisena uusien tulijoiden kohdalla, mill\u00e4 oli my\u00f6s merkityst\u00e4 itselleni. \ud83d\udca1<\/p>\n<p style=\"text-align: justify;\">Eri maissa on omat erikoisuutensa ja n\u00e4in my\u00f6s Kanadassa. Euroopassa perinteinen talletustili on yleens\u00e4 ilmainen, mutta RBC:ll\u00e4 se maksaa nelj\u00e4 dollaria kuussa. Hintaan pakettiin sis\u00e4ltyy ainoastaan 15 ilmaista k\u00e4teisnostoa kuukaudessa, mik\u00e4 sekin tuntui aluksi oudolta. Toisin kuin Suomessa, nettipankki on RBC:ll\u00e4 ilmainen, mutta toiminnoiltaan melko rajoittunut (vuoden 2012 tilanne). Melko j\u00e4nn\u00e4\u00e4 on my\u00f6s, ett\u00e4 nettipankki on k\u00e4yt\u00e4nn\u00f6ss\u00e4 ainoastaan tunnuksen ja salasanan takana, eik\u00e4 mink\u00e4\u00e4nlaista turvalukulistaa taikka vastaavaa ole (sama viel\u00e4 vuonna 2019!). Systeemi on melko erilainen ja turvattomamman tuntuinen esimerkiksi <em>Sparkassen<\/em> <a title=\"smsTAN\" href=\"https:\/\/www.vuosiamaailmalla.fi\/?p=640\">tekstaritunnuksiin<\/a>\u00a0verrattuna. \ud83d\ude15<\/p>\n<p style=\"text-align: justify;\">Ehk\u00e4 t\u00e4rkein asia uudelle asukkaalle on saada k\u00e4ytt\u00f6\u00f6ns\u00e4 t\u00e4k\u00e4l\u00e4inen luottokortti, sill\u00e4 ilman sit\u00e4 on vaikea alkaa kerrytt\u00e4m\u00e4\u00e4n t\u00e4k\u00e4l\u00e4ist\u00e4 luottohistoriaa. T\u00e4k\u00e4l\u00e4iset pankit eiv\u00e4t nimitt\u00e4in yleens\u00e4 tunnusta eurooppalaista pankkihistoriaa, joten sinua kohdellaan alussa mahdollisesti ep\u00e4luotettavana tapauksena. RBC:lt\u00e4 saa kyll\u00e4 k\u00e4ytt\u00f6\u00f6ns\u00e4 pienell\u00e4 luottorajalla varustetun luottokortin, mutta sit\u00e4 vastaan joutuu tallettamaan luottorajaa vastaavan summan s\u00e4il\u00f6\u00f6n eli maksamaan luottosumman sis\u00e4\u00e4n.<\/p>\n<p style=\"text-align: center;\"><a href=\"\/blog\/wp-content\/uploads\/2012\/uusi_luottokortti.jpg\"><img decoding=\"async\" src=\"\/blog\/wp-content\/uploads\/2012\/uusi_luottokortti.jpg\" \/><\/a><\/p>\n<p style=\"text-align: center;\"><em>Luottokortilla kerrytt\u00e4\u00e4 luottohistoriaa<\/em><\/p>\n<p style=\"text-align: justify;\">Asiakkaat kuitenkin pisteytet\u00e4\u00e4n henkil\u00f6kohtaisen tilanteensa mukaan ja kaiketi hyv\u00e4n ty\u00f6ni johdosta sain sen verran hyv\u00e4t pisteet, ett\u00e4 minulle my\u00f6nnettiin luottokortti ihan mukavalla luottorajalla. T\u00e4m\u00e4 on k\u00e4tev\u00e4\u00e4, sill\u00e4 pystyn jatkossa tekem\u00e4\u00e4n kaikki ostokset ja varaukseni suomalaisen luottokorttini sijaan kanadalaisella kortilla. Vaikka olenkin k\u00e4teisen rahan vankka puolestapuhuja, on Pohjois-Amerikassa vain pakko tottua k\u00e4ytt\u00e4m\u00e4\u00e4n korttia juuri luottohistorian kerrytt\u00e4misen vuoksi. \ud83d\udca1<\/p>\n<p style=\"text-align: justify;\">Pankissa meni toista tuntia kaavakkeita t\u00e4ytt\u00e4ess\u00e4, mutta olin tyytyv\u00e4inen saatuani kaiken tehty\u00e4. Tiistai kului t\u00f6iss\u00e4 uuteen ty\u00f6h\u00f6n tutustuessa. Iltap\u00e4iv\u00e4st\u00e4 k\u00e4v\u00e4isin uudelleen keskustassa katsomassa mahdollisen v\u00e4liaikaisen asunnon aluetta Coal Harbourin alueella. Tiistain ja keskiviikon aikana vaihtelin my\u00f6s s\u00e4hk\u00f6postia paikallisen vuokrafirman kanssa ja sain sovittua niin, ett\u00e4 k\u00e4visin keskiviikkona suorittamassa takuuvuokran sek\u00e4 ensimm\u00e4isen kuukauden vuokran maksun.<\/p>\n<p style=\"text-align: justify;\">T\u00e4h\u00e4nkin sis\u00e4ltyi h\u00e4slinki\u00e4, sill\u00e4 oletin ett\u00e4 maksun voi suorittaa uuden nettipankkini kautta. Olin tuonut mukanani runsaasti k\u00e4teist\u00e4 euroina, jotka talletin uudelle tililleni pes\u00e4munaksi. Tilisiirto ei k\u00e4ynyt kuitenkaan p\u00e4ins\u00e4, sill\u00e4 vuokrafirman tili oli toisessa kanadalaisessa pankissa ja tilisiirrot n\u00e4iden v\u00e4lill\u00e4 ovat hitaita ja kalliita. Suositeltava vaihtoehto olikin shekin k\u00e4ytt\u00e4minen, mutta minulle shekeill\u00e4 pelaaminen oli aivan uutta, joten jouduinkin opettemaan koko konseptin perusteet.<\/p>\n<p style=\"text-align: justify;\">Vuokrafirmalle ei my\u00f6sk\u00e4\u00e4n k\u00e4ynyt normaali shekki, vaan ainoastaan niinkutsuttu sertifioitu shekki. N\u00e4ill\u00e4 ohjeilla lampsin pankkikonttoriin hakemaan t\u00e4llaista, mutta siell\u00e4 minulle kerrottiin ett\u00e4 sellaisen k\u00e4sittelykulut ovat hyvin korkeat. Vaihtoehto olisi k\u00e4ytt\u00e4\u00e4 niinkutsuttua <em>draftia<\/em>, joka on hieman shekkim\u00e4inen paperitosite v\u00e4litt\u00f6m\u00e4sti tapahtuvasta maksusta. Laitoin takuuvuokran sek\u00e4 helmikuun vuokran sellaiselle ja k\u00e4velin takaisin vuokrafirman toimistolle. Siell\u00e4 oltiin mukavia ja asia oli sit\u00e4 my\u00f6den kunnossa. Sain k\u00e4siini asunnon avaimet ja p\u00e4\u00e4sin jo samana iltana k\u00e4ym\u00e4\u00e4n asunnolla.<\/p>\n<p style=\"text-align: center;\"><a href=\"\/blog\/wp-content\/uploads\/2012\/matkalla_keskustaan.jpg\"><img decoding=\"async\" src=\"\/blog\/wp-content\/uploads\/2012\/thumbs\/thumbs_matkalla_keskustaan.jpg\" \/><\/a><a href=\"\/blog\/wp-content\/uploads\/2012\/valiaikainen_asunto_yomaisema.jpg\"><img decoding=\"async\" src=\"\/blog\/wp-content\/uploads\/2012\/thumbs\/thumbs_valiaikainen_asunto_yomaisema.jpg\" \/><\/a><\/p>\n<p style=\"text-align: center;\"><em>Matkalla katsastamaan uutta asuntoa<\/em><\/p>\n<p style=\"text-align: justify;\"><a title=\"2505-1331 West Georgia Street\" href=\"https:\/\/www.vuosiamaailmalla.fi\/?p=66\">V\u00e4liaikainen asuntomme<\/a> sijaitsee aivan Vancouverin ydinkeskustassa Coal Harbourin uudisrakennusalueella. Kahdennestakymmenennest\u00e4 kerroksesta on upeat maisemat veden yli North Shore Mountainseille. Asunto on kalustettu, mik\u00e4 oli pakollinen ratkaisu nyt kun Berliinin tavaramme ovat vasta <a title=\"Muuttokuorman pitk\u00e4 matka\" href=\"https:\/\/www.vuosiamaailmalla.fi\/?p=213\">l\u00e4hteneet matkaan<\/a> kohti Vancouveria.<\/p>\n<p style=\"text-align: justify;\">Torstaina p\u00e4\u00e4sin muuttamaan hotellista asuntoon, mik\u00e4 oli todella mukavaa. Hotellissa oleskellessa kaikki tuntui v\u00e4liaikaiselta, ik\u00e4\u00e4n kuin olisin ollut vain ty\u00f6matkalla. Nyt omissa nurkissa asettautuminen Vancouveriin on helpompaa, vaikka meneekin hetki tottua ajatukseen ett\u00e4 sit\u00e4 on nyt t\u00e4\u00e4ll\u00e4!<\/p>\n<p style=\"text-align: justify;\">Ensimm\u00e4inen y\u00f6 meni hyvin ja her\u00e4sin virke\u00e4n\u00e4. Se olikin t\u00e4rke\u00e4\u00e4, sill\u00e4 suuntasimme perjantaina tiimin voimin toimiston ulkopuolelle. Meill\u00e4 oli erityinen tiimip\u00e4iv\u00e4, joka j\u00e4rjestettiin Vancouverin vieress\u00e4 kohoavan <a title=\"Kompurointia Grouse Mountainin illassa\" href=\"https:\/\/www.vuosiamaailmalla.fi\/?p=7653\">Grouse Mountainin<\/a> huipulla. Vuorella sijaitsee yksi Vancouverin per\u00e4ti kolmesta <a title=\"Paluu Mount Seymourin rinteisiin\" href=\"https:\/\/www.vuosiamaailmalla.fi\/?p=9978\">laskettelukeskuksesta<\/a>, joka on n\u00e4in helmikuussa eritt\u00e4in vilkas. Jo aamuyhdeks\u00e4lt\u00e4 oli runsaasti vilin\u00e4\u00e4 keskuksen ala-asemalla, josta l\u00e4htee gondolihissi vuoren huipulle. Ylh\u00e4\u00e4ll\u00e4 sijaitsee rinnekeskus, jonka neuvottelutiloissa vietimme p\u00e4iv\u00e4n ty\u00f6h\u00f6n liittyvist\u00e4 asioista keskustellen.<\/p>\n<p style=\"text-align: center;\"><a href=\"\/blog\/wp-content\/uploads\/2012\/lumikenkailemassa4.jpg\"><img decoding=\"async\" src=\"\/blog\/wp-content\/uploads\/2012\/thumbs\/thumbs_lumikenkailemassa4.jpg\" \/><\/a><a href=\"\/blog\/wp-content\/uploads\/2012\/lumikenkailemassa2.jpg\"><img decoding=\"async\" style=\"border: 0px none; margin: 5px;\" src=\"\/blog\/wp-content\/uploads\/2012\/thumbs\/thumbs_lumikenkailemassa2.jpg\" \/><\/a><a href=\"\/blog\/wp-content\/uploads\/2012\/lumikenka.jpg\"><img decoding=\"async\" style=\"border: 0px none; margin: 5px;\" src=\"\/blog\/wp-content\/uploads\/2012\/thumbs\/thumbs_lumikenka.jpg\" alt=\"\" \/><\/a><\/p>\n<p style=\"text-align: center;\"><em>Lumikenk\u00e4ilem\u00e4ss\u00e4 Grouse Mountailla<\/em><\/p>\n<p style=\"text-align: justify;\">Emme tietenk\u00e4\u00e4n olleet vuorella pelk\u00e4st\u00e4\u00e4n ty\u00f6n merkeiss\u00e4, vaan iltap\u00e4iv\u00e4st\u00e4 ohjelmassa oli talviurheilua. K\u00e4vimme lumikenk\u00e4ilem\u00e4ss\u00e4 l\u00e4heisess\u00e4 mets\u00e4ss\u00e4, jossa kiersimme parin kilometrin lenkin. Vaikka kyseess\u00e4 ei ollutkaan lumikenk\u00e4ilyst\u00e4 tuoreessa hangessa, oli se minusta silti todella mukavaa. Laakson m\u00e4r\u00e4st\u00e4 ja pilvisest\u00e4 kelist\u00e4 ei ollut ylh\u00e4\u00e4ll\u00e4 tietoakaan, vaan lunta oli kolmatta metri\u00e4 ja lis\u00e4\u00e4 tiputteli jatkuvasti. Puut olivat kuin <a title=\"El\u00e4myskylpy Kolilla\" href=\"https:\/\/www.vuosiamaailmalla.fi\/?p=7631\">Kolilla konsanaan<\/a>, mik\u00e4 oli kaunis n\u00e4ky. Oppaamme kertoi kiintoisia juttuja ymp\u00e4r\u00f6iv\u00e4st\u00e4 luonnosta ja jututinkin t\u00e4t\u00e4 mukavaa norjalaista miest\u00e4 erin\u00e4isist\u00e4 asioista.<\/p>\n<p style=\"text-align: center;\"><a href=\"\/blog\/wp-content\/uploads\/2012\/lumikenkailemassa3.jpg\" target=\"_blank\" rel=\"noopener noreferrer\"><img decoding=\"async\" style=\"border: 0px none; margin: 5px;\" src=\"\/blog\/wp-content\/uploads\/2012\/thumbs\/thumbs_lumikenkailemassa3.jpg\" alt=\"\" \/><\/a> <a href=\"\/blog\/wp-content\/uploads\/2012\/lumikenkailemassa1.jpg\" target=\"_blank\" rel=\"noopener noreferrer\"><img decoding=\"async\" style=\"border: 0px none; margin: 5px;\" src=\"\/blog\/wp-content\/uploads\/2012\/thumbs\/thumbs_lumikenkailemassa1.jpg\" alt=\"\" \/><\/a><\/p>\n<p style=\"text-align: center;\"><em>Talven ihmemaa<\/em><\/p>\n<p style=\"text-align: justify;\">Pari tuntia vier\u00e4hti mukavasti ja illan pimennytty\u00e4 nautimme vuorella fondue-illallisen. T\u00e4m\u00e4 sveitsil\u00e4inen ruoka oli minulle uusi tuttavuus, mutta se oli tilanteeseen sopiva, sill\u00e4 Niina on paraikaa kavereidemme kanssa laskettelemassa Sveitsin Engelbergiss\u00e4. Varasimme kyseisen reissun syyskuussa juuri ennen tietoa uudesta ty\u00f6paikastani Vancouverissa, mink\u00e4 vuoksi en p\u00e4\u00e4ssyt l\u00e4htem\u00e4\u00e4n reissulle. Noh, hauska h\u00e4nelle ja tulevan viikon perjantaina Niina sitten <a title=\"Sinkkuel\u00e4m\u00e4n loppu\" href=\"https:\/\/www.vuosiamaailmalla.fi\/?p=224\">matkustaa luokseni<\/a> t\u00e4nne Vancouveriin.<\/p>\n<p style=\"text-align: center;\"><a href=\"\/blog\/wp-content\/uploads\/2012\/fondue.jpg\" target=\"_blank\" rel=\"noopener noreferrer\"><img decoding=\"async\" style=\"border: 0px none; margin: 5px;\" src=\"\/blog\/wp-content\/uploads\/2012\/fondue.jpg\" alt=\"\" \/><\/a><\/p>\n<p style=\"text-align: center;\"><em>Fondue-illallinen<\/em><\/p>\n<p style=\"text-align: justify;\">Ensimm\u00e4inen viikonloppuni Vancouverissa oli edellist\u00e4 kahta viikkoa tylsempi. En jaksanut l\u00e4hte\u00e4 itsekseni kovinkaan kauas, mutta ajoin silti huvikseni Coquitlamiin, joka sijaitsee noin 30 kilometri\u00e4 Vancouverista it\u00e4\u00e4n. Coquitlam on 114 000 asukkaan nukkumal\u00e4hi\u00f6, jossa sijaitsee suuri kauppakeskittym\u00e4 <em>Coquitlam Centre<\/em>. K\u00e4vin sy\u00f6m\u00e4ss\u00e4 <em>The Keg<\/em> nimisess\u00e4 pihviravintolassa ja katselin my\u00f6s <a title=\"Silmi\u00e4 hivelev\u00e4 OLED\" href=\"https:\/\/www.vuosiamaailmalla.fi\/?p=9879\">uusia telkkareita<\/a> <em>Best Buyssa<\/em>.<\/p>\n<p style=\"text-align: justify;\">Loppu viikonloppu meni ihan t\u00e4ss\u00e4 kotosalla kiireisen viikon j\u00e4ljilt\u00e4 lev\u00e4tess\u00e4. Onhan t\u00e4ss\u00e4 aikaa kierrell\u00e4 paikkoja kunhan Niinakin saapuu t\u00e4nne ja kelit kev\u00e4tt\u00e4 kohti paranevat. Nyt on nimitt\u00e4in satanut hyvin runsaasti, mik\u00e4 on valitettavan normaalia <a title=\"Kev\u00e4inen talvi\" href=\"https:\/\/www.vuosiamaailmalla.fi\/?p=2655\">Vancouverin talvelle<\/a>.<\/p>\n<p style=\"text-align: justify;\">N\u00e4ill\u00e4 tunnelmilla jatkan t\u00e4ss\u00e4 kohti toista viikkoa ja uusia tarinoita. T\u00e4ss\u00e4 alkuvaiheessa kuvasatoni on viel\u00e4 v\u00e4h\u00e4ist\u00e4 ja muodostuu k\u00e4nnykk\u00e4n\u00e4psyist\u00e4, sill\u00e4 en ole viel\u00e4 jaksanut ottaa <a title=\"Kameralaitteisto: Canon EOS 500D (Rebel T1i)\" href=\"https:\/\/www.vuosiamaailmalla.fi\/?p=2915\">j\u00e4rkk\u00e4ri\u00e4<\/a> mukaan reissuilleni. Onhan t\u00e4ss\u00e4 aikaa ja laittelen n\u00e4kyville parempia kuvia kunhan kelit paranevat sek\u00e4 saan <em>Photoshopin<\/em> j\u00e4lleen asennettua koneelleni. \ud83d\ude42<\/p>\n","protected":false},"excerpt":{"rendered":"<p>Kiireist\u00e4 maahanmuuttoviikkoani seurasi toinen viikko t\u00e4ytt\u00e4 tohinaa ja uuteen kotimaahan asettautumista. Suuntasin heti maanantaiaamusta l\u00e4heiselle Service Canada Centerille, joka my\u00f6nt\u00e4\u00e4 t\u00e4k\u00e4l\u00e4isen SIN:n\u00e4 tunnetun yhdeks\u00e4nnumeroisen sosiaaliturvatunnuksen ty\u00f6lupaa vastaan. SIN on pakollinen kaikille Kanadassa ty\u00f6skenteleville ja sosiaalietuuksia\u00a0 saaville, eli k\u00e4yt\u00e4nn\u00f6ss\u00e4 sellainen on jokaisella maan asukkaalla. Paikalla oli jo aamusta jonoa, mutta sain tunnukseni puolessa tunnissa. Se mukanani &hellip; <a href=\"https:\/\/www.vuosiamaailmalla.fi\/blog\/2012\/ensimmainen-viikko-uudella-mantereella\/\" class=\"more-link\">Jatka lukemista<span class=\"screen-reader-text\"> &#8221;Ensimm\u00e4inen viikko uudella mantereella&#8221;<\/span><\/a><\/p>\n","protected":false},"author":1,"featured_media":10159,"comment_status":"open","ping_status":"open","sticky":false,"template":"","format":"standard","meta":{"_jetpack_memberships_contains_paid_content":false,"footnotes":""},"categories":[17,3,4,13],"tags":[34,932,77,88,129,935,155,182,184,207,939,211],"class_list":["post-228","post","type-post","status-publish","format-standard","has-post-thumbnail","hentry","category-arki-kanadassa","category-arki-ulkomailla","category-asuminen-kanadassa","category-tyoskentely-kanadassa","tag-arki","tag-asunto","tag-burnaby","tag-coquitlam","tag-grouse-mountain","tag-kanada","tag-kanadalainen-juttu","tag-muuttaminen","tag-north-vancouver","tag-tyo","tag-vancouver","tag-vancouver-coal-harbour"],"jetpack_featured_media_url":"https:\/\/www.vuosiamaailmalla.fi\/blog\/wp-content\/uploads\/lumikenkailemassa_banner.jpg","jetpack_sharing_enabled":true,"_links":{"self":[{"href":"https:\/\/www.vuosiamaailmalla.fi\/blog\/wp-json\/wp\/v2\/posts\/228","targetHints":{"allow":["GET"]}}],"collection":[{"href":"https:\/\/www.vuosiamaailmalla.fi\/blog\/wp-json\/wp\/v2\/posts"}],"about":[{"href":"https:\/\/www.vuosiamaailmalla.fi\/blog\/wp-json\/wp\/v2\/types\/post"}],"author":[{"embeddable":true,"href":"https:\/\/www.vuosiamaailmalla.fi\/blog\/wp-json\/wp\/v2\/users\/1"}],"replies":[{"embeddable":true,"href":"https:\/\/www.vuosiamaailmalla.fi\/blog\/wp-json\/wp\/v2\/comments?post=228"}],"version-history":[{"count":0,"href":"https:\/\/www.vuosiamaailmalla.fi\/blog\/wp-json\/wp\/v2\/posts\/228\/revisions"}],"wp:featuredmedia":[{"embeddable":true,"href":"https:\/\/www.vuosiamaailmalla.fi\/blog\/wp-json\/wp\/v2\/media\/10159"}],"wp:attachment":[{"href":"https:\/\/www.vuosiamaailmalla.fi\/blog\/wp-json\/wp\/v2\/media?parent=228"}],"wp:term":[{"taxonomy":"category","embeddable":true,"href":"https:\/\/www.vuosiamaailmalla.fi\/blog\/wp-json\/wp\/v2\/categories?post=228"},{"taxonomy":"post_tag","embeddable":true,"href":"https:\/\/www.vuosiamaailmalla.fi\/blog\/wp-json\/wp\/v2\/tags?post=228"}],"curies":[{"name":"wp","href":"https:\/\/api.w.org\/{rel}","templated":true}]}}