{"id":2294,"date":"2013-09-05T20:58:30","date_gmt":"2013-09-06T03:58:30","guid":{"rendered":"http:\/\/13.53.127.146\/?p=2294"},"modified":"2013-09-15T19:58:07","modified_gmt":"2013-09-16T02:58:07","slug":"paluumatka-halki-neljan-osavaltion","status":"publish","type":"post","link":"https:\/\/www.vuosiamaailmalla.fi\/blog\/2013\/paluumatka-halki-neljan-osavaltion\/","title":{"rendered":"Paluumatka halki nelj\u00e4n osavaltion"},"content":{"rendered":"<p style=\"text-align: justify;\">Kaikki lomat loppuvat valitettavasti jossain vaiheessa, mutta t\u00e4ll\u00e4 lomalla on kyll\u00e4 ollut monia mahtavia hetki\u00e4. Maanantaina tutkimme <a title=\"Yellowstonen porteilla\" href=\"https:\/\/www.vuosiamaailmalla.fi\/?p=2290\">viime viestiss\u00e4<\/a> mainitusti Grand Tetonin luonnonpuistoa, joka on luonnonkaunis tasanko korkean vuorijonon helmassa. Valitettavasti maanantai oli reissumme ainoa sateinen p\u00e4iv\u00e4 ja vuoret olivat koko p\u00e4iv\u00e4n p\u00e4\u00e4osin sadepilvien sis\u00e4ss\u00e4. Kaatosateesta huolimatta teimme kuitenkin pienen vaelluksen <em>Jenny Laken<\/em> rannalta vuorten v\u00e4liss\u00e4 sijaitsevalle n\u00e4k\u00f6alapisteelle, mik\u00e4 oli kylm\u00e4st\u00e4 sateesta huolimatta hieno kokemus.<\/p>\n<p><!--more--><\/p>\n<p style=\"text-align: justify;\">Onneksi tiistaina aloitettu viereisen Yellowstonen tutkiminen onnistui paljon paremmassa s\u00e4\u00e4ss\u00e4. Vaikka koko viikoksi olikin ennustettu ajoittaisia sade- ja ukkoskuuroja, oli keli loppujen lopuksi vain puolipilvinen, mik\u00e4 oli t\u00e4ydellist\u00e4 Yellowstonen lukuisien n\u00e4ht\u00e4vyyksien kiertelyyn. Tiistaina kiersimme luonnonpuiston aktiivisimman geysir-alueen, joka oli jotain todella erilaista ja hyvin mielenkiintoista. Valokuvia v\u00e4rikk\u00e4ist\u00e4, mutta kiehuvan kuumista vesialtaista kertyikin satoja. \ud83d\ude2e Keskiviikkona oli vuorossa Yellowstonen oman <em>Grand Canyonin<\/em> kiertely\u00e4 ja kanjonin n\u00e4ytt\u00e4vien vesiputouksia tarkastelua eri vinkkeleist\u00e4. T\u00e4n\u00e4\u00e4n puolestaan valloitimme <em>Mount Washburnin<\/em> huipun, joka sijaitsee 3122 metrin korkeudessa. Vaellus yl\u00f6s ja takaisin alas oli n\u00e4in korkealla raskas juttu, mutta maisemiltaan eritt\u00e4in palkitseva.<\/p>\n<p style=\"text-align: justify;\">Kolme p\u00e4iv\u00e4\u00e4mme Yellowstonessa olivatkin eritt\u00e4in onnistuneet ja n\u00e4imme kaiken mit\u00e4 olimme suunnitelleetkin n\u00e4kev\u00e4mme. Huomenna onkin aika k\u00e4\u00e4nt\u00e4\u00e4 nokka kohti kotia, jonne on matkaa noin 1500 kilometri\u00e4 ja nelj\u00e4 osavaltiota. Olemme jakaneet ajomatkan kolmeen etappiin, y\u00f6pyen viel\u00e4 Missoulassa sek\u00e4 Spokanessa, ennen paluuta Vancouveriin sunnuntai-illasta. Lomaa on t\u00e4ten j\u00e4ljell\u00e4 viel\u00e4 kolme p\u00e4iv\u00e4\u00e4, mutta n\u00e4m\u00e4 p\u00e4iv\u00e4t menev\u00e4t jo paluutunnelmissa onnistunutta lomaamme muistellen. Matkakertomus kaikista reissun paikoista my\u00f6hemmin. \ud83d\ude42<\/p>\n","protected":false},"excerpt":{"rendered":"<p>Kaikki lomat loppuvat valitettavasti jossain vaiheessa, mutta t\u00e4ll\u00e4 lomalla on kyll\u00e4 ollut monia mahtavia hetki\u00e4. Maanantaina tutkimme viime viestiss\u00e4 mainitusti Grand Tetonin luonnonpuistoa, joka on luonnonkaunis tasanko korkean vuorijonon helmassa. Valitettavasti maanantai oli reissumme ainoa sateinen p\u00e4iv\u00e4 ja vuoret olivat koko p\u00e4iv\u00e4n p\u00e4\u00e4osin sadepilvien sis\u00e4ss\u00e4. Kaatosateesta huolimatta teimme kuitenkin pienen vaelluksen Jenny Laken rannalta vuorten &hellip; <a href=\"https:\/\/www.vuosiamaailmalla.fi\/blog\/2013\/paluumatka-halki-neljan-osavaltion\/\" class=\"more-link\">Jatka lukemista<span class=\"screen-reader-text\"> &#8221;Paluumatka halki nelj\u00e4n osavaltion&#8221;<\/span><\/a><\/p>\n","protected":false},"author":1,"featured_media":0,"comment_status":"open","ping_status":"open","sticky":false,"template":"","format":"standard","meta":{"_jetpack_memberships_contains_paid_content":false,"footnotes":""},"categories":[7,12],"tags":[601,603,219],"class_list":["post-2294","post","type-post","status-publish","format-standard","hentry","category-matkakertomukset","category-matkalla-kerrottua","tag-matkakertomus-yellowstone","tag-yellowstone","tag-yhdysvallat"],"jetpack_featured_media_url":"","jetpack_sharing_enabled":true,"_links":{"self":[{"href":"https:\/\/www.vuosiamaailmalla.fi\/blog\/wp-json\/wp\/v2\/posts\/2294","targetHints":{"allow":["GET"]}}],"collection":[{"href":"https:\/\/www.vuosiamaailmalla.fi\/blog\/wp-json\/wp\/v2\/posts"}],"about":[{"href":"https:\/\/www.vuosiamaailmalla.fi\/blog\/wp-json\/wp\/v2\/types\/post"}],"author":[{"embeddable":true,"href":"https:\/\/www.vuosiamaailmalla.fi\/blog\/wp-json\/wp\/v2\/users\/1"}],"replies":[{"embeddable":true,"href":"https:\/\/www.vuosiamaailmalla.fi\/blog\/wp-json\/wp\/v2\/comments?post=2294"}],"version-history":[{"count":0,"href":"https:\/\/www.vuosiamaailmalla.fi\/blog\/wp-json\/wp\/v2\/posts\/2294\/revisions"}],"wp:attachment":[{"href":"https:\/\/www.vuosiamaailmalla.fi\/blog\/wp-json\/wp\/v2\/media?parent=2294"}],"wp:term":[{"taxonomy":"category","embeddable":true,"href":"https:\/\/www.vuosiamaailmalla.fi\/blog\/wp-json\/wp\/v2\/categories?post=2294"},{"taxonomy":"post_tag","embeddable":true,"href":"https:\/\/www.vuosiamaailmalla.fi\/blog\/wp-json\/wp\/v2\/tags?post=2294"}],"curies":[{"name":"wp","href":"https:\/\/api.w.org\/{rel}","templated":true}]}}