{"id":2297,"date":"2013-09-10T19:30:39","date_gmt":"2013-09-11T02:30:39","guid":{"rendered":"http:\/\/13.53.127.146\/?p=2297"},"modified":"2023-09-03T12:36:36","modified_gmt":"2023-09-03T19:36:36","slug":"seitseman-vuotta-maailmalla","status":"publish","type":"post","link":"https:\/\/www.vuosiamaailmalla.fi\/blog\/2013\/seitseman-vuotta-maailmalla\/","title":{"rendered":"Seitsem\u00e4n vuotta maailmalla"},"content":{"rendered":"<p style=\"text-align: justify;\">Blogini nimi <em>vuosia maailmalla<\/em> on pitk\u00e4n harkinnan tulos. Nime\u00e4 valitessani pyrkimukseni oli kuvata jotain piirrett\u00e4 el\u00e4m\u00e4ss\u00e4mme ulkomailla, joksi valikoitui lopulta &#8221;retkemme&#8221; pituus, jolle tuli nyt kuun alussa t\u00e4yteen seitsem\u00e4n vuotta ulkomailla asumista. T\u00e4t\u00e4 kirjoittaessani t\u00e4ss\u00e4 menn\u00e4\u00e4nkin jo toista viikkoa kahdeksannen vuoden puolella ja pian aletaankin l\u00e4hesty\u00e4 ensimm\u00e4isen vuosikymmenen t\u00e4yttymist\u00e4. Miten nopeasti aika onkaan mennyt?<\/p>\n<p><!--more--><\/p>\n<p style=\"text-align: justify;\">Minulle on ollut muodostunut vuotuiseksi perinteeksi kirjoittaa tunnelmistamme jokaisen vuoden j\u00e4lkeen t\u00e4nne blogiin ja <a title=\"Kuusi vuotta maailmalla\" href=\"https:\/\/www.vuosiamaailmalla.fi\/?p=616\">viime vuotinen kirjoitukseni<\/a> aiheesta kertoi muutosten vuodesta. Siihen liittyiv\u00e4t olennaisena osana <a title=\"Maahanmuutto bisnesluokassa\" href=\"https:\/\/www.vuosiamaailmalla.fi\/?p=230\">muutto Saksasta Kanadaan<\/a> ja t\u00e4nne asettautuminen. Jo vuosi sitten oli tiedossa, ett\u00e4 ty\u00f6paikkamme tulisi <a title=\"Yhden aikakauden p\u00e4\u00e4t\u00f6s ja uuden alku\" href=\"https:\/\/www.vuosiamaailmalla.fi\/?p=1567\">vaihtumaan<\/a> l\u00e4hitulevaisuudessa, mutta viel\u00e4 tuolloin emme tienneet miten <a title=\"Ruljanssi Kanadan ty\u00f6lupien kanssa\" href=\"https:\/\/www.vuosiamaailmalla.fi\/?p=1571\">lupa-asiat<\/a> ja kaikki muut seikat onnistuisivat k\u00e4yt\u00e4nn\u00f6ss\u00e4. Avoinna oli mahdollisuutemme j\u00e4\u00e4d\u00e4 Vancouveriin ja Kanadaan.<\/p>\n<p style=\"text-align: justify;\">Lopulta kaikki j\u00e4rjestyi kohdallamme uskomattoman hyvin ja selvisimme ehk\u00e4 hankalammista mahdollisesta tilanteesta: molempien joutumisesta irtisanotuksi samalla kertaa. Tuuria on ollut ehdottomasti matkassa, sill\u00e4 olemme saaneet todistaa monen tuttavamme k\u00e4\u00e4nteit\u00e4 samaisessa tilanteessa ja kaikilla asiat eiv\u00e4t sujuneet yht\u00e4 hyvin. Valitettavasti muutama tuttavamme joutui j\u00e4tt\u00e4m\u00e4\u00e4n Vancouverin taakseen ja palaamaan joko Suomeen tai muuttamaan toisaalle, kuten esimerkiksi <a title=\"Ty\u00f6matka Bostoniin\" href=\"https:\/\/www.vuosiamaailmalla.fi\/?p=1240\">Bostoniin<\/a>, joka oli meill\u00e4kin yhdess\u00e4 vaiheessa vaihtoehtona.<\/p>\n<p style=\"text-align: justify;\">Asiat saivat meid\u00e4n kohdallamme selke\u00e4n p\u00e4\u00e4t\u00f6ksen vasta nyt elokuun alussa, kun saimme tiedon siit\u00e4, ett\u00e4 meille on my\u00f6nnetty <a title=\"Kanadan pysyv\u00e4t asukkaat\" href=\"https:\/\/www.vuosiamaailmalla.fi\/?p=9660\">pysyv\u00e4 asumislupa Kanadaan<\/a>. Tulen kirjoittamaan t\u00e4st\u00e4 prosessista my\u00f6hemmin lis\u00e4\u00e4, mutta k\u00e4yt\u00e4nn\u00f6ss\u00e4 meill\u00e4 on nyt lupa asua maassa niin halutessamme <strong>pysyv\u00e4sti<\/strong>. Voimme asua ja ty\u00f6skennell\u00e4 miss\u00e4 p\u00e4in Kanadaa tahansa ja mille tahansa ty\u00f6nantajalle ilman mit\u00e4\u00e4n v\u00e4liaikaisia lupia. T\u00e4m\u00e4n statuksen saaminen onkin iso askel ja helpottaa el\u00e4m\u00e4\u00e4mme tuntuvasti. Se saattaa my\u00f6s ajan kanssa muuttua yh\u00e4 enemm\u00e4n ankkuriksi t\u00e4nne Kanadaan, vaikkakin ajatuksemme onkin viel\u00e4 jonain p\u00e4iv\u00e4n\u00e4 palata Eurooppaan. T\u00e4ll\u00e4 hetkell\u00e4 meid\u00e4n on kuitenkin ehdottomasti <a title=\"Kanadan ty\u00f6tt\u00f6myyslukuja\" href=\"https:\/\/www.vuosiamaailmalla.fi\/?p=2076\">parasta t\u00e4\u00e4ll\u00e4<\/a> ja Euroopan (ja varsinkin Suomen) taloustilanne ei kyll\u00e4 nostata mink\u00e4\u00e4nlaisia paluumuuttoajatuksia. Kiintoisaa on kuitenkin n\u00e4hd\u00e4 miten omat ajatukset t\u00e4st\u00e4 kehittyv\u00e4t ja mit\u00e4 asiasta mahtaa tuumata ensi vuonna.<\/p>\n<p style=\"text-align: justify;\">Jos on ollut mennyt vuosi muutosten vuosi, on se ollut my\u00f6s kotiutumisen vuosi. Olemme tulleet hyvin tutuksi Vancouverin ja kanadalaisen el\u00e4m\u00e4ntyylin kanssa, joista molemmista olemme pit\u00e4neet kovasti. Meill\u00e4 on ehtinyt k\u00e4yd\u00e4 jo muutamia <a title=\"Vieraita vanhalta mantereelta\" href=\"https:\/\/www.vuosiamaailmalla.fi\/?p=2118\">ensimm\u00e4isi\u00e4<\/a> <a title=\"Kes\u00e4n viimeiset vieraat\" href=\"https:\/\/www.vuosiamaailmalla.fi\/?p=2276\">vieraitakin<\/a>, mink\u00e4 lis\u00e4ksi olemme kerenneet reissata muutaman tuhannen kilometrin s\u00e4teell\u00e4 Vancouverista. Paljon n\u00e4ht\u00e4v\u00e4\u00e4 ja koettavaa on silti viel\u00e4 j\u00e4ljell\u00e4, mutta jo nyt on todettava, ett\u00e4 Vancouver on kyll\u00e4 hyv\u00e4 kaupunki ja Kanada hyv\u00e4 maa asua (jos siihen vain on <a title=\"Pohjois-Amerikan kallein kaupunki\" href=\"https:\/\/www.vuosiamaailmalla.fi\/?p=211\">varaa<\/a>). Olemme viihtyneet Vancouverissa hyvin ja kaupunkia <a title=\"Automatka vuorten ymp\u00e4ri\" href=\"https:\/\/www.vuosiamaailmalla.fi\/?p=2193\">ymp\u00e4r\u00f6iv\u00e4 luonto<\/a> on vain jotain mahtavaa. Ainoa harmillinen asia onkin, ett\u00e4 nyt amerikkalaisen yrityksen palveluksessa on liian v\u00e4h\u00e4n vapaa-aikaa t\u00e4st\u00e4 kaikesta nauttimiseen.<\/p>\n<p style=\"text-align: justify;\">Hauska tapaus t\u00e4n\u00e4 vuonna on ollut my\u00f6s pikkuveljeni l\u00e4ht\u00f6 vaihto-opiskelemaan Yhdysvaltoihin. Veljeni on minua seitsem\u00e4n vuotta vuorempi, mik\u00e4 tarkoittaa ett\u00e4 h\u00e4n l\u00e4hti maailmalle t\u00e4sm\u00e4lleen saman ik\u00e4isen\u00e4 kuin min\u00e4kin. H\u00e4n tuskin kuitenkaan on muuttamassa pysyv\u00e4sti ulkomaille, sill\u00e4 h\u00e4nen tytt\u00f6yst\u00e4v\u00e4ns\u00e4 j\u00e4i lukukauden ajaksi Suomeen, mutta tulen kyll\u00e4 vierailemaan h\u00e4nen luonaan Michiganissa joulun tienoilla. Pakko on toki todeta, ett\u00e4 l\u00e4hdimme sit\u00e4 mekin <a title=\"Kolme p\u00e4iv\u00e4\u00e4 l\u00e4ht\u00f6\u00f6n\" href=\"https:\/\/www.vuosiamaailmalla.fi\/?p=593\">alunperin matkaan<\/a> vain lukukaudeksi, mist\u00e4 on nyt tosiaan kulunut seitsem\u00e4n vuotta&#8230;<\/p>\n<p style=\"text-align: justify;\">Tulevasta vuodesta on vaikea tehd\u00e4 arvioita, sill\u00e4 suunnitelmia ei ole t\u00e4ll\u00e4 hetkell\u00e4 kovin paljoa. Olisi ihan mukava jos suuria muutoksia ei tapahtuisi t\u00e4n\u00e4 vuonna, vaan kahden myllerrysvuoden j\u00e4lkeen saisi v\u00e4h\u00e4n asettautua ja nauttia siit\u00e4 mit\u00e4 ymp\u00e4rill\u00e4 nyt on. Aika n\u00e4ytt\u00e4\u00e4 miten k\u00e4y ja tulenkin varmasti kirjoittamaan aiheesta taas <a title=\"Kahdeksan vuotta maailmalla\" href=\"https:\/\/www.vuosiamaailmalla.fi\/?p=3153\">ensi syksyn\u00e4<\/a>.<\/p>\n","protected":false},"excerpt":{"rendered":"<p>Blogini nimi vuosia maailmalla on pitk\u00e4n harkinnan tulos. Nime\u00e4 valitessani pyrkimukseni oli kuvata jotain piirrett\u00e4 el\u00e4m\u00e4ss\u00e4mme ulkomailla, joksi valikoitui lopulta &#8221;retkemme&#8221; pituus, jolle tuli nyt kuun alussa t\u00e4yteen seitsem\u00e4n vuotta ulkomailla asumista. T\u00e4t\u00e4 kirjoittaessani t\u00e4ss\u00e4 menn\u00e4\u00e4nkin jo toista viikkoa kahdeksannen vuoden puolella ja pian aletaankin l\u00e4hesty\u00e4 ensimm\u00e4isen vuosikymmenen t\u00e4yttymist\u00e4. Miten nopeasti aika onkaan mennyt?<\/p>\n","protected":false},"author":1,"featured_media":0,"comment_status":"open","ping_status":"open","sticky":false,"template":"","format":"standard","meta":{"_jetpack_memberships_contains_paid_content":false,"footnotes":""},"categories":[17,3,4,13],"tags":[25,34,935,182,207,939],"class_list":["post-2297","post","type-post","status-publish","format-standard","hentry","category-arki-kanadassa","category-arki-ulkomailla","category-asuminen-kanadassa","category-tyoskentely-kanadassa","tag-ajankohtaista","tag-arki","tag-kanada","tag-muuttaminen","tag-tyo","tag-vancouver"],"jetpack_featured_media_url":"","jetpack_sharing_enabled":true,"_links":{"self":[{"href":"https:\/\/www.vuosiamaailmalla.fi\/blog\/wp-json\/wp\/v2\/posts\/2297","targetHints":{"allow":["GET"]}}],"collection":[{"href":"https:\/\/www.vuosiamaailmalla.fi\/blog\/wp-json\/wp\/v2\/posts"}],"about":[{"href":"https:\/\/www.vuosiamaailmalla.fi\/blog\/wp-json\/wp\/v2\/types\/post"}],"author":[{"embeddable":true,"href":"https:\/\/www.vuosiamaailmalla.fi\/blog\/wp-json\/wp\/v2\/users\/1"}],"replies":[{"embeddable":true,"href":"https:\/\/www.vuosiamaailmalla.fi\/blog\/wp-json\/wp\/v2\/comments?post=2297"}],"version-history":[{"count":2,"href":"https:\/\/www.vuosiamaailmalla.fi\/blog\/wp-json\/wp\/v2\/posts\/2297\/revisions"}],"predecessor-version":[{"id":13266,"href":"https:\/\/www.vuosiamaailmalla.fi\/blog\/wp-json\/wp\/v2\/posts\/2297\/revisions\/13266"}],"wp:attachment":[{"href":"https:\/\/www.vuosiamaailmalla.fi\/blog\/wp-json\/wp\/v2\/media?parent=2297"}],"wp:term":[{"taxonomy":"category","embeddable":true,"href":"https:\/\/www.vuosiamaailmalla.fi\/blog\/wp-json\/wp\/v2\/categories?post=2297"},{"taxonomy":"post_tag","embeddable":true,"href":"https:\/\/www.vuosiamaailmalla.fi\/blog\/wp-json\/wp\/v2\/tags?post=2297"}],"curies":[{"name":"wp","href":"https:\/\/api.w.org\/{rel}","templated":true}]}}