{"id":2315,"date":"2011-04-04T19:17:57","date_gmt":"2011-04-05T02:17:57","guid":{"rendered":"http:\/\/13.53.127.146\/?p=2315"},"modified":"2013-09-15T12:14:49","modified_gmt":"2013-09-15T19:14:49","slug":"grillikausi-alkoi-lauantaina","status":"publish","type":"post","link":"https:\/\/www.vuosiamaailmalla.fi\/blog\/2011\/grillikausi-alkoi-lauantaina\/","title":{"rendered":"Grillikausi alkoi lauantaina"},"content":{"rendered":"<p style=\"text-align: justify;\">Kuten ennustettua, oli mennyt viikonloppu eritt\u00e4in l\u00e4mmin. Lauantaina l\u00e4mp\u00f6tila kutitteli +22 astetta ja sunnuntaina vuokra-auton mittari n\u00e4ytti hetken jopa +25,5 asteen l\u00e4mp\u00f6j\u00e4. Sunnuntaina koettiin siis kes\u00e4n ensimm\u00e4inen hellep\u00e4iv\u00e4! Kauniin kelin johdosta ihmisi\u00e4 olikin kaupungilla lauantai-iltana valtavasti. Ravintoloiden terassit olivat t\u00e4ynn\u00e4 ruokailijoita ja keskustan nurmialueet auringosta nauttijoita. Me olimme koko p\u00e4iv\u00e4n tien p\u00e4\u00e4ll\u00e4, mutta illalla kotiin palattuamme p\u00e4\u00e4timme aloittaa t\u00e4m\u00e4n vuoden grillikauden. Kuten arvata saattaa, olivat vuoden ensimm\u00e4isen grillimakkarat erinomaiset ja ne nautittiin tietysti kera perunasalaatin ja muun asiaan kuuluvan. Iltakahdeksalta olisi tarjennut viel\u00e4 hyvin ulkona, mutta h\u00e4m\u00e4r\u00e4n takia p\u00e4\u00e4dyimme sy\u00f6m\u00e4\u00e4n sis\u00e4ll\u00e4.<\/p>\n<p style=\"text-align: justify;\">Viikonloppu oli siis kelilt\u00e4\u00e4n yksinkertaisen upea, mutta uusi viikko alkoi sateisena. Tosin t\u00e4n\u00e4iset muutamat sadekuurot ovat olleet nekin kes\u00e4m\u00e4isen l\u00e4mpim\u00e4t. Koko viikon l\u00e4mp\u00f6tilaksi on luvattu 14-19 plusastetta, joten kelit jatkuvat mahtavina. Nyt ainoa j\u00e4nnitys keskittyykin tulevan viikonlopun keliin Hampurin suunnalla, jonne matkaamme perjantaiaamuna. Sit\u00e4 ennen l\u00e4mp\u00f6\u00e4 ja vett\u00e4 saanut paikallinen luonto ehtii varmasti puhkea t\u00e4yteen kukoistukseen. Jo nyt puiden lehdet ovat auenneet, ruoho vihert\u00e4\u00e4 ja kukat kukoistavat. Onkin semmoinen kutina, ett\u00e4 tiedossa on hieno kes\u00e4! 8)<\/p>\n","protected":false},"excerpt":{"rendered":"<p>Kuten ennustettua, oli mennyt viikonloppu eritt\u00e4in l\u00e4mmin. Lauantaina l\u00e4mp\u00f6tila kutitteli +22 astetta ja sunnuntaina vuokra-auton mittari n\u00e4ytti hetken jopa +25,5 asteen l\u00e4mp\u00f6j\u00e4. Sunnuntaina koettiin siis kes\u00e4n ensimm\u00e4inen hellep\u00e4iv\u00e4! Kauniin kelin johdosta ihmisi\u00e4 olikin kaupungilla lauantai-iltana valtavasti. Ravintoloiden terassit olivat t\u00e4ynn\u00e4 ruokailijoita ja keskustan nurmialueet auringosta nauttijoita. Me olimme koko p\u00e4iv\u00e4n tien p\u00e4\u00e4ll\u00e4, mutta illalla kotiin &hellip; <a href=\"https:\/\/www.vuosiamaailmalla.fi\/blog\/2011\/grillikausi-alkoi-lauantaina\/\" class=\"more-link\">Jatka lukemista<span class=\"screen-reader-text\"> &#8221;Grillikausi alkoi lauantaina&#8221;<\/span><\/a><\/p>\n","protected":false},"author":1,"featured_media":0,"comment_status":"open","ping_status":"open","sticky":false,"template":"","format":"standard","meta":{"_jetpack_memberships_contains_paid_content":false,"footnotes":""},"categories":[18,3],"tags":[25,34,49,159,190],"class_list":["post-2315","post","type-post","status-publish","format-standard","hentry","category-arki-saksassa","category-arki-ulkomailla","tag-ajankohtaista","tag-arki","tag-berliini","tag-kesa","tag-saksa"],"jetpack_featured_media_url":"","jetpack_sharing_enabled":true,"_links":{"self":[{"href":"https:\/\/www.vuosiamaailmalla.fi\/blog\/wp-json\/wp\/v2\/posts\/2315","targetHints":{"allow":["GET"]}}],"collection":[{"href":"https:\/\/www.vuosiamaailmalla.fi\/blog\/wp-json\/wp\/v2\/posts"}],"about":[{"href":"https:\/\/www.vuosiamaailmalla.fi\/blog\/wp-json\/wp\/v2\/types\/post"}],"author":[{"embeddable":true,"href":"https:\/\/www.vuosiamaailmalla.fi\/blog\/wp-json\/wp\/v2\/users\/1"}],"replies":[{"embeddable":true,"href":"https:\/\/www.vuosiamaailmalla.fi\/blog\/wp-json\/wp\/v2\/comments?post=2315"}],"version-history":[{"count":0,"href":"https:\/\/www.vuosiamaailmalla.fi\/blog\/wp-json\/wp\/v2\/posts\/2315\/revisions"}],"wp:attachment":[{"href":"https:\/\/www.vuosiamaailmalla.fi\/blog\/wp-json\/wp\/v2\/media?parent=2315"}],"wp:term":[{"taxonomy":"category","embeddable":true,"href":"https:\/\/www.vuosiamaailmalla.fi\/blog\/wp-json\/wp\/v2\/categories?post=2315"},{"taxonomy":"post_tag","embeddable":true,"href":"https:\/\/www.vuosiamaailmalla.fi\/blog\/wp-json\/wp\/v2\/tags?post=2315"}],"curies":[{"name":"wp","href":"https:\/\/api.w.org\/{rel}","templated":true}]}}