{"id":232,"date":"2012-01-23T18:16:14","date_gmt":"2012-01-24T02:16:14","guid":{"rendered":"http:\/\/127.0.0.1:4001\/wordpress\/?p=232"},"modified":"2023-02-11T19:23:50","modified_gmt":"2023-02-12T03:23:50","slug":"viimeinen-tyopaiva-ja-saksasta-lahdon-haikeus","status":"publish","type":"post","link":"https:\/\/www.vuosiamaailmalla.fi\/blog\/2012\/viimeinen-tyopaiva-ja-saksasta-lahdon-haikeus\/","title":{"rendered":"Viimeinen ty\u00f6p\u00e4iv\u00e4 ja Saksasta l\u00e4hd\u00f6n haikeus"},"content":{"rendered":"<p style=\"text-align: justify;\">Kuten edellisess\u00e4 kirjoituksessani kerroin, saimme viimein menneen\u00e4 tiistaina tiedon hyv\u00e4ksytyist\u00e4 ty\u00f6luvistamme Kanadaan. Vaikka meill\u00e4 olikin ollut l\u00e4hes kolme kuukautta aikaa valmistautua tuohon hetkeen, tuli se lopulta kuitenkin yll\u00e4tt\u00e4v\u00e4n nopeasti. Onneksemme Berliinin p\u00e4\u00e4ss\u00e4 asiat olivat jo tuossa vaiheessa hyv\u00e4ll\u00e4 mallilla. Kolmen kuukauden irtisanomisajalla (tyypillist\u00e4 Saksassa) varustettu asuntomme oli irtisanottu jo lokakuun lopulla, joten sen vuokrasopimus p\u00e4\u00e4ttyy sopivasti tammikuun loppuun. Olimme my\u00f6s irtisanoneet jo annalta erin\u00e4isi\u00e4 muita sopimuksia jo joulukuussa niin ett\u00e4 ne p\u00e4\u00e4ttyv\u00e4t my\u00f6s t\u00e4m\u00e4n kuun loppuun.<\/p>\n<p><!--more--><\/p>\n<p style=\"text-align: justify;\">Joulukuussa aloitimme my\u00f6s tavaroidemme myymisen, sill\u00e4 tarkoituksemme on shipata Kanadaan vain noin kymmenen kuutiota tavaraa. Loput olemme yritt\u00e4neet myyd\u00e4 Berliiniss\u00e4, mik\u00e4 on osoittautunut ennakoitua helpommaksi hommaksi. N\u00e4ytt\u00e4\u00e4 silt\u00e4, ett\u00e4 jos vain hinta on oikea, tavara kyll\u00e4 tekee kauppansa. Olemme myyneet tavaramme l\u00e4hinn\u00e4 <em>eBayn<\/em> ilmaisella <a href=\"https:\/\/www.ebay-kleinanzeigen.de\/\"><em>Kleinanzeigen<\/em> -osastolla<\/a>, joka on suosittu Saksassa. Tavaraa tulee myyntiin sellaista vauhtia, ett\u00e4 ilmoituksiaan saa olla uudistamassa parin p\u00e4iv\u00e4n v\u00e4lein, jotta ne pysyv\u00e4t edes jonkin aikaa n\u00e4kyvill\u00e4. Myynti\u00e4 joudutti, ett\u00e4 kirjoitimme kaikki ilmoituksemme saksaksi ja ainoina ehtoina olivat k\u00e4tev\u00e4sti nouto sek\u00e4 maksu k\u00e4teisell\u00e4 noudettaessa. N\u00e4ill\u00e4 ehdoin kaupaksi k\u00e4viv\u00e4t muun muassa s\u00e4nkymme, sohva, keitti\u00f6p\u00f6yt\u00e4 ja tuolit, tietokonep\u00f6yt\u00e4, makuuhuoneen kaapistot sek\u00e4 paljon pient\u00e4 irtotavaraa. Ainoa myyntiin laitettu esine, jota emme n\u00e4yt\u00e4 saavan kaupaksi on muovinen joulukuusemme kera kynttelik\u00f6n. Nyt on vaan niin sesongin ulkopuolinen aika, ett\u00e4 edes saksalainen ei tartu todelliseen <em>Schn\u00e4ppchen<\/em> tarjoukseemme siit\u00e4. Niinp\u00e4 ainoa ratkaisu lieneekin kiikuttaa kuusi perisaksalaiseen tapaan kadulle, mist\u00e4 joku sen aivan varmasti ilmaiseksi vie mukanaan.<\/p>\n<p style=\"text-align: justify;\">Sopimuksia ja tavaran myynti\u00e4 olimme ehtineet valmistella jo pitk\u00e4\u00e4n, joten niiden kanssa meill\u00e4 ei tullut kiire. Pienell\u00e4 varoitusajalla tuli kuitenkin viimeinen ty\u00f6p\u00e4iv\u00e4ni, joka oli heti ilmoitusta seuraavana p\u00e4iv\u00e4n\u00e4, viime keskiviikkona. P\u00e4iv\u00e4 oli eritt\u00e4in haikea, sill\u00e4 olen ehtinyt ty\u00f6skennell\u00e4 Berliiniss\u00e4 <a title=\"Yhden aikakauden p\u00e4\u00e4t\u00f6s ja uuden alku\" href=\"http:\/\/www.vuosiamaailmalla.fi\/blog\/2013\/yhden-aikakauden-paatos-ja-uuden-alku\/\">samassa firmassa<\/a> melkein nelj\u00e4 ja puoli vuotta. Se on softa-alalla pitk\u00e4 aika ja tuossa ajassa onkin n\u00e4hty paljon muutoksia. Kyseess\u00e4 on hienosta ajasta, sill\u00e4 tuona aikana Berliinin-osastomme v\u00e4kim\u00e4\u00e4r\u00e4 moninkertaistui voimakkaan kasvun seurauksena, mit\u00e4 oli hienoa olla todistamassa. Olimmekin Niinan kanssa yhdet pisimp\u00e4\u00e4n Berliinin toimistollamme ty\u00f6skennelleist\u00e4, mik\u00e4 on v\u00e4h\u00e4n hassua kun ajattelee, ett\u00e4 kyseess\u00e4 oli meille molemmille ensimm\u00e4isest\u00e4 ty\u00f6paikasta yliopistosta valmistuttuamme.<\/p>\n<p style=\"text-align: justify;\">Koska olimme olleet Berliinin toimistolla niin pitk\u00e4\u00e4n, monet mielsiv\u00e4t meid\u00e4t ikuisiksi berliinil\u00e4isiksi. Niinp\u00e4 ilmoitukseni lokakuun viimeisen\u00e4 p\u00e4iv\u00e4n\u00e4 tulevasta muutostamme Vancouveriin tulikin yll\u00e4tyksen\u00e4 kaikille. Tuon j\u00e4lkeen asiaa on kuitenkin ehditty k\u00e4sitell\u00e4 lukuisissa keskusteluissa, mink\u00e4 lis\u00e4ksi olen jo toista kuukautta suorittanut teht\u00e4vieni pehmeet\u00e4 handoveria kolleegalleni. Tarkoituksenihan oli p\u00e4\u00e4tt\u00e4\u00e4 ty\u00f6ni Berliiniss\u00e4 ennen joululomaa, mutta pitkittynyt ty\u00f6lupaprosessi johti siihen, ett\u00e4 olin lopulta tammikuussakin kolme viikkoa toimistolla. T\u00e4st\u00e4 riitti juttua ja kolleegat utelivat joka p\u00e4iv\u00e4 tilanteen etenemist\u00e4. Uteliaisuus oli toki mukavaa, mutta toivottaman hitaan tuntuisen prosessin keskell\u00e4 se oli joskus tuskastuttavaa. Lopulta menneen\u00e4 keskiviikkona sain sitten lopultakin kertoa, ett\u00e4 nyt se l\u00e4ht\u00f6 tuli.<\/p>\n<p style=\"text-align: justify;\">Kolleegamme j\u00e4\u00e4v\u00e4t kaiketi aidosti kaipaamaan meit\u00e4, sill\u00e4 keskiviikkona toimistolla pidettiin meille pieni tilaisuus. Noin 40 l\u00e4hint\u00e4 kolleegaamme saapui paikalle muistelemaan mennyt aikaa, sek\u00e4 antamaan meille muistoksi hienon Berliini aiheisen taulun. Joukossa on paljon maisemia, jotka ovat liittyneet viimeisiin nelj\u00e4\u00e4n ja puoleen vuoteen. Taulun takana on lis\u00e4ksi kiva muistokirjoitus kaikkien nimikirjoituksilla varustettuna, mik\u00e4 tekee lahjasta ikimuistoisen!<\/p>\n<p style=\"text-align: justify;\"><em>&#8221;Dear Klaus + Niina, we are going to miss having both of you here watching our backs, making sure nothing gets lost in the backlog, keeping us honest in bug prioritization and forcing us to do all the boring details right. Wherever you go next, we hope they appreciate you as much as we have. We wish you fun, adventure, great food, and lots of laughter. Don&#8217;t forget to keep in touch!&#8221;<\/em><\/p>\n<p style=\"text-align: center;\"><a href=\"\/blog\/wp-content\/uploads\/2012\/muistotaulu2.jpg\"><img decoding=\"async\" style=\"border: 0px none; margin: 5px;\" src=\"\/blog\/wp-content\/uploads\/2012\/thumbs\/thumbs_muistotaulu2.jpg\" \/><\/a> <a href=\"\/blog\/wp-content\/uploads\/2012\/muistotaulu1.jpg\"><img decoding=\"async\" style=\"border: 0px none; margin: 5px;\" src=\"\/blog\/wp-content\/uploads\/2012\/thumbs\/thumbs_muistotaulu1.jpg\" \/><\/a><\/p>\n<p style=\"text-align: center;\"><em>Ikimuistoinen lahja kolleegoilta<\/em><\/p>\n<p style=\"text-align: justify;\">Muisteluiden j\u00e4lkeen k\u00e4vimme kymmenen l\u00e4himm\u00e4n ty\u00f6kaverin kanssa yhteisell\u00e4 lounaalla, mink\u00e4 per\u00e4st\u00e4 iltap\u00e4iv\u00e4 menikin p\u00f6yd\u00e4n ja laatikostojen siivouksessa. Haikeudella luovutin viimeisetkin tavarani HR:lle ja heitin pitk\u00e4aikaisille yst\u00e4ville hyv\u00e4stit. Toki muutamat heist\u00e4 tulevat aivan varmasti vierailemaan luonamme Vancouverissa my\u00f6hemmin, mutta sinne on kuukausia, jossei vuosia, aikaa.<\/p>\n<p style=\"text-align: justify;\">Samanlaista haikeutta on ollut ilmassa koko viimeiset kolme kuukautta. Kaikkialla miss\u00e4 on k\u00e4ynyt ja kaikki mit\u00e4 on tehnyt, on aina tajunnut ett\u00e4 kyse on todenn\u00e4k\u00f6isesti viimeisest\u00e4 kerrasta koskaan. Erityisen haikea on j\u00e4tt\u00e4\u00e4 mahtava asuntomme, josta kirjoitan tarkemmin viel\u00e4 jokin p\u00e4iv\u00e4.<\/p>\n<p style=\"text-align: justify;\">Kaikki t\u00e4m\u00e4 haikeus kertonee sit\u00e4, ett\u00e4 olemme viihtyneet Berliiniss\u00e4 eritt\u00e4in hyvin. Sek\u00e4 ty\u00f6, ett\u00e4 <a title=\"Viisi vuotta Saksassa\" href=\"http:\/\/www.vuosiamaailmalla.fi\/blog\/2011\/viisi-vuotta-saksassa\/\">el\u00e4m\u00e4 Saksassa<\/a> (viisi ja puoli vuotta!) ovat olleet mahtavaa aikaa, jota tulee kielt\u00e4m\u00e4tt\u00e4 ik\u00e4v\u00e4. Toki selv\u00e4\u00e4 on, ett\u00e4 el\u00e4m\u00e4 Vancouverissa tuonee paljon hienoja hetki\u00e4 ja uusia seikkailuja, mutta t\u00e4ss\u00e4 muuton kynnyksell\u00e4 se esiin puskevin tunne on silti haikeus. Saksa on kuitenkin meille aina se ensimm\u00e4inen ulkomaa, jossa asuimme. Eli ainakin meid\u00e4n kokemuksen mukaan Seppo R\u00e4ty olikin hyvin v\u00e4\u00e4r\u00e4ss\u00e4 kuuluisassa mielipiteess\u00e4\u00e4n.<\/p>\n","protected":false},"excerpt":{"rendered":"<p>Kuten edellisess\u00e4 kirjoituksessani kerroin, saimme viimein menneen\u00e4 tiistaina tiedon hyv\u00e4ksytyist\u00e4 ty\u00f6luvistamme Kanadaan. Vaikka meill\u00e4 olikin ollut l\u00e4hes kolme kuukautta aikaa valmistautua tuohon hetkeen, tuli se lopulta kuitenkin yll\u00e4tt\u00e4v\u00e4n nopeasti. Onneksemme Berliinin p\u00e4\u00e4ss\u00e4 asiat olivat jo tuossa vaiheessa hyv\u00e4ll\u00e4 mallilla. Kolmen kuukauden irtisanomisajalla (tyypillist\u00e4 Saksassa) varustettu asuntomme oli irtisanottu jo lokakuun lopulla, joten sen vuokrasopimus p\u00e4\u00e4ttyy &hellip; <a href=\"https:\/\/www.vuosiamaailmalla.fi\/blog\/2012\/viimeinen-tyopaiva-ja-saksasta-lahdon-haikeus\/\" class=\"more-link\">Jatka lukemista<span class=\"screen-reader-text\"> &#8221;Viimeinen ty\u00f6p\u00e4iv\u00e4 ja Saksasta l\u00e4hd\u00f6n haikeus&#8221;<\/span><\/a><\/p>\n","protected":false},"author":1,"featured_media":11615,"comment_status":"open","ping_status":"open","sticky":false,"template":"","format":"standard","meta":{"_jetpack_memberships_contains_paid_content":false,"footnotes":""},"categories":[18,3,5,14],"tags":[34,49,935,182,190,207,939],"class_list":["post-232","post","type-post","status-publish","format-standard","has-post-thumbnail","hentry","category-arki-saksassa","category-arki-ulkomailla","category-asuminen-saksassa","category-tyoskentely-saksassa","tag-arki","tag-berliini","tag-kanada","tag-muuttaminen","tag-saksa","tag-tyo","tag-vancouver"],"jetpack_featured_media_url":"https:\/\/www.vuosiamaailmalla.fi\/blog\/wp-content\/uploads\/muistotaulu_banner-1.jpg","jetpack_sharing_enabled":true,"_links":{"self":[{"href":"https:\/\/www.vuosiamaailmalla.fi\/blog\/wp-json\/wp\/v2\/posts\/232","targetHints":{"allow":["GET"]}}],"collection":[{"href":"https:\/\/www.vuosiamaailmalla.fi\/blog\/wp-json\/wp\/v2\/posts"}],"about":[{"href":"https:\/\/www.vuosiamaailmalla.fi\/blog\/wp-json\/wp\/v2\/types\/post"}],"author":[{"embeddable":true,"href":"https:\/\/www.vuosiamaailmalla.fi\/blog\/wp-json\/wp\/v2\/users\/1"}],"replies":[{"embeddable":true,"href":"https:\/\/www.vuosiamaailmalla.fi\/blog\/wp-json\/wp\/v2\/comments?post=232"}],"version-history":[{"count":4,"href":"https:\/\/www.vuosiamaailmalla.fi\/blog\/wp-json\/wp\/v2\/posts\/232\/revisions"}],"predecessor-version":[{"id":13009,"href":"https:\/\/www.vuosiamaailmalla.fi\/blog\/wp-json\/wp\/v2\/posts\/232\/revisions\/13009"}],"wp:featuredmedia":[{"embeddable":true,"href":"https:\/\/www.vuosiamaailmalla.fi\/blog\/wp-json\/wp\/v2\/media\/11615"}],"wp:attachment":[{"href":"https:\/\/www.vuosiamaailmalla.fi\/blog\/wp-json\/wp\/v2\/media?parent=232"}],"wp:term":[{"taxonomy":"category","embeddable":true,"href":"https:\/\/www.vuosiamaailmalla.fi\/blog\/wp-json\/wp\/v2\/categories?post=232"},{"taxonomy":"post_tag","embeddable":true,"href":"https:\/\/www.vuosiamaailmalla.fi\/blog\/wp-json\/wp\/v2\/tags?post=232"}],"curies":[{"name":"wp","href":"https:\/\/api.w.org\/{rel}","templated":true}]}}