{"id":2334,"date":"2013-09-17T19:00:11","date_gmt":"2013-09-18T02:00:11","guid":{"rendered":"http:\/\/13.53.127.146\/?p=2334"},"modified":"2021-01-20T21:50:12","modified_gmt":"2021-01-21T05:50:12","slug":"kuinka-tulla-vancouverilaiseksi","status":"publish","type":"post","link":"https:\/\/www.vuosiamaailmalla.fi\/blog\/2013\/kuinka-tulla-vancouverilaiseksi\/","title":{"rendered":"Kuinka olla vancouverilainen"},"content":{"rendered":"<p style=\"text-align: justify;\">Jokaisella kaupungilla omat polttavat (ja monesti ikuiset) puheenaiheensa, erityispiirteens\u00e4 sek\u00e4 ilmi\u00f6ns\u00e4, eik\u00e4 Vancouver ole poikkeus t\u00e4ss\u00e4. N\u00e4ist\u00e4 asioista k\u00e4rryille p\u00e4\u00e4seminen ja varsinkin niiden omaksuminen yksitt\u00e4istapausten sijaan osaksi kaupungin identiteetti\u00e4 viev\u00e4t kuitenkin aikaa ja vaativat paikallisen el\u00e4m\u00e4n aktiivista seuraamista. Mutta vasta niiden tiedostamisenja samojen piirteiden osoittamisen j\u00e4lkeen voi todella sanoa olevansa paikallinen.<\/p>\n<p><!--more--><\/p>\n<p style=\"text-align: justify;\">Olemme asuneet Vancouverissa nyt puolitoista vuotta ja t\u00e4ytyy sanoa, ett\u00e4 meille alkaa pikkuhiljaa valjeta mit\u00e4 on olla <a title=\"Vancouverin miehist\u00e4 ja naisista\" href=\"https:\/\/www.vuosiamaailmalla.fi\/?p=2482\">vancouverilainen<\/a> (eng. <em>Vancouverite<\/em>). Alla oleva video on kerrassaan loistava ja osuva hupailu asiasta ja ainakin allekirjoittanut voi allekirjoittaa monta siin\u00e4 esiintyv\u00e4\u00e4 asiaa selv\u00e4sti vancouverilaisuuteen kuuluvana luonteenpiirteen\u00e4. Juuri t\u00e4llaista se el\u00e4m\u00e4 t\u00e4\u00e4ll\u00e4 on.<\/p>\n<p style=\"text-align: center;\"><iframe loading=\"lazy\" src=\"https:\/\/www.youtube-nocookie.com\/embed\/pc-tVZq9a4Y?rel=0\" width=\"560\" height=\"315\" frameborder=\"0\" allowfullscreen=\"allowfullscreen\"><\/iframe><\/p>\n<p style=\"text-align: justify;\">Ps. kannattaa my\u00f6s katsoa saman ryhm\u00e4n hauska video siit\u00e4 <a title=\"Uunituoreet Kanadan kansalaiset\" href=\"http:\/\/www.vuosiamaailmalla.fi\/blog\/2019\/uunituoreet-kanadan-kansalaiset\/\">kuinka olla kanadalainen<\/a>.<\/p>\n","protected":false},"excerpt":{"rendered":"<p>Jokaisella kaupungilla omat polttavat (ja monesti ikuiset) puheenaiheensa, erityispiirteens\u00e4 sek\u00e4 ilmi\u00f6ns\u00e4, eik\u00e4 Vancouver ole poikkeus t\u00e4ss\u00e4. N\u00e4ist\u00e4 asioista k\u00e4rryille p\u00e4\u00e4seminen ja varsinkin niiden omaksuminen yksitt\u00e4istapausten sijaan osaksi kaupungin identiteetti\u00e4 viev\u00e4t kuitenkin aikaa ja vaativat paikallisen el\u00e4m\u00e4n aktiivista seuraamista. Mutta vasta niiden tiedostamisenja samojen piirteiden osoittamisen j\u00e4lkeen voi todella sanoa olevansa paikallinen.<\/p>\n","protected":false},"author":1,"featured_media":0,"comment_status":"open","ping_status":"open","sticky":false,"template":"","format":"standard","meta":{"_jetpack_memberships_contains_paid_content":false,"footnotes":""},"categories":[17,3,4],"tags":[34,133,935,155,939],"class_list":["post-2334","post","type-post","status-publish","format-standard","hentry","category-arki-kanadassa","category-arki-ulkomailla","category-asuminen-kanadassa","tag-arki","tag-hassua","tag-kanada","tag-kanadalainen-juttu","tag-vancouver"],"jetpack_featured_media_url":"","jetpack_sharing_enabled":true,"_links":{"self":[{"href":"https:\/\/www.vuosiamaailmalla.fi\/blog\/wp-json\/wp\/v2\/posts\/2334","targetHints":{"allow":["GET"]}}],"collection":[{"href":"https:\/\/www.vuosiamaailmalla.fi\/blog\/wp-json\/wp\/v2\/posts"}],"about":[{"href":"https:\/\/www.vuosiamaailmalla.fi\/blog\/wp-json\/wp\/v2\/types\/post"}],"author":[{"embeddable":true,"href":"https:\/\/www.vuosiamaailmalla.fi\/blog\/wp-json\/wp\/v2\/users\/1"}],"replies":[{"embeddable":true,"href":"https:\/\/www.vuosiamaailmalla.fi\/blog\/wp-json\/wp\/v2\/comments?post=2334"}],"version-history":[{"count":2,"href":"https:\/\/www.vuosiamaailmalla.fi\/blog\/wp-json\/wp\/v2\/posts\/2334\/revisions"}],"predecessor-version":[{"id":11365,"href":"https:\/\/www.vuosiamaailmalla.fi\/blog\/wp-json\/wp\/v2\/posts\/2334\/revisions\/11365"}],"wp:attachment":[{"href":"https:\/\/www.vuosiamaailmalla.fi\/blog\/wp-json\/wp\/v2\/media?parent=2334"}],"wp:term":[{"taxonomy":"category","embeddable":true,"href":"https:\/\/www.vuosiamaailmalla.fi\/blog\/wp-json\/wp\/v2\/categories?post=2334"},{"taxonomy":"post_tag","embeddable":true,"href":"https:\/\/www.vuosiamaailmalla.fi\/blog\/wp-json\/wp\/v2\/tags?post=2334"}],"curies":[{"name":"wp","href":"https:\/\/api.w.org\/{rel}","templated":true}]}}