{"id":2357,"date":"2010-10-19T21:08:07","date_gmt":"2010-10-20T04:08:07","guid":{"rendered":"http:\/\/13.53.127.146\/?p=2357"},"modified":"2021-02-05T21:09:22","modified_gmt":"2021-02-06T05:09:22","slug":"festival-of-lights-2010","status":"publish","type":"post","link":"https:\/\/www.vuosiamaailmalla.fi\/blog\/2010\/festival-of-lights-2010\/","title":{"rendered":"Festival of Lights 2010"},"content":{"rendered":"<p style=\"text-align: justify;\">Berliiniss\u00e4 on j\u00e4lleen menossa nyt jo kuudetta kertaa j\u00e4rjestett\u00e4v\u00e4 <a href=\"http:\/\/www.festival-of-lights.de\/\">Festival of Lights -festivaali<\/a>.\u00a0T\u00e4m\u00e4n lokakuun keskivaiheilla j\u00e4rjestett\u00e4v\u00e4n festivaalin 11 p\u00e4iv\u00e4n aikana kaupungit kymmenet maamerkit sek\u00e4 monet muut rakennukset valaistaan erityisen n\u00e4ytt\u00e4v\u00e4sti. Paitsi ett\u00e4 tapahtuma on berliinil\u00e4isten keskuudessa suosittu, tuo se my\u00f6s kaupunkiin monia valokuvausharrastajia tallentamaan lokakuisen Berliinin kauniita maisemia.<\/p>\n<p><!--more--><\/p>\n<p style=\"text-align: justify;\">Meille festivaali on aina hyvin n\u00e4kyv\u00e4, sill\u00e4 meid\u00e4n ei tarvitse kuin katsoa ikkunasta ulos n\u00e4hd\u00e4ksemme tv-tornia pitkin hiipiv\u00e4t, sek\u00e4 sen ymp\u00e4rill\u00e4 tanssivat, v\u00e4rikk\u00e4\u00e4t valokeilat. T\u00e4n\u00e4 vuonna uutena juttuna jostain kauempaa tv-tornia ammutaan lasers\u00e4teell\u00e4, joka kulkee ovelan n\u00e4k\u00f6isesti viivasuoraan halki iltataivaan.<\/p>\n<p style=\"text-align: center;\"><a href=\"\/blog\/wp-content\/uploads\/2010\/tv-torni_valaistuna.jpg\"><img decoding=\"async\" style=\"border: 0px none; margin: 5px;\" src=\"\/blog\/wp-content\/uploads\/2010\/thumbs\/thumbs_tv-torni_valaistuna.jpg\" alt=\"\" \/><\/a><\/p>\n<p style=\"text-align: center;\"><em>Berliinin tv-torni erikoisvalaistuksessa<\/em><\/p>\n<p style=\"text-align: center;\"><a href=\"\/blog\/wp-content\/uploads\/2010\/tv-torni_valokeilojen_keskella.jpg\"><img decoding=\"async\" style=\"border: 0px none; margin: 5px;\" src=\"\/blog\/wp-content\/uploads\/2010\/tv-torni_valokeilojen_keskella.jpg\" alt=\"\" \/><\/a><\/p>\n<p style=\"text-align: justify;\">L\u00e4hell\u00e4 on my\u00f6s muita kohteita, kuten Berliinin tuomiokirkko, jonka julkisivulle heijastetaan erilaisia kuvioita. Vasten t\u00e4t\u00e4 upeaa vanhaa rakennusta kuviot n\u00e4ytt\u00e4v\u00e4t melkein surrealistisilta, mik\u00e4 on hyvin mielenkiintoista. Edustan Lustgartenin puisto onkin iltaisin t\u00e4ynn\u00e4 valokuvaajia tripodeineen. Luonnollisesti kaupungin paraatikatu <em>Unter den Lindenin<\/em> lehmukset ovat v\u00e4rikk\u00e4\u00e4sti valaistuna, mik\u00e4 on hieno n\u00e4ky yhdistyess\u00e4\u00e4n lehti\u00e4\u00e4n hiljalleen pudottaviin puihin. Kadun p\u00e4\u00e4ss\u00e4 puolestaan <a title=\"Ikoninen Brandenburger Tor\" href=\"https:\/\/www.vuosiamaailmalla.fi\/?p=8080\">Brandenburgin portti<\/a> loistaa kaikissa mahdollisissa v\u00e4reiss\u00e4, kuten koko ymp\u00e4r\u00f6iv\u00e4 <em>Pariser Platzin<\/em> aukio.<\/p>\n<p style=\"text-align: center;\"><a href=\"\/blog\/wp-content\/uploads\/2010\/tuomiokirkko_valaistuna1.jpg\"><img decoding=\"async\" style=\"border: 0px none; margin: 5px;\" src=\"\/blog\/wp-content\/uploads\/2010\/thumbs\/thumbs_tuomiokirkko_valaistuna1.jpg\" alt=\"\" \/><\/a><a href=\"\/blog\/wp-content\/uploads\/2010\/tuomiokirkko_valaistuna2.jpg\"><img decoding=\"async\" style=\"border: 0px none; margin: 5px;\" src=\"\/blog\/wp-content\/uploads\/2010\/thumbs\/thumbs_tuomiokirkko_valaistuna2.jpg\" alt=\"\" \/><\/a><a href=\"\/blog\/wp-content\/uploads\/2010\/rivi_valokuvaajia.jpg\"><img decoding=\"async\" style=\"border: 0px none; margin: 5px;\" src=\"\/blog\/wp-content\/uploads\/2010\/thumbs\/thumbs_rivi_valokuvaajia.jpg\" alt=\"\" \/><\/a><\/p>\n<p style=\"text-align: center;\"><em>Tuomiokirkon kuvioita sek\u00e4 lauma kuvaajia<\/em><\/p>\n<p style=\"text-align: center;\"><a href=\"\/blog\/wp-content\/uploads\/2010\/unter_den_linden_valaistuna1.jpg\"><img decoding=\"async\" style=\"border: 0px none; margin: 5px;\" src=\"\/blog\/wp-content\/uploads\/2010\/thumbs\/thumbs_unter_den_linden_valaistuna1.jpg\" alt=\"\" \/><\/a><a href=\"\/blog\/wp-content\/uploads\/2010\/unter_den_linden_valaistuna2.jpg\"><img decoding=\"async\" style=\"border: 0px none; margin: 5px;\" src=\"\/blog\/wp-content\/uploads\/2010\/thumbs\/thumbs_unter_den_linden_valaistuna2.jpg\" alt=\"\" \/><\/a><a href=\"\/blog\/wp-content\/uploads\/2010\/tv-torni_unter_den_lindenilta.jpg\"><img decoding=\"async\" style=\"border: 0px none; margin: 5px;\" src=\"\/blog\/wp-content\/uploads\/2010\/thumbs\/thumbs_tv-torni_unter_den_lindenilta.jpg\" alt=\"\" \/><\/a><\/p>\n<p style=\"text-align: center;\"><em>Under den Linden v\u00e4rikk\u00e4\u00e4n\u00e4<\/em><\/p>\n<p style=\"text-align: justify;\">Eritt\u00e4in n\u00e4ytt\u00e4v\u00e4 on <em>Gendarmenmarktin<\/em> aukio. Aukion kaksi tuomiokirkkoa sek\u00e4 niiden v\u00e4liss\u00e4 sijaitseva konserttitalo kattavat melkein koko v\u00e4riskaalan. My\u00f6sk\u00e4\u00e4n aukion keskell\u00e4 sijaitsevaa runoilija Friedrich Schillerin patsasta ei ole unohdettu, vaan se nauttii kauniin oranssista valokeilassa poseeraamisesta.<\/p>\n<p style=\"text-align: center;\"><a href=\"\/blog\/wp-content\/uploads\/2010\/konzerthaus_valaistuna.jpg\"><img decoding=\"async\" style=\"border: 0px none; margin: 5px;\" src=\"\/blog\/wp-content\/uploads\/2010\/thumbs\/thumbs_konzerthaus_valaistuna.jpg\" alt=\"\" \/><\/a><a href=\"\/blog\/wp-content\/uploads\/2010\/gendarmenmarkt_valaistuna2.jpg\"><img decoding=\"async\" style=\"border: 0px none; margin: 5px;\" src=\"\/blog\/wp-content\/uploads\/2010\/thumbs\/thumbs_gendarmenmarkt_valaistuna2.jpg\" alt=\"\" \/><\/a><br \/>\n<a href=\"\/blog\/wp-content\/uploads\/2010\/gendarmenmarkt_valaistuna1.jpg\"><img decoding=\"async\" style=\"border: 0px none; margin: 5px;\" src=\"\/blog\/wp-content\/uploads\/2010\/thumbs\/thumbs_gendarmenmarkt_valaistuna1.jpg\" alt=\"\" \/><\/a><a href=\"\/blog\/wp-content\/uploads\/2010\/deutscher_dom_valaistuna.jpg\"><img decoding=\"async\" style=\"border: 0px none; margin: 5px;\" src=\"\/blog\/wp-content\/uploads\/2010\/thumbs\/thumbs_deutscher_dom_valaistuna.jpg\" alt=\"\" \/><\/a><\/p>\n<p style=\"text-align: center;\"><em>Upeasti valaistu Gendarmenmarkt<\/em><\/p>\n<p style=\"text-align: justify;\">Koska keli oli eilen kaunis, ehdimme kiert\u00e4\u00e4 mainitut paikat Brandenburgin porttia lukuunottamatta. T\u00e4n\u00e4\u00e4n keli on ollut sateinen, mutta jos se petraantuu loppuviikosta, voi olla hyvinkin ett\u00e4 k\u00e4ymme viel\u00e4 kuvaamassa <a title=\"Festival of Lights 2010 (osa2)\" href=\"https:\/\/www.vuosiamaailmalla.fi\/?p=2360\">muitakin paikkoja<\/a>.<\/p>\n<p style=\"text-align: justify;\">Sit\u00e4 ennen kannattaa katsastaa hieno netist\u00e4 l\u00f6yt\u00e4m\u00e4ni <a href=\"http:\/\/vimeo.com\/10216694\">video<\/a> viime vuoden keskeisimpien kohteiden valaisuista. Kaikkia on kohteita on silti mahdotonta listata, sill\u00e4 tapahtumaan osallistuu my\u00f6s kymmeni\u00e4 hotelleja ymp\u00e4ri kaupunkia. Noh, <a title=\"Festival of Lights 2011\" href=\"https:\/\/www.vuosiamaailmalla.fi\/?p=661\">ensi vuonna<\/a> pit\u00e4\u00e4 yritt\u00e4\u00e4 taas n\u00e4hd\u00e4 hieman enemm\u00e4n.<\/p>\n","protected":false},"excerpt":{"rendered":"<p>Berliiniss\u00e4 on j\u00e4lleen menossa nyt jo kuudetta kertaa j\u00e4rjestett\u00e4v\u00e4 Festival of Lights -festivaali.\u00a0T\u00e4m\u00e4n lokakuun keskivaiheilla j\u00e4rjestett\u00e4v\u00e4n festivaalin 11 p\u00e4iv\u00e4n aikana kaupungit kymmenet maamerkit sek\u00e4 monet muut rakennukset valaistaan erityisen n\u00e4ytt\u00e4v\u00e4sti. Paitsi ett\u00e4 tapahtuma on berliinil\u00e4isten keskuudessa suosittu, tuo se my\u00f6s kaupunkiin monia valokuvausharrastajia tallentamaan lokakuisen Berliinin kauniita maisemia.<\/p>\n","protected":false},"author":1,"featured_media":11683,"comment_status":"open","ping_status":"open","sticky":false,"template":"","format":"standard","meta":{"_jetpack_memberships_contains_paid_content":false,"footnotes":""},"categories":[18,3],"tags":[25,34,49,56,69,70,109,122,190,611],"class_list":["post-2357","post","type-post","status-publish","format-standard","has-post-thumbnail","hentry","category-arki-saksassa","category-arki-ulkomailla","tag-ajankohtaista","tag-arki","tag-berliini","tag-berlin-mitte","tag-berliner-dom","tag-berliner-fernsehturm","tag-festival-of-lights","tag-gendarmenmarkt","tag-saksa","tag-unter-den-linden"],"jetpack_featured_media_url":"https:\/\/www.vuosiamaailmalla.fi\/blog\/wp-content\/uploads\/gendarmenmarkt_valaistuna_banner-1.jpg","jetpack_sharing_enabled":true,"_links":{"self":[{"href":"https:\/\/www.vuosiamaailmalla.fi\/blog\/wp-json\/wp\/v2\/posts\/2357","targetHints":{"allow":["GET"]}}],"collection":[{"href":"https:\/\/www.vuosiamaailmalla.fi\/blog\/wp-json\/wp\/v2\/posts"}],"about":[{"href":"https:\/\/www.vuosiamaailmalla.fi\/blog\/wp-json\/wp\/v2\/types\/post"}],"author":[{"embeddable":true,"href":"https:\/\/www.vuosiamaailmalla.fi\/blog\/wp-json\/wp\/v2\/users\/1"}],"replies":[{"embeddable":true,"href":"https:\/\/www.vuosiamaailmalla.fi\/blog\/wp-json\/wp\/v2\/comments?post=2357"}],"version-history":[{"count":2,"href":"https:\/\/www.vuosiamaailmalla.fi\/blog\/wp-json\/wp\/v2\/posts\/2357\/revisions"}],"predecessor-version":[{"id":11684,"href":"https:\/\/www.vuosiamaailmalla.fi\/blog\/wp-json\/wp\/v2\/posts\/2357\/revisions\/11684"}],"wp:featuredmedia":[{"embeddable":true,"href":"https:\/\/www.vuosiamaailmalla.fi\/blog\/wp-json\/wp\/v2\/media\/11683"}],"wp:attachment":[{"href":"https:\/\/www.vuosiamaailmalla.fi\/blog\/wp-json\/wp\/v2\/media?parent=2357"}],"wp:term":[{"taxonomy":"category","embeddable":true,"href":"https:\/\/www.vuosiamaailmalla.fi\/blog\/wp-json\/wp\/v2\/categories?post=2357"},{"taxonomy":"post_tag","embeddable":true,"href":"https:\/\/www.vuosiamaailmalla.fi\/blog\/wp-json\/wp\/v2\/tags?post=2357"}],"curies":[{"name":"wp","href":"https:\/\/api.w.org\/{rel}","templated":true}]}}