{"id":2360,"date":"2010-10-24T12:20:42","date_gmt":"2010-10-24T19:20:42","guid":{"rendered":"http:\/\/13.53.127.146\/?p=2360"},"modified":"2021-02-05T21:05:58","modified_gmt":"2021-02-06T05:05:58","slug":"festival-of-lights-2010-osa2","status":"publish","type":"post","link":"https:\/\/www.vuosiamaailmalla.fi\/blog\/2010\/festival-of-lights-2010-osa2\/","title":{"rendered":"Festival of Lights 2010 (osa2)"},"content":{"rendered":"<p style=\"text-align: justify;\">Kuten <a title=\"Festival of Lights 2010\" href=\"https:\/\/www.vuosiamaailmalla.fi\/?p=2357\">viime viestin<\/a> yhteydess\u00e4 v\u00e4h\u00e4n meinasin, k\u00e4vimme eilen illalla toisella kuvausreissulla katsomassa <em>Festival of Lights<\/em> -tapahtumassa upeasti valaistuja Berliinin maamerkkej\u00e4. K\u00e4velyreitti kuvissa on Potsdamer Platzilta Brandenburgin portille. <a href=\"http:\/\/youtu.be\/mDxtGGUqLew\">Video<\/a> on otettu <em>Unter den Lindenin<\/em> varrella sijaitsevalta <em>Westin Grand<\/em> -loistohotellilta, jonka seinill\u00e4 py\u00f6ritettiin 3D-animaatioita. Aivan lopussa on viel\u00e4 kuvia parvekkeen maisemastamme kun ilta hiljalleen pimenee.<\/p>\n<p><!--more--><\/p>\n<p style=\"text-align: center;\"><a href=\"\/blog\/wp-content\/uploads\/2010\/potsdamer_platz_valaistuna1.jpg\"><img decoding=\"async\" style=\"border: 0px none; margin: 5px;\" src=\"\/blog\/wp-content\/uploads\/2010\/thumbs\/thumbs_potsdamer_platz_valaistuna1.jpg\" alt=\"\" \/><\/a><a href=\"\/blog\/wp-content\/uploads\/2010\/potsdamer_platz_valaistuna2.jpg\"><img decoding=\"async\" style=\"border: 0px none; margin: 5px;\" src=\"\/blog\/wp-content\/uploads\/2010\/thumbs\/thumbs_potsdamer_platz_valaistuna2.jpg\" alt=\"\" \/><\/a><a href=\"\/blog\/wp-content\/uploads\/2010\/potsdamer_platz_valaistuna3.jpg\"><img decoding=\"async\" style=\"border: 0px none; margin: 5px;\" src=\"\/blog\/wp-content\/uploads\/2010\/thumbs\/thumbs_potsdamer_platz_valaistuna3.jpg\" alt=\"\" \/><\/a><\/p>\n<p style=\"text-align: center;\"><em>Valaistu Potsdamer Platz<\/em><\/p>\n<p style=\"text-align: center;\"><a href=\"\/blog\/wp-content\/uploads\/2010\/valaistut_fillarit.jpg\"><img decoding=\"async\" style=\"border: 0px none; margin: 5px;\" src=\"\/blog\/wp-content\/uploads\/2010\/thumbs\/thumbs_valaistut_fillarit.jpg\" alt=\"\" \/><\/a><\/p>\n<p style=\"text-align: center;\"><em>Valotaideteos t\u00e4m\u00e4kin<\/em><\/p>\n<p style=\"text-align: justify;\">N\u00e4idenkin kuvien my\u00f6t\u00e4 j\u00e4i kokonaan n\u00e4kem\u00e4tt\u00e4 L\u00e4nsi-Berliinin tarjonta, josta pit\u00e4\u00e4 yritt\u00e4\u00e4 saada kuvia <a title=\"Festival of Lights 2011\" href=\"https:\/\/www.vuosiamaailmalla.fi\/?p=661\">ensi vuoden<\/a> valofestivaaleilla. N\u00e4ht\u00e4v\u00e4\u00e4 on vain liiaksi yhten\u00e4 vuotena n\u00e4ht\u00e4v\u00e4ksi.<\/p>\n<p style=\"text-align: center;\"><a href=\"\/blog\/wp-content\/uploads\/2010\/amerikan_suurlahetysto_valaistuna.jpg\"><img decoding=\"async\" style=\"border: 0px none; margin: 5px;\" src=\"\/blog\/wp-content\/uploads\/2010\/amerikan_suurlahetysto_valaistuna.jpg\" alt=\"\" \/><\/a><\/p>\n<p style=\"text-align: center;\"><em>Amerikan suurl\u00e4hetyst\u00f6<\/em><\/p>\n<p style=\"text-align: center;\"><a href=\"\/blog\/wp-content\/uploads\/2010\/brandenburgin_portti_sivusta_valaistuna.jpg\"><img decoding=\"async\" style=\"border: 0px none; margin: 5px;\" src=\"\/blog\/wp-content\/uploads\/2010\/thumbs\/thumbs_brandenburgin_portti_sivusta_valaistuna.jpg\" alt=\"\" \/><\/a><a href=\"\/blog\/wp-content\/uploads\/2010\/brandenburgin_portti_valaistuna3.jpg\"><img decoding=\"async\" style=\"border: 0px none; margin: 5px;\" src=\"\/blog\/wp-content\/uploads\/2010\/thumbs\/thumbs_brandenburgin_portti_valaistuna3.jpg\" alt=\"\" \/><\/a><a href=\"\/blog\/wp-content\/uploads\/2010\/brandenburgin_portti_valaistuna2.jpg\"><img decoding=\"async\" style=\"border: 0px none; margin: 5px;\" src=\"\/blog\/wp-content\/uploads\/2010\/thumbs\/thumbs_brandenburgin_portti_valaistuna2.jpg\" alt=\"\" \/><\/a><br \/>\n<a href=\"\/blog\/wp-content\/uploads\/2010\/brandenburgin_portti_valaistuna1.jpg\"><img decoding=\"async\" style=\"border: 0px none; margin: 5px;\" src=\"\/blog\/wp-content\/uploads\/2010\/thumbs\/thumbs_brandenburgin_portti_valaistuna1.jpg\" alt=\"\" \/><\/a><a href=\"\/blog\/wp-content\/uploads\/2010\/quadriga_valaistuna.jpg\"><img decoding=\"async\" style=\"border: 0px none; margin: 5px;\" src=\"\/blog\/wp-content\/uploads\/2010\/thumbs\/thumbs_quadriga_valaistuna.jpg\" alt=\"\" \/><\/a><\/p>\n<p style=\"text-align: center;\"><em>V\u00e4rik\u00e4s <a title=\"Ikoninen Brandenburger Tor\" href=\"https:\/\/www.vuosiamaailmalla.fi\/?p=8080\">Brandenburgin portti<\/a> ja sen quadriga<\/em><\/p>\n<p style=\"text-align: center;\"><a href=\"\/blog\/wp-content\/uploads\/2010\/parveke_maisema_valaistuna1.jpg\"><img decoding=\"async\" style=\"border: 0px none; margin: 5px;\" src=\"\/blog\/wp-content\/uploads\/2010\/thumbs\/thumbs_parveke_maisema_valaistuna1.jpg\" alt=\"\" \/><\/a><a href=\"\/blog\/wp-content\/uploads\/2010\/parveke_maisema_valaistuna2.jpg\"><img decoding=\"async\" style=\"border: 0px none; margin: 5px;\" src=\"\/blog\/wp-content\/uploads\/2010\/thumbs\/thumbs_parveke_maisema_valaistuna2.jpg\" alt=\"\" \/><\/a><a href=\"\/blog\/wp-content\/uploads\/2010\/parveke_maisema_valaistuna3.jpg\"><img decoding=\"async\" style=\"border: 0px none; margin: 5px;\" src=\"\/blog\/wp-content\/uploads\/2010\/thumbs\/thumbs_parveke_maisema_valaistuna3.jpg\" alt=\"\" \/><\/a><\/p>\n<p style=\"text-align: center;\"><em>Pimentyv\u00e4 parvekkeen maisemamme<\/em><\/p>\n<p style=\"text-align: center;\"><a href=\"\/blog\/wp-content\/uploads\/2010\/lasersade_tv-torniin.jpg\"><img decoding=\"async\" style=\"border: 0px none; margin: 5px;\" src=\"\/blog\/wp-content\/uploads\/2010\/lasersade_tv-torniin.jpg\" alt=\"\" \/><\/a><\/p>\n","protected":false},"excerpt":{"rendered":"<p>Kuten viime viestin yhteydess\u00e4 v\u00e4h\u00e4n meinasin, k\u00e4vimme eilen illalla toisella kuvausreissulla katsomassa Festival of Lights -tapahtumassa upeasti valaistuja Berliinin maamerkkej\u00e4. K\u00e4velyreitti kuvissa on Potsdamer Platzilta Brandenburgin portille. Video on otettu Unter den Lindenin varrella sijaitsevalta Westin Grand -loistohotellilta, jonka seinill\u00e4 py\u00f6ritettiin 3D-animaatioita. Aivan lopussa on viel\u00e4 kuvia parvekkeen maisemastamme kun ilta hiljalleen pimenee.<\/p>\n","protected":false},"author":1,"featured_media":11680,"comment_status":"open","ping_status":"open","sticky":false,"template":"","format":"standard","meta":{"_jetpack_memberships_contains_paid_content":false,"footnotes":""},"categories":[18,3],"tags":[25,34,932,49,56,70,74,109,255,190],"class_list":["post-2360","post","type-post","status-publish","format-standard","has-post-thumbnail","hentry","category-arki-saksassa","category-arki-ulkomailla","tag-ajankohtaista","tag-arki","tag-asunto","tag-berliini","tag-berlin-mitte","tag-berliner-fernsehturm","tag-brandenburger-tor","tag-festival-of-lights","tag-potsdamer-platz","tag-saksa"],"jetpack_featured_media_url":"https:\/\/www.vuosiamaailmalla.fi\/blog\/wp-content\/uploads\/quadriga_valaistuna_banner-1.jpg","jetpack_sharing_enabled":true,"_links":{"self":[{"href":"https:\/\/www.vuosiamaailmalla.fi\/blog\/wp-json\/wp\/v2\/posts\/2360","targetHints":{"allow":["GET"]}}],"collection":[{"href":"https:\/\/www.vuosiamaailmalla.fi\/blog\/wp-json\/wp\/v2\/posts"}],"about":[{"href":"https:\/\/www.vuosiamaailmalla.fi\/blog\/wp-json\/wp\/v2\/types\/post"}],"author":[{"embeddable":true,"href":"https:\/\/www.vuosiamaailmalla.fi\/blog\/wp-json\/wp\/v2\/users\/1"}],"replies":[{"embeddable":true,"href":"https:\/\/www.vuosiamaailmalla.fi\/blog\/wp-json\/wp\/v2\/comments?post=2360"}],"version-history":[{"count":2,"href":"https:\/\/www.vuosiamaailmalla.fi\/blog\/wp-json\/wp\/v2\/posts\/2360\/revisions"}],"predecessor-version":[{"id":11681,"href":"https:\/\/www.vuosiamaailmalla.fi\/blog\/wp-json\/wp\/v2\/posts\/2360\/revisions\/11681"}],"wp:featuredmedia":[{"embeddable":true,"href":"https:\/\/www.vuosiamaailmalla.fi\/blog\/wp-json\/wp\/v2\/media\/11680"}],"wp:attachment":[{"href":"https:\/\/www.vuosiamaailmalla.fi\/blog\/wp-json\/wp\/v2\/media?parent=2360"}],"wp:term":[{"taxonomy":"category","embeddable":true,"href":"https:\/\/www.vuosiamaailmalla.fi\/blog\/wp-json\/wp\/v2\/categories?post=2360"},{"taxonomy":"post_tag","embeddable":true,"href":"https:\/\/www.vuosiamaailmalla.fi\/blog\/wp-json\/wp\/v2\/tags?post=2360"}],"curies":[{"name":"wp","href":"https:\/\/api.w.org\/{rel}","templated":true}]}}