{"id":2386,"date":"2011-10-24T14:59:49","date_gmt":"2011-10-24T21:59:49","guid":{"rendered":"http:\/\/13.53.127.146\/?p=2386"},"modified":"2021-02-04T21:22:01","modified_gmt":"2021-02-05T05:22:01","slug":"voitonpylvas-siegessaule","status":"publish","type":"post","link":"https:\/\/www.vuosiamaailmalla.fi\/blog\/2011\/voitonpylvas-siegessaule\/","title":{"rendered":"Voitonpylv\u00e4s Siegess\u00e4ule"},"content":{"rendered":"<p style=\"text-align: justify;\">Berliinin yksi vierailluimmista n\u00e4ht\u00e4vyyksist\u00e4 on Tiergartenin puiston keskell\u00e4 sijaitseva <em>Siegess\u00e4ule<\/em>. Voitonpylv\u00e4\u00e4ksi suomentuva muistomerkki on Heinrich Strackin vuonna 1864 suunnittelema muistomerkki Preussin voitolle Tanskasta maiden v\u00e4lisess\u00e4 sodassa tuona samaisena vuonna. Muistomerkki kuitenkin valmistui vasta 1873, mihin menness\u00e4 Preussi oli ottanut voiton my\u00f6s It\u00e4vallasta (1866) sek\u00e4 Ranskasta (1870-71). Niinp\u00e4 muistomerkki p\u00e4\u00e4tettiinkin pyhitt\u00e4\u00e4 juhlistamaan kaikkia n\u00e4it\u00e4 kolmea sotaa, joilla oli suuri merkitys Preussin laajentumiselle ja lopulta nykyisenkaltaisen Saksan syntymiselle.<\/p>\n<p><!--more--><\/p>\n<p style=\"text-align: justify;\">Muistomerkin alkuper\u00e4inen sijoituspaikka oli <em>K\u00f6nigsplatzilla<\/em> (nykyinen <em>Platz der Republik<\/em>) valtiop\u00e4iv\u00e4talon edustalla, mutta se siirrettiin vuonna 1939 nykyiselle paikalleen Tiergartenin keskelle. Siirto oli osa natsien suurta Berliinin uudelleenrakentamishanketta, jossa kapungista oli m\u00e4\u00e4r\u00e4 tulla sodan j\u00e4lkeen monumentaalinen <em>Welthaupstadt Germania<\/em> (maailmanp\u00e4\u00e4kaupunki Germania). Osa t\u00e4t\u00e4 oli suurten it\u00e4-l\u00e4nsi ja pohjois-etel\u00e4 suuntaisten paraatikatujen (akselien) rakentaminen halki koko kaupungin, kohdaten toisensa Siegess\u00e4ulen luona. N\u00e4ist\u00e4 vain it\u00e4-l\u00e4nsi akseli ja sen kymmenen kilometri\u00e4 pitk\u00e4 viivasuora <em>Stra\u00dfe des 17 Juni<\/em> ehti valmistua ennen Natsi-Saksan luhistumista.<\/p>\n<p style=\"text-align: center;\"><a href=\"\/blog\/wp-content\/uploads\/2011\/siegessaule_vuonna_1900.jpg\"><img decoding=\"async\" style=\"border: 0px none; margin: 5px;\" src=\"\/blog\/wp-content\/uploads\/2011\/thumbs\/thumbs_siegessaule_vuonna_1900.jpg\" alt=\"\" \/><\/a><a href=\"\/blog\/wp-content\/uploads\/2011\/vanha_valtiopaivatalo.jpg\"><img decoding=\"async\" style=\"border: 0px none; margin: 5px;\" src=\"\/blog\/wp-content\/uploads\/2011\/thumbs\/thumbs_vanha_valtiopaivatalo.jpg\" alt=\"\" \/><\/a><\/p>\n<p style=\"text-align: center;\"><em>Siegess\u00e4ule viel\u00e4 vanhalla paikallaan vuonna 1900<br \/>\n<\/em><\/p>\n<p style=\"text-align: justify;\">Siirron yhteydess\u00e4 Siegess\u00e4ule sai my\u00f6s nelj\u00e4nnen osansa, mik\u00e4 nosti sen kokonaiskorkeuden nykyiseen 66,89 metriin. Jokainen kolmesta alimmasta osasta juhlistaa yht\u00e4 voitetuista sodista ja nelj\u00e4nnen osan oli tarkoitus juhlistaa Natsi-Saksan voittoa toisessa maailmansodassa. Muistomerkki\u00e4 oli my\u00f6s muutenkin korotettava, jotta se istuisi paremmin suurten katujen risteyksess\u00e4.<\/p>\n<p style=\"text-align: justify;\">Siegess\u00e4ulelle siirto puiston keskelle oli sen onni, sill\u00e4 se selvisi sodasta k\u00e4yt\u00e4nn\u00f6ss\u00e4 vaurioitta. Samaan aikaan valtiop\u00e4iv\u00e4talon seutu pommitettiin vuoden 1945 Berliinin taistelussa raunioksi ja entisell\u00e4 paikallaan Siegess\u00e4ulea olisi odottanut sama kohtalo.<\/p>\n<p style=\"text-align: justify;\">Sodan j\u00e4lkeen ranskalaiset halusivat r\u00e4j\u00e4ytt\u00e4\u00e4 koko muistomerkin, sill\u00e4 se muistutti edelleen Ranskan n\u00f6yryytt\u00e4v\u00e4st\u00e4 tappiosta Preussille. Britit ja Yhdysvallat kuitenkin estiv\u00e4t suunnitelman, sill\u00e4 Berliinin muistomerkit olivat jo kokeneet valtaisaa tuhoa pommituksissa. Ranskalaiset kuitenkin riisuivat muistomerkin koristuksista ja osa n\u00e4ist\u00e4 palautettiin paikalleen vasta Berliinin 750. juhlavuotena vuonna 1987.<\/p>\n<p style=\"text-align: center;\"><a href=\"\/blog\/wp-content\/uploads\/2011\/mosaiikki1.jpg\"><img decoding=\"async\" style=\"border: 0px none; margin: 5px;\" src=\"\/blog\/wp-content\/uploads\/2011\/thumbs\/thumbs_mosaiikki1.jpg\" alt=\"\" \/><\/a><a href=\"\/blog\/wp-content\/uploads\/2011\/mosaiikki2.jpg\"><img decoding=\"async\" style=\"border: 0px none; margin: 5px;\" src=\"\/blog\/wp-content\/uploads\/2011\/thumbs\/thumbs_mosaiikki2.jpg\" alt=\"\" \/><\/a><\/p>\n<p style=\"text-align: center;\"><em>Mosaiikki muistomerkin juuressa<\/em><\/p>\n<p style=\"text-align: justify;\">Nykyasussaan Siegess\u00e4ule on n\u00e4ytt\u00e4v\u00e4 muistomerkki ja meill\u00e4 on k\u00e4ynyt jo pitk\u00e4\u00e4n mieless\u00e4 vierailla sill\u00e4. Paikalle p\u00e4\u00e4see helposti bussilla tai k\u00e4velem\u00e4ll\u00e4 pari kilometri\u00e4 <a title=\"Ikoninen Brandenburger Tor\" href=\"https:\/\/www.vuosiamaailmalla.fi\/?p=8080\">Brandenburgin portilta<\/a>, ja siit\u00e4 onkin tullut menty\u00e4 ohitse lukuisia kertoja. Muistomerkki sijaitsee valtaisan nelikaistaisen liikenneympyr\u00e4n keskell\u00e4, jonka poikki ei ole syyt\u00e4 l\u00e4hte\u00e4 toikkaroimaan. Muistomerkille johtaa nelj\u00e4 maanalaista k\u00e4yt\u00e4v\u00e4\u00e4, joita pitkin turistit p\u00e4\u00e4sev\u00e4t Siegess\u00e4ulelle.<\/p>\n<p style=\"text-align: center;\"><a href=\"\/blog\/wp-content\/uploads\/2011\/siegessaule.jpg\"><img decoding=\"async\" style=\"border: 0px none; margin: 5px;\" src=\"\/blog\/wp-content\/uploads\/2011\/thumbs\/thumbs_siegessaule.jpg\" alt=\"\" \/><\/a><\/p>\n<p style=\"text-align: center;\"><em>Siegess\u00e4ule<\/em><\/p>\n<p style=\"text-align: center;\"><a href=\"\/blog\/wp-content\/uploads\/2011\/voitonjumalatar_victoria1.jpg\"><img decoding=\"async\" style=\"border: 0px none; margin: 5px;\" src=\"\/blog\/wp-content\/uploads\/2011\/voitonjumalatar_victoria1.jpg\" alt=\"\" \/><\/a><\/p>\n<p style=\"text-align: center;\"><em>Voitonjumalatar Victoria<\/em><\/p>\n<p style=\"text-align: center;\"><a href=\"\/blog\/wp-content\/uploads\/2011\/voitonjumalatar_victoria2.jpg\"><img decoding=\"async\" style=\"border: 0px none; margin: 5px;\" src=\"\/blog\/wp-content\/uploads\/2011\/thumbs\/thumbs_voitonjumalatar_victoria2.jpg\" alt=\"\" \/><\/a><\/p>\n<p style=\"text-align: center;\"><em>N\u00e4k\u00f6alatasanne ja valtava ymp\u00e4r\u00f6iv\u00e4 liikenneympyr\u00e4<\/em><\/p>\n<p style=\"text-align: center;\"><a href=\"\/blog\/wp-content\/uploads\/2011\/jattimainen_liikenneympyra.jpg\"><img decoding=\"async\" style=\"border: 0px none; margin: 5px;\" src=\"\/blog\/wp-content\/uploads\/2011\/jattimainen_liikenneympyra.jpg\" alt=\"\" \/><\/a><\/p>\n<p style=\"text-align: justify;\">P\u00e4\u00e4symaksu muistomerkin sis\u00e4lle on 3 euroa. Jalustassa sijaitsee pieni museo, jossa on n\u00e4ht\u00e4vill\u00e4 vanhoja kuvia ja pienoismalleja Siegess\u00e4ulesta viel\u00e4 alkuper\u00e4isell\u00e4 paikallaan, sek\u00e4 tietoa sen historiasta ja rakennusvaiheesta. Museon sis\u00e4lt\u00e4 l\u00e4htev\u00e4t 285 askelman kierreportaat, jotka viev\u00e4t yl\u00f6s n\u00e4k\u00f6alatasanteelle. Tasanne sijaitsee aivan kullatun voitonjumalatar Victorian alapuolella ja sielt\u00e4 aukeaa hyv\u00e4 maisema ymp\u00e4r\u00f6iv\u00e4\u00e4n Berliiniin.<\/p>\n<p style=\"text-align: center;\"><a href=\"\/blog\/wp-content\/uploads\/2011\/maisema_siegessaulesta1.jpg\"><img decoding=\"async\" style=\"border: 0px none; margin: 5px;\" src=\"\/blog\/wp-content\/uploads\/2011\/thumbs\/thumbs_maisema_siegessaulesta1.jpg\" alt=\"\" \/><\/a><a href=\"\/blog\/wp-content\/uploads\/2011\/maisema_siegessaulesta2.jpg\"><img decoding=\"async\" style=\"border: 0px none; margin: 5px;\" src=\"\/blog\/wp-content\/uploads\/2011\/thumbs\/thumbs_maisema_siegessaulesta2.jpg\" alt=\"\" \/><\/a><\/p>\n<p style=\"text-align: center;\"><em>Maisema it\u00e4\u00e4n ja l\u00e4nteen<\/em><\/p>\n<p style=\"text-align: center;\"><a href=\"\/blog\/wp-content\/uploads\/2011\/tv-torni_siegessaulesta.jpg\"><img decoding=\"async\" style=\"border: 0px none; margin: 5px;\" src=\"\/blog\/wp-content\/uploads\/2011\/thumbs\/thumbs_tv-torni_siegessaulesta.jpg\" alt=\"\" \/><\/a><a href=\"\/blog\/wp-content\/uploads\/2011\/brandenburgin_portti_siegessaulesta.jpg\"><img decoding=\"async\" style=\"border: 0px none; margin: 5px;\" src=\"\/blog\/wp-content\/uploads\/2011\/thumbs\/thumbs_brandenburgin_portti_siegessaulesta.jpg\" alt=\"\" \/><\/a><\/p>\n<p style=\"text-align: center;\"><em>It\u00e4-Berliini ja Brandenburgin portti<\/em><\/p>\n<p style=\"text-align: center;\"><a href=\"\/blog\/wp-content\/uploads\/2011\/reichstag_siegessaulelta.jpg\"><img decoding=\"async\" style=\"border: 0px none; margin: 5px;\" src=\"\/blog\/wp-content\/uploads\/2011\/thumbs\/thumbs_reichstag_siegessaulelta.jpg\" alt=\"\" \/><\/a><a href=\"\/blog\/wp-content\/uploads\/2011\/reichstagin_kupoli_siegessaulelta.jpg\"><img decoding=\"async\" style=\"border: 0px none; margin: 5px;\" src=\"\/blog\/wp-content\/uploads\/2011\/thumbs\/thumbs_reichstagin_kupoli_siegessaulelta.jpg\" alt=\"\" \/><\/a><a href=\"\/blog\/wp-content\/uploads\/2011\/merkelin_pesukone_siegessaulesta.jpg\"><img decoding=\"async\" style=\"border: 0px none; margin: 5px;\" src=\"\/blog\/wp-content\/uploads\/2011\/thumbs\/thumbs_merkelin_pesukone_siegessaulesta.jpg\" alt=\"\" \/><\/a><\/p>\n<p style=\"text-align: center;\"><em>Reichstagin lasikupoli ja &#8221;Merkelin pesukone&#8221;<\/em><br \/>\n<a href=\"\/blog\/wp-content\/uploads\/2011\/paarautatieasema_siegessaulesta.jpg\"><img decoding=\"async\" style=\"border: 0px none; margin: 5px;\" src=\"\/blog\/wp-content\/uploads\/2011\/thumbs\/thumbs_paarautatieasema_siegessaulesta.jpg\" alt=\"\" \/><\/a><a href=\"\/blog\/wp-content\/uploads\/2011\/potsdamer_platz_siegessaulelta.jpg\"><img decoding=\"async\" style=\"border: 0px none; margin: 5px;\" src=\"\/blog\/wp-content\/uploads\/2011\/thumbs\/thumbs_potsdamer_platz_siegessaulelta.jpg\" alt=\"\" \/><\/a><\/p>\n<p style=\"text-align: center;\"><em>P\u00e4\u00e4rautatieasema ja Potsdamer Platz<\/em><\/p>\n<p style=\"text-align: center;\"><a href=\"\/blog\/wp-content\/uploads\/2011\/schloss_bellevue_siegessaulelta.jpg\"><img decoding=\"async\" style=\"border: 0px none; margin: 5px;\" src=\"\/blog\/wp-content\/uploads\/2011\/schloss_bellevue_siegessaulelta.jpg\" alt=\"\" \/><\/a><\/p>\n<p style=\"text-align: center;\"><em>Presidentinlinna Schloss Bellevue<\/em><\/p>\n<p style=\"text-align: justify;\">Vaikka maisemat ovatkin n\u00e4ytt\u00e4v\u00e4t, aiheuttaa sijainti puiston keskell\u00e4 sen, ett\u00e4 kaikki n\u00e4kyv\u00e4 on hieman et\u00e4\u00e4ll\u00e4 ja valokuvaamista varten onkin hyv\u00e4 olla mukana kunnon zoomi-linssi. Keli oli vierailumme aikaan kaunis, mutta kuivan syksyn vuoksi ilma oli utuinen. Laskevaan aurinkoon yhdistyen utuinen taivaanranta oli kuitenkin kauniin oranssinen.<\/p>\n<p style=\"text-align: center;\"><a href=\"\/blog\/wp-content\/uploads\/2011\/strasse_des_17_juni_siegessaulelta1.jpg\"><img decoding=\"async\" style=\"border: 0px none; margin: 5px;\" src=\"\/blog\/wp-content\/uploads\/2011\/thumbs\/thumbs_strasse_des_17_juni_siegessaulelta1.jpg\" alt=\"\" \/><\/a><a href=\"\/blog\/wp-content\/uploads\/2011\/strasse_des_17_juni_siegessaulelta2.jpg\"><img decoding=\"async\" style=\"border: 0px none; margin: 5px;\" src=\"\/blog\/wp-content\/uploads\/2011\/thumbs\/thumbs_strasse_des_17_juni_siegessaulelta2.jpg\" alt=\"\" \/><\/a><\/p>\n<p style=\"text-align: center;\"><em>Viivasuora Stra\u00dfe des 17 Juni<\/em><\/p>\n<p style=\"text-align: center;\"><a href=\"\/blog\/wp-content\/uploads\/2011\/lansikeskusta_siegessaulesta.jpg\"><img decoding=\"async\" style=\"border: 0px none; margin: 5px;\" src=\"\/blog\/wp-content\/uploads\/2011\/thumbs\/thumbs_lansikeskusta_siegessaulesta.jpg\" alt=\"\" \/><\/a><a href=\"\/blog\/wp-content\/uploads\/2011\/zoofenster_siegessaulelta.jpg\"><img decoding=\"async\" style=\"border: 0px none; margin: 5px;\" src=\"\/blog\/wp-content\/uploads\/2011\/thumbs\/thumbs_zoofenster_siegessaulelta.jpg\" alt=\"\" \/><\/a><\/p>\n<p style=\"text-align: center;\"><em>L\u00e4nsikeskusta ja <a title=\"Berliinin korkein rakennusty\u00f6maa\" href=\"https:\/\/www.vuosiamaailmalla.fi\/?p=1416\">Zoofenster<\/a><\/em><\/p>\n<p style=\"text-align: center;\"><a href=\"\/blog\/wp-content\/uploads\/2011\/funkturm_siegessaulesta.jpg\"><img decoding=\"async\" style=\"border: 0px none; margin: 5px;\" src=\"\/blog\/wp-content\/uploads\/2011\/funkturm_siegessaulesta.jpg\" alt=\"\" \/><\/a><\/p>\n<p style=\"text-align: center;\"><em><a href=\"https:\/\/www.vuosiamaailmalla.fi\/?p=7017\">Funkturm<\/a> sek\u00e4 <a href=\"https:\/\/www.vuosiamaailmalla.fi\/?p=7374\">Teufelsberg<\/a> auringonlaskussa<\/em><\/p>\n<p style=\"text-align: justify;\">N\u00e4k\u00f6alatasanne on kohtullisen ahdas paikka ja paikalla oli sunnuntai-iltap\u00e4iv\u00e4ll\u00e4kin runsaasti ihmisi\u00e4, joten kameransa kanssa sai v\u00e4h\u00e4n kikkailla kuvia ottaakseen. Maisema on kuitenkin sen verran hieno, ett\u00e4 vierailu Siegess\u00e4ulella kannattaa Berliinin reissun yhteydess\u00e4, varsinkin kun p\u00e4\u00e4symaksu on mit\u00e4t\u00f6n.<\/p>\n<p style=\"text-align: justify;\">Siegess\u00e4ule oli my\u00f6s <a title=\"Melkein Obaman kaveri\" href=\"http:\/\/www.vuosiamaailmalla.fi\/blog\/2010\/melkein-obaman-kaveri\/\">Barack Obaman<\/a> valinta ensimm\u00e4isell\u00e4 Berliinin-vierailullaan hein\u00e4kuussa 2008. Obama k\u00e4vi tuolloin presidentinvaalikampanjaansa ja vierailun oli tarkoitus osoittaa h\u00e4nen kansainv\u00e4lisi\u00e4 suhteita. Tuolloin juuri Siegess\u00e4ulen edusta valikoitui satojatuhansia paikalle houkutelleen puheen pitopaikaksi, mahdollisesti juuri tulevan voiton merkkin\u00e4 ja niinh\u00e4n siin\u00e4 sitten k\u00e4vikin.<\/p>\n<p style=\"text-align: center;\"><a href=\"\/blog\/wp-content\/uploads\/2011\/obama_siegessaulella.jpg\"><img decoding=\"async\" style=\"border: 0px none; margin: 5px;\" src=\"\/blog\/wp-content\/uploads\/2011\/obama_siegessaulella.jpg\" alt=\"\" \/><\/a><\/p>\n<p style=\"text-align: center;\"><em>Obama Berliiniss\u00e4 2008<\/em><\/p>\n","protected":false},"excerpt":{"rendered":"<p>Berliinin yksi vierailluimmista n\u00e4ht\u00e4vyyksist\u00e4 on Tiergartenin puiston keskell\u00e4 sijaitseva Siegess\u00e4ule. Voitonpylv\u00e4\u00e4ksi suomentuva muistomerkki on Heinrich Strackin vuonna 1864 suunnittelema muistomerkki Preussin voitolle Tanskasta maiden v\u00e4lisess\u00e4 sodassa tuona samaisena vuonna. Muistomerkki kuitenkin valmistui vasta 1873, mihin menness\u00e4 Preussi oli ottanut voiton my\u00f6s It\u00e4vallasta (1866) sek\u00e4 Ranskasta (1870-71). Niinp\u00e4 muistomerkki p\u00e4\u00e4tettiinkin pyhitt\u00e4\u00e4 juhlistamaan kaikkia n\u00e4it\u00e4 kolmea sotaa, &hellip; <a href=\"https:\/\/www.vuosiamaailmalla.fi\/blog\/2011\/voitonpylvas-siegessaule\/\" class=\"more-link\">Jatka lukemista<span class=\"screen-reader-text\"> &#8221;Voitonpylv\u00e4s Siegess\u00e4ule&#8221;<\/span><\/a><\/p>\n","protected":false},"author":1,"featured_media":11670,"comment_status":"open","ping_status":"open","sticky":false,"template":"","format":"standard","meta":{"_jetpack_memberships_contains_paid_content":false,"footnotes":""},"categories":[18,3],"tags":[21,34,49,284,65,69,70,74,119,139,172,255,276,616,190,617,618,615,352],"class_list":["post-2386","post","type-post","status-publish","format-standard","has-post-thumbnail","hentry","category-arki-saksassa","category-arki-ulkomailla","tag-2-maailmansota","tag-arki","tag-berliini","tag-berlin-hauptbahnhof","tag-berlin-tiergarten","tag-berliner-dom","tag-berliner-fernsehturm","tag-brandenburger-tor","tag-funkturm","tag-historiaa-2","tag-lansi-berliini","tag-potsdamer-platz","tag-preussi","tag-reichstag","tag-saksa","tag-schloss-bellevue","tag-siegessaule","tag-tiergartenin-puisto","tag-zoofenster"],"jetpack_featured_media_url":"https:\/\/www.vuosiamaailmalla.fi\/blog\/wp-content\/uploads\/siegessaulelta_banner.jpg","jetpack_sharing_enabled":true,"_links":{"self":[{"href":"https:\/\/www.vuosiamaailmalla.fi\/blog\/wp-json\/wp\/v2\/posts\/2386","targetHints":{"allow":["GET"]}}],"collection":[{"href":"https:\/\/www.vuosiamaailmalla.fi\/blog\/wp-json\/wp\/v2\/posts"}],"about":[{"href":"https:\/\/www.vuosiamaailmalla.fi\/blog\/wp-json\/wp\/v2\/types\/post"}],"author":[{"embeddable":true,"href":"https:\/\/www.vuosiamaailmalla.fi\/blog\/wp-json\/wp\/v2\/users\/1"}],"replies":[{"embeddable":true,"href":"https:\/\/www.vuosiamaailmalla.fi\/blog\/wp-json\/wp\/v2\/comments?post=2386"}],"version-history":[{"count":2,"href":"https:\/\/www.vuosiamaailmalla.fi\/blog\/wp-json\/wp\/v2\/posts\/2386\/revisions"}],"predecessor-version":[{"id":11672,"href":"https:\/\/www.vuosiamaailmalla.fi\/blog\/wp-json\/wp\/v2\/posts\/2386\/revisions\/11672"}],"wp:featuredmedia":[{"embeddable":true,"href":"https:\/\/www.vuosiamaailmalla.fi\/blog\/wp-json\/wp\/v2\/media\/11670"}],"wp:attachment":[{"href":"https:\/\/www.vuosiamaailmalla.fi\/blog\/wp-json\/wp\/v2\/media?parent=2386"}],"wp:term":[{"taxonomy":"category","embeddable":true,"href":"https:\/\/www.vuosiamaailmalla.fi\/blog\/wp-json\/wp\/v2\/categories?post=2386"},{"taxonomy":"post_tag","embeddable":true,"href":"https:\/\/www.vuosiamaailmalla.fi\/blog\/wp-json\/wp\/v2\/tags?post=2386"}],"curies":[{"name":"wp","href":"https:\/\/api.w.org\/{rel}","templated":true}]}}