{"id":2395,"date":"2010-07-17T10:23:47","date_gmt":"2010-07-17T17:23:47","guid":{"rendered":"http:\/\/13.53.127.146\/?p=2395"},"modified":"2019-06-23T13:41:25","modified_gmt":"2019-06-23T20:41:25","slug":"totaalinen-hellevasymys","status":"publish","type":"post","link":"https:\/\/www.vuosiamaailmalla.fi\/blog\/2010\/totaalinen-hellevasymys\/","title":{"rendered":"Totaalinen hellev\u00e4symys"},"content":{"rendered":"<p style=\"text-align: justify;\">Blogin p\u00e4ivitys on ollut viime viikot huonolla tolalla. Kymmenen p\u00e4iv\u00e4\u00e4 meni <a title=\"\u00d6inen Rooma sek\u00e4 palatsien ja puutarhojen Tivoli\" href=\"https:\/\/www.vuosiamaailmalla.fi\/?p=2859\">Italiassa<\/a> nettiyhteyden ulottumattomissa, mutta kuluneella viikolla syyn\u00e4 on ollut vain l\u00e4pikotainen v\u00e4symys. Eik\u00e4 kyseess\u00e4 ole ollut reissuv\u00e4symys, vaan <a title=\"Berliinin kes\u00e4keitaat\" href=\"https:\/\/www.vuosiamaailmalla.fi\/?p=10141\">Berliinin helteiden<\/a> aiheuttama v\u00e4symys. Menneell\u00e4 viikolla l\u00e4mm\u00f6t huitelivat 32-37 asteessa, mik\u00e4 oli melko tuskastuttavaa niin t\u00f6iss\u00e4 kuin kotonakin. Pari kes\u00e4\u00e4 aiemmin ostettu ilmastointilaite on ollut jo moneen kertaan hintansa v\u00e4\u00e4rti ja vaikka sill\u00e4 ei koko viilenn\u00e4k\u00e4\u00e4n,\u00a0 on se silti hengenpelastaja viilent\u00e4ess\u00e4\u00e4n edes makuuhuoneen y\u00f6ll\u00e4.<\/p>\n<p><!--more--><\/p>\n<p style=\"text-align: justify;\">Hyv\u00e4n\u00e4 uutisena pahin hellekausi n\u00e4ytt\u00e4\u00e4 olevan ohi <em>as of today<\/em>, sill\u00e4 kirjoitan t\u00e4t\u00e4 viesti\u00e4 kannettavalla tietokoneella akun varassa samalla kun ulkona sataa ja paukkuu ukkonen. En ole hetkeen ollut yht\u00e4 iloinen t\u00e4ysin harmaasta taivaasta sek\u00e4 vesipisaroiden ropinasta, mutta nyt ne ovat enemm\u00e4n kuin paikallaan! Berliiniss\u00e4 ei ole satanut ainakaan kolmeen viikkoon, joten luonto (ja ihmiset)\u00a0ovat olleet n\u00e4\u00e4ntym\u00e4isill\u00e4\u00e4n. T\u00e4ll\u00e4 sateella on siis suuri merkitys kaikelle. Ja kyll\u00e4 keli ensi viikollakin jatkuu j\u00e4lleen ihan kes\u00e4isen\u00e4 ja aurinko palaa taas taivaalle. \ud83d\ude44<\/p>\n<p style=\"text-align: justify;\"><a title=\"Naisten MM-jalkapalloa katsomassa\" href=\"https:\/\/www.vuosiamaailmalla.fi\/?p=5528\">Jalkapallon MM-kisatkin<\/a> ovat sitten jo reilusti ohi ja loppusijoitukset kaikille selv\u00e4t. Saksan k\u00e4vi ihan hyvin ja maa voitti Uruguain j\u00e4nn\u00e4ss\u00e4 pronssiottelussa ja sijoittui kolmanneksi. Itse n\u00e4imme ottelun Kaakkois-Italian <a title=\"Vesuviuksen hautaama Pompeji sek\u00e4 upea Amalfi\" href=\"https:\/\/www.vuosiamaailmalla.fi\/?p=2806\">Materassa<\/a>, joten en tied\u00e4 millainen viime lauantain juhlinta Berliiniss\u00e4 mahtoi olla. Kuullun mukaan ei niin valtava, kuin olisi voinut olettaa, sill\u00e4 pronssi on aina&#8230; noh, pronssi. T\u00e4m\u00e4n my\u00f6nsi my\u00f6s maajoukkue, kun se ilmoitti heti ottelun j\u00e4lkeen, ettei se saapuisi Berliiniin mink\u00e4\u00e4nlaiseen voitonjuhlaan. Ja n\u00e4in k\u00e4vikin, eli mit\u00e4\u00e4n virallisia juhlallisuuksia pronssista ei j\u00e4rjestetty.<\/p>\n<p style=\"text-align: justify;\">Kisat olivat kyll\u00e4 kiintoisat ja t\u00e4ytyy n\u00e4in j\u00e4lkik\u00e4teen my\u00f6nt\u00e4\u00e4, ett\u00e4 innostus niist\u00e4 tarttui kaltaiseeni jalkapallosta v\u00e4h\u00e4n v\u00e4litt\u00e4v\u00e4\u00e4nkin. Tunnelma kaupungilla ja koko Saksassa oli niin uskomaton otteluiden aikana, ettei siit\u00e4 voinut j\u00e4\u00e4d\u00e4 osattomaksi. Saapa n\u00e4hd\u00e4 mill\u00e4 mielell\u00e4 vuoden 2012 jalkapallon EM-kisoja tullaan seuraamaan. Sinne toki on viel\u00e4 aikaa. \ud83d\udca1<\/p>\n","protected":false},"excerpt":{"rendered":"<p>Blogin p\u00e4ivitys on ollut viime viikot huonolla tolalla. Kymmenen p\u00e4iv\u00e4\u00e4 meni Italiassa nettiyhteyden ulottumattomissa, mutta kuluneella viikolla syyn\u00e4 on ollut vain l\u00e4pikotainen v\u00e4symys. Eik\u00e4 kyseess\u00e4 ole ollut reissuv\u00e4symys, vaan Berliinin helteiden aiheuttama v\u00e4symys. Menneell\u00e4 viikolla l\u00e4mm\u00f6t huitelivat 32-37 asteessa, mik\u00e4 oli melko tuskastuttavaa niin t\u00f6iss\u00e4 kuin kotonakin. Pari kes\u00e4\u00e4 aiemmin ostettu ilmastointilaite on ollut jo &hellip; <a href=\"https:\/\/www.vuosiamaailmalla.fi\/blog\/2010\/totaalinen-hellevasymys\/\" class=\"more-link\">Jatka lukemista<span class=\"screen-reader-text\"> &#8221;Totaalinen hellev\u00e4symys&#8221;<\/span><\/a><\/p>\n","protected":false},"author":1,"featured_media":0,"comment_status":"open","ping_status":"open","sticky":false,"template":"","format":"standard","meta":{"_jetpack_memberships_contains_paid_content":false,"footnotes":""},"categories":[18,3],"tags":[34,49,318,159,190,270],"class_list":["post-2395","post","type-post","status-publish","format-standard","hentry","category-arki-saksassa","category-arki-ulkomailla","tag-arki","tag-berliini","tag-jalkapallon-mm-kisat","tag-kesa","tag-saksa","tag-saa"],"jetpack_featured_media_url":"","jetpack_sharing_enabled":true,"_links":{"self":[{"href":"https:\/\/www.vuosiamaailmalla.fi\/blog\/wp-json\/wp\/v2\/posts\/2395","targetHints":{"allow":["GET"]}}],"collection":[{"href":"https:\/\/www.vuosiamaailmalla.fi\/blog\/wp-json\/wp\/v2\/posts"}],"about":[{"href":"https:\/\/www.vuosiamaailmalla.fi\/blog\/wp-json\/wp\/v2\/types\/post"}],"author":[{"embeddable":true,"href":"https:\/\/www.vuosiamaailmalla.fi\/blog\/wp-json\/wp\/v2\/users\/1"}],"replies":[{"embeddable":true,"href":"https:\/\/www.vuosiamaailmalla.fi\/blog\/wp-json\/wp\/v2\/comments?post=2395"}],"version-history":[{"count":0,"href":"https:\/\/www.vuosiamaailmalla.fi\/blog\/wp-json\/wp\/v2\/posts\/2395\/revisions"}],"wp:attachment":[{"href":"https:\/\/www.vuosiamaailmalla.fi\/blog\/wp-json\/wp\/v2\/media?parent=2395"}],"wp:term":[{"taxonomy":"category","embeddable":true,"href":"https:\/\/www.vuosiamaailmalla.fi\/blog\/wp-json\/wp\/v2\/categories?post=2395"},{"taxonomy":"post_tag","embeddable":true,"href":"https:\/\/www.vuosiamaailmalla.fi\/blog\/wp-json\/wp\/v2\/tags?post=2395"}],"curies":[{"name":"wp","href":"https:\/\/api.w.org\/{rel}","templated":true}]}}