{"id":2419,"date":"2010-10-24T15:00:47","date_gmt":"2010-10-24T22:00:47","guid":{"rendered":"http:\/\/13.53.127.146\/?p=2419"},"modified":"2013-10-05T12:08:03","modified_gmt":"2013-10-05T19:08:03","slug":"hetkeksi-jaatynyt-alexanderplatz","status":"publish","type":"post","link":"https:\/\/www.vuosiamaailmalla.fi\/blog\/2010\/hetkeksi-jaatynyt-alexanderplatz\/","title":{"rendered":"Hetkeksi j\u00e4\u00e4tynyt Alexanderplatz"},"content":{"rendered":"<p style=\"text-align: justify;\">T\u00e4n\u00e4\u00e4n tapahtui jotain hieman erikoisempaa. Niina k\u00e4vi p\u00e4iv\u00e4ll\u00e4 Alexanderplatzilla kaupoissa minun j\u00e4\u00e4dess\u00e4 kotiin kirjoittamaan blogia. Jossain vaiheessa Niina soitti, ett\u00e4 en kyll\u00e4 ikin\u00e4 arvaa mit\u00e4 Alexanderplatzilla oli juuri tapahtunut.<\/p>\n<p><!--more--><\/p>\n<p style=\"text-align: justify;\">Niina oli juuri ollut k\u00e4velem\u00e4ss\u00e4 poikki Alexanderplatzin aukion, kun jostain oli kuulunut pillin vihellys. Se kiinnitti pienesti h\u00e4nen huomionsa, mutta h\u00e4n jatkoi matkaansa. Parin sekunnin kuluttua h\u00e4n kuitenkin tajusi, ett\u00e4 sadat ihmisen h\u00e4nen ymp\u00e4rill\u00e4\u00e4n eiv\u00e4t en\u00e4\u00e4 liikkuneetkaan. Mit\u00e4 ihmett\u00e4 oli tapahtunut? \ud83d\ude2f<\/p>\n<p style=\"text-align: justify;\">Kyseess\u00e4 oli tietenkin <em>flash mob<\/em>, eli ihmisjoukon ennalta sopima yll\u00e4tt\u00e4v\u00e4 joukkotapahtuma julkisella paikalla. T\u00e4ll\u00e4 kertaa kyseess\u00e4 oli flash mobin perinteinen <em>public freeze<\/em>, jossa osallistujat j\u00e4\u00e4tyv\u00e4t \u00e4killisesti paikalleen pariksi minuutiksi. T\u00e4m\u00e4 tietenkin saa asiasta mit\u00e4\u00e4n tiet\u00e4m\u00e4tt\u00f6m\u00e4t ihmiset h\u00e4milleen, mink\u00e4 kuvaaminen sivusta on tietenkin jutun pointti. Parin minuutin j\u00e4lkeen seuraa yleens\u00e4 toinen vihellys, jonka j\u00e4lkeen ihmisjoukko yht\u00e4kki\u00e4 her\u00e4\u00e4 henkiin ja jatkaa matkaansa aivan normaalisti.<\/p>\n<p style=\"text-align: justify;\">Youtuben perusteella n\u00e4it\u00e4 on Berliiniss\u00e4 <a href=\"https:\/\/www.youtube.com\/watch?v=MYboJljTudQ\">aika<\/a> <a href=\"https:\/\/www.youtube.com\/watch?v=_PR5mXyYils\">ajoin<\/a>, mutta t\u00e4m\u00e4 oli ensimm\u00e4inen kerta kun kumpikaan miest\u00e4 sattui sellaisen n\u00e4kem\u00e4\u00e4n. Onneksi Niina hoksasi ottaa k\u00e4nnyk\u00e4ll\u00e4\u00e4n videota sadoista j\u00e4\u00e4tyneist\u00e4 ihmisist\u00e4, joka l\u00f6ytyy alta. \ud83d\ude42<\/p>\n<p style=\"text-align: justify;\"><iframe loading=\"lazy\" src=\"\/\/www.youtube-nocookie.com\/embed\/MmFcjvN6bmE?rel=0\" frameborder=\"0\" width=\"560\" height=\"315\"><\/iframe><\/p>\n","protected":false},"excerpt":{"rendered":"<p>T\u00e4n\u00e4\u00e4n tapahtui jotain hieman erikoisempaa. Niina k\u00e4vi p\u00e4iv\u00e4ll\u00e4 Alexanderplatzilla kaupoissa minun j\u00e4\u00e4dess\u00e4 kotiin kirjoittamaan blogia. Jossain vaiheessa Niina soitti, ett\u00e4 en kyll\u00e4 ikin\u00e4 arvaa mit\u00e4 Alexanderplatzilla oli juuri tapahtunut.<\/p>\n","protected":false},"author":1,"featured_media":0,"comment_status":"open","ping_status":"open","sticky":false,"template":"","format":"standard","meta":{"_jetpack_memberships_contains_paid_content":false,"footnotes":""},"categories":[18,3],"tags":[25,28,34,49,56,112,133,190],"class_list":["post-2419","post","type-post","status-publish","format-standard","hentry","category-arki-saksassa","category-arki-ulkomailla","tag-ajankohtaista","tag-alexanderplatz","tag-arki","tag-berliini","tag-berlin-mitte","tag-flash-mob","tag-hassua","tag-saksa"],"jetpack_featured_media_url":"","jetpack_sharing_enabled":true,"_links":{"self":[{"href":"https:\/\/www.vuosiamaailmalla.fi\/blog\/wp-json\/wp\/v2\/posts\/2419","targetHints":{"allow":["GET"]}}],"collection":[{"href":"https:\/\/www.vuosiamaailmalla.fi\/blog\/wp-json\/wp\/v2\/posts"}],"about":[{"href":"https:\/\/www.vuosiamaailmalla.fi\/blog\/wp-json\/wp\/v2\/types\/post"}],"author":[{"embeddable":true,"href":"https:\/\/www.vuosiamaailmalla.fi\/blog\/wp-json\/wp\/v2\/users\/1"}],"replies":[{"embeddable":true,"href":"https:\/\/www.vuosiamaailmalla.fi\/blog\/wp-json\/wp\/v2\/comments?post=2419"}],"version-history":[{"count":0,"href":"https:\/\/www.vuosiamaailmalla.fi\/blog\/wp-json\/wp\/v2\/posts\/2419\/revisions"}],"wp:attachment":[{"href":"https:\/\/www.vuosiamaailmalla.fi\/blog\/wp-json\/wp\/v2\/media?parent=2419"}],"wp:term":[{"taxonomy":"category","embeddable":true,"href":"https:\/\/www.vuosiamaailmalla.fi\/blog\/wp-json\/wp\/v2\/categories?post=2419"},{"taxonomy":"post_tag","embeddable":true,"href":"https:\/\/www.vuosiamaailmalla.fi\/blog\/wp-json\/wp\/v2\/tags?post=2419"}],"curies":[{"name":"wp","href":"https:\/\/api.w.org\/{rel}","templated":true}]}}