{"id":2432,"date":"2010-09-05T11:08:55","date_gmt":"2010-09-05T18:08:55","guid":{"rendered":"http:\/\/13.53.127.146\/?p=2432"},"modified":"2022-02-20T20:39:42","modified_gmt":"2022-02-21T04:39:42","slug":"saltimbanco","status":"publish","type":"post","link":"https:\/\/www.vuosiamaailmalla.fi\/blog\/2010\/saltimbanco\/","title":{"rendered":"Saltimbanco"},"content":{"rendered":"<p style=\"text-align: justify;\">T\u00e4m\u00e4n viikon lauantai kului mukavissa merkeiss\u00e4, sill\u00e4 k\u00e4vimme Niinan kanssa katsomassa Berliiniss\u00e4 paraikaa vierailulla olevaa maailmankuulua montrealilaista <a href=\"https:\/\/www.vuosiamaailmalla.fi\/?tag=cirque-du-soleil\"><em>Cirque du Soleil<\/em><\/a> sirkusta. Kyseess\u00e4 oli toinen kertamme Cirque du Soleilin esityksess\u00e4, sill\u00e4 n\u00e4imme viime vuoden kev\u00e4\u00e4ll\u00e4 sirkuksen kotikaupunki Montrealissa juuri maailmankiertueelle l\u00e4ht\u00f6\u00e4 tekev\u00e4n <em>Ovo<\/em> nimisen esityksen. Nyt Berliiniin saapunut esitys oli nimelt\u00e4\u00e4n\u00a0<em>Saltimbanco <\/em>ja on saanut kantaesityksens\u00e4 jo vuonna 1992.<\/p>\n<p style=\"text-align: justify;\"><!--more--><br \/>\n<strong><em>\u2757 Artikkelin kirjoituksen j\u00e4lkeen Saltimbancon esitykset ovat p\u00e4\u00e4ttyneet 20 kiertuevuoden j\u00e4lkeen vuonna 2012.<\/em><\/strong><\/p>\n<p style=\"text-align: justify;\">Cirque du Soleil on yksi maailman menestyneimpi\u00e4 akrobaattisirkuksia ja yhti\u00f6ll\u00e4 on koko ajan meneill\u00e4\u00e4n useita maailmankiertueita. Yhteens\u00e4 tuotantoja on 21 erilaista (vuoden 2010 tilanne) ja ne ovat erityisesti tunnettuja maailmanluokan esiintyjist\u00e4\u00e4n sek\u00e4 korkeista tuotantoarvoista, kuten koristeellisesta lavastuksesta ja v\u00e4rikk\u00e4ist\u00e4 esiintymisasuista. Sirkuksen maine on niin kova, ett\u00e4 liput Saltimbancoon maksoivat 57-98 euroa hengelt\u00e4 eli aivan halpaa hupia sirkuksen n\u00e4keminen ei ole.<\/p>\n<p style=\"text-align: center;\"><a href=\"\/blog\/wp-content\/uploads\/2010\/poster_saltimbanco.jpg\"><img decoding=\"async\" src=\"\/blog\/wp-content\/uploads\/2010\/poster_saltimbanco.jpg\" \/><\/a><\/p>\n<p style=\"text-align: center;\"><em>Vuodesta 1992 esitetty Saltimbanco<\/em><\/p>\n<p style=\"text-align: center;\"><iframe loading=\"lazy\" src=\"https:\/\/www.youtube-nocookie.com\/embed\/bfSRaAQGEts?rel=0\" width=\"560\" height=\"315\" frameborder=\"0\" allowfullscreen=\"allowfullscreen\"><\/iframe><\/p>\n<p style=\"text-align: justify;\">Yhti\u00f6n kiert\u00e4v\u00e4t esitykset esiintyv\u00e4t jo tavaramerkiksi muodostuneen suuren kelta-sinisen teltan suojissa, mutta t\u00e4ll\u00e4 kertaa Saltimbancoa esitettiin Berliinin vuonna 2008 valmistuneella ja noin 17 000 ihmist\u00e4 mahduttavalla <em>o2 World<\/em> -monitoimiareenalla. Kyseisell\u00e4 areenalla j\u00e4rjestet\u00e4\u00e4n runsaasti erilaisia tapahtumia ja konsertteja, mutta t\u00e4m\u00e4 oli ensimm\u00e4inen kertamme areenalla. Se toikin oman lis\u00e4ns\u00e4 iltap\u00e4iv\u00e4\u00e4n ja otinkin <a title=\"Kameralaitteisto: Canon EOS 500D (Rebel T1i)\" href=\"https:\/\/www.vuosiamaailmalla.fi\/blog\/2011\/kameralaitteisto-canon-500d-rebel-t1i\/\">j\u00e4rjestelm\u00e4kamerani<\/a> mukaan rakennusta kuvatakseni. Areena sijaitsee Berliinin Friedrichshainin kaupunginosassa, aivan Spree-joen rannalla ja sinne p\u00e4\u00e4see julkisista kulkuneuvoista U1-metrolla tai <em>S-Bahnilla<\/em>, joiden molempien asema on <em>Warchauer Stra\u00dfe<\/em>.<\/p>\n<p style=\"text-align: center;\"><a href=\"\/blog\/wp-content\/uploads\/2010\/o2_world_warchauer_strasselta.jpg\"><img decoding=\"async\" style=\"border: 0px none; margin: 5px;\" src=\"\/blog\/wp-content\/uploads\/2010\/thumbs\/thumbs_o2_world_warchauer_strasselta.jpg\" alt=\"\" \/><\/a><a href=\"\/blog\/wp-content\/uploads\/2010\/o2_world_vierelta.jpg\"><img decoding=\"async\" style=\"border: 0px none; margin: 5px;\" src=\"\/blog\/wp-content\/uploads\/2010\/thumbs\/thumbs_o2_world_vierelta.jpg\" alt=\"\" \/><\/a><a href=\"\/blog\/wp-content\/uploads\/2010\/o2_world_edesta.jpg\"><img decoding=\"async\" style=\"border: 0px none; margin: 5px;\" src=\"\/blog\/wp-content\/uploads\/2010\/thumbs\/thumbs_o2_world_edesta.jpg\" alt=\"\" \/><\/a><\/p>\n<p style=\"text-align: center;\"><em>Berliinin uusi viihdekeskus o2 World<\/em><\/p>\n<p style=\"text-align: justify;\">Ulkoa o2 World ei ole j\u00e4rin ihmeellisen n\u00e4k\u00f6inen ja edustaa sangen hillitty\u00e4 arkkitehtuuria. Hieno yksityiskohta on valtava 120 metri\u00e4 leve\u00e4 lasinen julkisivu, johon on upotettu 300 000 LED-valoa, jotka muodostavat n\u00e4ytt\u00e4v\u00e4n 1440 neli\u00f6metrin videosein\u00e4n. Valitettavasti t\u00e4t\u00e4 ei p\u00e4\u00e4ssyt n\u00e4in p\u00e4iv\u00e4saikaan toteamaan, mutta se n\u00e4ytt\u00e4\u00e4 videoissa hienolta.<\/p>\n<p style=\"text-align: center;\"><iframe loading=\"lazy\" title=\"YouTube video player\" src=\"https:\/\/www.youtube-nocookie.com\/embed\/Pf-M78r38Q8\" width=\"560\" height=\"315\" frameborder=\"0\" allowfullscreen=\"allowfullscreen\"><\/iframe><\/p>\n<p style=\"text-align: justify;\">o2 World on saanut nimens\u00e4 teleoperaattori o2:lta ja saman nimisi\u00e4 halleja on muuallakin Euroopassa. o2-liittym\u00e4n haltijoilla onkin p\u00e4\u00e4sy sis\u00e4\u00e4n omasta ovestaan, jolla pit\u00e4\u00e4 osoittaa k\u00e4nnyk\u00e4ll\u00e4 ett\u00e4 k\u00e4yt\u00f6ss\u00e4 on tosiaankin o2:n liittym\u00e4. Hieman h\u00f6lm\u00f6\u00e4, mutta tekee vierailukokemuksesta varmasti hieman erikoisemman.<\/p>\n<p style=\"text-align: center;\"><a href=\"\/blog\/wp-content\/uploads\/2010\/o2_blue_lane.jpg\"><img decoding=\"async\" style=\"border: 0px none; margin: 5px;\" src=\"\/blog\/wp-content\/uploads\/2010\/thumbs\/thumbs_o2_blue_lane.jpg\" alt=\"\" \/><\/a><a href=\"\/blog\/wp-content\/uploads\/2010\/o2_world_aula.jpg\"><img decoding=\"async\" style=\"border: 0px none; margin: 5px;\" src=\"\/blog\/wp-content\/uploads\/2010\/thumbs\/thumbs_o2_world_aula.jpg\" alt=\"\" \/><\/a><\/p>\n<p style=\"text-align: center;\"><em>Areena loistaa o2:sen v\u00e4reiss\u00e4<\/em><\/p>\n<p style=\"text-align: justify;\">Sis\u00e4lt\u00e4 uusi areena on hieno ja Saltimbancon aikana k\u00e4yt\u00f6ss\u00e4 olivat permanto sek\u00e4 alimmat katsomot, joten areenan todellisesta koosta ei saanut t\u00e4ytt\u00e4 k\u00e4sityst\u00e4. Tila oli my\u00f6s jaettu puoliksi, lavan takaisten tilojen t\u00e4ytt\u00e4ess\u00e4 toisen p\u00e4\u00e4dyn kokonaan. Omat istumapaikkamme olivat l\u00e4hell\u00e4 lavaa permannolla, mist\u00e4 n\u00e4kym\u00e4t eiv\u00e4t olleet aivan parhaat. Sivustoilla sijaitsevat katsomot antavat paremman n\u00e4kym\u00e4n hieman korkeammalta, joten niit\u00e4 tulee kyll\u00e4 suosittua <a title=\"Alegr\u00eda\" href=\"https:\/\/www.vuosiamaailmalla.fi\/blog\/2011\/alegria\/\">seuraavalla kerralla<\/a>.<\/p>\n<p style=\"text-align: justify;\">Saltimbancon teema on &#8221;yhteiskunta&#8221; kaikkine sen toimijoineen. Teema ei kuitenkaan k\u00e4y niin ilmi itse esityksest\u00e4 ja opinkin siit\u00e4 vasta netist\u00e4 aiheesta lukiessani. Esitykseen kuuluu todella paljon huumoria ja esimerkiksi esityksen alussa on vaara joutua lavalle, sill\u00e4 katsojien joukossa liikkuvat hahmot tekev\u00e4t kaikenlaista j\u00e4yn\u00e4\u00e4. Aivan lopussa er\u00e4s katsoja joutuikin lavalle kahdestaan hauskan \u00e4\u00e4niefektej\u00e4 tehtailevan hahmon kanssa ja hoiti osansa kunnialla. Itse en olisi tyk\u00e4nnyt vastaavasta huomiosta, mutta muiden reagointia on aina hauska katsoa.<\/p>\n<p style=\"text-align: center;\"><a href=\"\/blog\/wp-content\/uploads\/2010\/saltimbanco.jpg\"><img decoding=\"async\" style=\"border: 0px none; margin: 5px;\" src=\"\/blog\/wp-content\/uploads\/2010\/saltimbanco.jpg\" alt=\"\" \/><\/a><\/p>\n<p style=\"text-align: center;\"><em>Kiert\u00e4v\u00e4 Saltimbanco<\/em><\/p>\n<p style=\"text-align: justify;\">Huumorin lis\u00e4ksi Saltimbancoon kuuluu monia huikeita akrobaattiesityksi\u00e4, joista saa k\u00e4sityksen kiertueen trailerista. Mieleen j\u00e4i erityisesti muutama esitys, joista ensimm\u00e4isess\u00e4 nelj\u00e4\u00e4 lavalla seissytt\u00e4 tankoa kiipeili ja hyppeli 16 esiintyj\u00e4\u00e4, jotka roikkuivat tangoissa poikittain ainoastaan k\u00e4sivoimiensa varassa. Esiintyj\u00e4t liikkuivat tankoja kepe\u00e4n n\u00e4k\u00f6isesti yl\u00f6s ja alas, toisinaan my\u00f6s p\u00e4\u00e4 alasp\u00e4in roikkuen.<\/p>\n<p style=\"text-align: justify;\">Toinen mielet\u00f6n esitys oli polkupy\u00f6r\u00e4ll\u00e4 temppuilija, joka aluksi vain seisoi py\u00f6r\u00e4ns\u00e4 p\u00e4\u00e4ll\u00e4, py\u00f6r\u00e4n kaartaessa lavalla ympyr\u00e4\u00e4. Seuraavaksi p\u00e4\u00e4lle vaihdettiin peruutusvaihde ja jos on pikkupojille py\u00f6r\u00e4ll\u00e4 keuliminen taidon osoitus, niin sangen vaikuttavaa on keuliminen <em>taaksep\u00e4in<\/em> py\u00f6r\u00e4ilt\u00e4ess\u00e4. Siit\u00e4 taituri siirtyi seuraavaksi tangon p\u00e4\u00e4lle, liikuttaen py\u00f6r\u00e4\u00e4 k\u00e4sin eri suuntiin pelk\u00e4n takapy\u00f6r\u00e4n varassa. Temppuja todellakin riitti ja emmek\u00e4 ole koskaan n\u00e4hneet sellaista py\u00f6r\u00e4n k\u00e4sittelytaitoa. Toki kyseess\u00e4 oli varmaankin erikoiskevyest\u00e4 py\u00f6r\u00e4st\u00e4, mutta wow!<\/p>\n<p style=\"text-align: justify;\">Huikea esitys oli my\u00f6s kahden lihaksikkaan miehen tasapainoilu toistensa p\u00e4\u00e4ll\u00e4. Yhdell\u00e4 k\u00e4dell\u00e4 toisen p\u00e4\u00e4n p\u00e4\u00e4ll\u00e4 seisominen on jo itsess\u00e4\u00e4n huimaa, mutta en voi ymm\u00e4rt\u00e4\u00e4 miten n\u00e4m\u00e4 suorittivat n\u00e4hdyn &#8221;niskaseisonnan&#8221;, miss\u00e4 toinen miehist\u00e4 seisoi normaalisti jaloillaan, toisen ollessa\u00a0 niskaseisonnassa t\u00e4m\u00e4n niskan p\u00e4\u00e4ll\u00e4, p\u00e4\u00e4 alasp\u00e4in. Jotenkin sellainenkin on vain n\u00e4emm\u00e4 mahdollista! Huimasti kaverit viel\u00e4 py\u00f6r\u00e4htiv\u00e4t hitaasti 360 astetta niin, ett\u00e4 yleis\u00f6 n\u00e4ki tempun kaikista suunnista. Melko mielet\u00f6nt\u00e4.<\/p>\n<p style=\"text-align: center;\"><a href=\"\/blog\/wp-content\/uploads\/2010\/saltimbanco3.jpg\"><img decoding=\"async\" src=\"\/blog\/wp-content\/uploads\/2010\/thumbs\/thumbs_saltimbanco3.jpg\" \/><\/a><a href=\"\/blog\/wp-content\/uploads\/2010\/saltimbanco2.jpg\"><img decoding=\"async\" src=\"\/blog\/wp-content\/uploads\/2010\/thumbs\/thumbs_saltimbanco2.jpg\" \/><\/a><a href=\"\/blog\/wp-content\/uploads\/2010\/saltimbanco1.jpg\"><img decoding=\"async\" src=\"\/blog\/wp-content\/uploads\/2010\/thumbs\/thumbs_saltimbanco1.jpg\" \/><\/a><\/p>\n<p style=\"text-align: center;\"><em>Upeita asuja ja uskomattomia esityksi\u00e4<\/em><\/p>\n<p style=\"text-align: justify;\">Kaikkein h\u00e4mm\u00e4stytt\u00e4vin oli silti duo-trapetsi, jossa kaksi naista taiteili yhdell\u00e4 trapetsinarulla noin kymmenen metrin korkeudessa. Vuorotellen toinen naisista roikkui paitsi toisen k\u00e4sien, my\u00f6s pelk\u00e4st\u00e4\u00e4n toisen jalkojen varassa p\u00e4\u00e4 alasp\u00e4in. H\u00e4mm\u00e4stytt\u00e4vint\u00e4 oli miten n\u00e4m\u00e4 roikkuivat toisistaan pelkill\u00e4 jalkaterill\u00e4\u00e4n ja silloinkin onnistuivat tehd\u00e4 180 asteen k\u00e4\u00e4nn\u00f6ksen yl\u00e4ilmoissa! Temppu on selke\u00e4sti \u00e4\u00e4rimm\u00e4isen hankala, sill\u00e4 kummassakin oli kiinni turvanaru, mit\u00e4 ei kuitenkaan tarvittu.<\/p>\n<p style=\"text-align: justify;\">Shown pituus oli kaksi tuntia lyhyell\u00e4 v\u00e4liajalla ja mielest\u00e4mme Saltimbanco oli <strong>todella<\/strong> loistava esitys ja ehdottomasti maailmanluokan show! Vaikka liput Cirque du Soleilin esityksiin ovatkin kalliita, saa hinnan vastineeksi unohtumattoman el\u00e4myksen <a title=\"Zarkana\" href=\"https:\/\/www.vuosiamaailmalla.fi\/blog\/2011\/zarkana\/\">maagiseen maailmaan<\/a>. Me olimme todella tyytyv\u00e4isi\u00e4 n\u00e4kem\u00e4\u00e4mme ja varmasti k\u00e4ymme katsomassa jonkun <a title=\"Crystal\" href=\"https:\/\/www.vuosiamaailmalla.fi\/blog\/2018\/crystal\/\">toisen shown<\/a>, kunhan sellainen taas Berliiniss\u00e4 vierailee.<\/p>\n","protected":false},"excerpt":{"rendered":"<p>T\u00e4m\u00e4n viikon lauantai kului mukavissa merkeiss\u00e4, sill\u00e4 k\u00e4vimme Niinan kanssa katsomassa Berliiniss\u00e4 paraikaa vierailulla olevaa maailmankuulua montrealilaista Cirque du Soleil sirkusta. Kyseess\u00e4 oli toinen kertamme Cirque du Soleilin esityksess\u00e4, sill\u00e4 n\u00e4imme viime vuoden kev\u00e4\u00e4ll\u00e4 sirkuksen kotikaupunki Montrealissa juuri maailmankiertueelle l\u00e4ht\u00f6\u00e4 tekev\u00e4n Ovo nimisen esityksen. Nyt Berliiniin saapunut esitys oli nimelt\u00e4\u00e4n\u00a0Saltimbanco ja on saanut kantaesityksens\u00e4 jo &hellip; <a href=\"https:\/\/www.vuosiamaailmalla.fi\/blog\/2010\/saltimbanco\/\" class=\"more-link\">Jatka lukemista<span class=\"screen-reader-text\"> &#8221;Saltimbanco&#8221;<\/span><\/a><\/p>\n","protected":false},"author":1,"featured_media":9554,"comment_status":"open","ping_status":"open","sticky":false,"template":"","format":"standard","meta":{"_jetpack_memberships_contains_paid_content":false,"footnotes":""},"categories":[18,3],"tags":[34,49,52,85,262,190,630,194],"class_list":["post-2432","post","type-post","status-publish","format-standard","has-post-thumbnail","hentry","category-arki-saksassa","category-arki-ulkomailla","tag-arki","tag-berliini","tag-berlin-friedrichshain","tag-cirque-du-soleil","tag-o2-world","tag-saksa","tag-saltimbanco","tag-show"],"jetpack_featured_media_url":"https:\/\/www.vuosiamaailmalla.fi\/blog\/wp-content\/uploads\/saltimbanco_banner.jpg","jetpack_sharing_enabled":true,"_links":{"self":[{"href":"https:\/\/www.vuosiamaailmalla.fi\/blog\/wp-json\/wp\/v2\/posts\/2432","targetHints":{"allow":["GET"]}}],"collection":[{"href":"https:\/\/www.vuosiamaailmalla.fi\/blog\/wp-json\/wp\/v2\/posts"}],"about":[{"href":"https:\/\/www.vuosiamaailmalla.fi\/blog\/wp-json\/wp\/v2\/types\/post"}],"author":[{"embeddable":true,"href":"https:\/\/www.vuosiamaailmalla.fi\/blog\/wp-json\/wp\/v2\/users\/1"}],"replies":[{"embeddable":true,"href":"https:\/\/www.vuosiamaailmalla.fi\/blog\/wp-json\/wp\/v2\/comments?post=2432"}],"version-history":[{"count":3,"href":"https:\/\/www.vuosiamaailmalla.fi\/blog\/wp-json\/wp\/v2\/posts\/2432\/revisions"}],"predecessor-version":[{"id":12707,"href":"https:\/\/www.vuosiamaailmalla.fi\/blog\/wp-json\/wp\/v2\/posts\/2432\/revisions\/12707"}],"wp:featuredmedia":[{"embeddable":true,"href":"https:\/\/www.vuosiamaailmalla.fi\/blog\/wp-json\/wp\/v2\/media\/9554"}],"wp:attachment":[{"href":"https:\/\/www.vuosiamaailmalla.fi\/blog\/wp-json\/wp\/v2\/media?parent=2432"}],"wp:term":[{"taxonomy":"category","embeddable":true,"href":"https:\/\/www.vuosiamaailmalla.fi\/blog\/wp-json\/wp\/v2\/categories?post=2432"},{"taxonomy":"post_tag","embeddable":true,"href":"https:\/\/www.vuosiamaailmalla.fi\/blog\/wp-json\/wp\/v2\/tags?post=2432"}],"curies":[{"name":"wp","href":"https:\/\/api.w.org\/{rel}","templated":true}]}}