{"id":2436,"date":"2013-10-06T17:48:06","date_gmt":"2013-10-07T00:48:06","guid":{"rendered":"http:\/\/13.53.127.146\/?p=2436"},"modified":"2020-12-13T16:35:18","modified_gmt":"2020-12-14T00:35:18","slug":"aavepilvenpiirtaja-sai-asukkaat","status":"publish","type":"post","link":"https:\/\/www.vuosiamaailmalla.fi\/blog\/2013\/aavepilvenpiirtaja-sai-asukkaat\/","title":{"rendered":"Aavepilvenpiirt\u00e4j\u00e4 sai asukkaat"},"content":{"rendered":"<p style=\"text-align: justify;\">Vancouverin yksi viime vuosien mystisimpi\u00e4 rakennusprojekteja lienee <em>The Residences at Hotel Georgia<\/em> nimell\u00e4 tunnettu upouusi pilvenpiirt\u00e4j\u00e4. T\u00e4m\u00e4 157-metrinen ja 48-kerroksinen maamerkki on Vancouverin toiseksi korkein rakennus (aina <a title=\"Trump tuli Vancouveriin\" href=\"https:\/\/www.vuosiamaailmalla.fi\/?p=2137\">Trumpin tornin<\/a> valmistumiseen saakka), mutta projekti ei kuitenkaan sujunut ilman merkitt\u00e4vi\u00e4 vastoink\u00e4ymisi\u00e4.<\/p>\n<p style=\"text-align: justify;\"><!--more--><\/p>\n<p style=\"text-align: justify;\">Projektin julkistus vuonna 2007 oli suuri tapahtuma ja luksusasunnot meniv\u00e4t kuin kuumille kiville. Ostajien joukossa oli monia silm\u00e4\u00e4tekevi\u00e4 ja ylimm\u00e4n kerroksen <em>penthousen<\/em> osti oregonilainen liikemies 18 miljoonalla dollarilla &#8211; summa, joka oli muutaman vuoden ajan kallein myyty asunto kaupungissa (<a title=\"Kanadan 5 kalleinta miljoonakotia\" href=\"https:\/\/www.vuosiamaailmalla.fi\/?p=273\">ei tosin en\u00e4\u00e4)<\/a>. Ostajien joukossa olivat my\u00f6s Kanadan entinen p\u00e4\u00e4ministeri Kim Campbell sek\u00e4 paikallinen miljard\u00f6\u00f6ri Jim Pattison. Kaikki n\u00e4ytti etenev\u00e4n hyvin ja rakennusty\u00f6t alkoivat tohinalla vuonna 2008.<\/p>\n<p style=\"text-align: justify;\">Aluksi rakennusty\u00f6t eteniv\u00e4t ongelmitta ja korkea rakennus kohosi paikalleen parissa vuodessa. Valmistuminen h\u00e4\u00e4m\u00f6tti luvatusti vuonna 2011, mutta sitten tapahtui jotain odottamatonta. Rakennuksen viimeistelyty\u00f6t jatkuivat kuukausikaupalla, eik\u00e4 asukkaita n\u00e4kynyt tai kuulunut valmiissakaan asunnoissa. Luvattu sis\u00e4\u00e4nmuuttop\u00e4iv\u00e4m\u00e4\u00e4r\u00e4 siirtyikin jatkuvasti eteenp\u00e4in, lopulta yhteens\u00e4 <strong>seitsem\u00e4n<\/strong> kertaa. \ud83d\ude2f<\/p>\n<p style=\"text-align: center;\"><a href=\"\/blog\/wp-content\/uploads\/2013\/residences_at_georgia1.jpg\"><img decoding=\"async\" style=\"border: 0px none; margin: 5px;\" src=\"\/blog\/wp-content\/uploads\/2013\/residences_at_georgia1.jpg\" alt=\"\" \/><\/a><\/p>\n<p style=\"text-align: center;\"><em>Tyhji\u00e4 asuntoja toukokuussa<\/em><\/p>\n<p style=\"text-align: justify;\">Monelta ostajalta paloi k\u00e4\u00e4mit ja 26 henkil\u00f6\u00e4 haastoi rakennusfirman oikeuteen sopimusrikkomuksesta. Sopimuksessa oli nimitt\u00e4in kirjattu, ett\u00e4 sis\u00e4\u00e4nmuuttop\u00e4iv\u00e4n muutoksesta tulisi ilmoittaa kirjallisesti, mit\u00e4 ei tapahtunut jokaisessa vaiheessa. Lis\u00e4ksi ostajat katsoivat, ett\u00e4 jatkuva lykk\u00e4\u00e4minen oikeuttaisi jo asuntokaupan raukeamiseen ja vaativat t\u00e4ten asunnoista maksamiaan satojentuhansien dollareiden takuusummia takaisin.<\/p>\n<p style=\"text-align: center;\"><a href=\"\/blog\/wp-content\/uploads\/2013\/law_courts_katto1.jpg\"><img decoding=\"async\" style=\"border: 0px none; margin: 5px;\" src=\"\/blog\/wp-content\/uploads\/2013\/law_courts_katto1.jpg\" alt=\"\" \/><\/a><\/p>\n<p style=\"text-align: center;\"><em>Osana keskustan skyline\u00e4<\/em><\/p>\n<p style=\"text-align: justify;\">Oikeustaistelu oli omiaan hidastamaan projektin valmistumista edelleen ja viel\u00e4 alkuvuonna 2013 p\u00e4\u00e4llisin puolin valmis pilvenpiirt\u00e4j\u00e4 seisoi keskell\u00e4 kaupunkia tyhj\u00e4n\u00e4. N\u00e4ky oli varsin karu erityisesti iltaisin, kun valtaisa rakennus seisoi paikallaan pilkkopime\u00e4n\u00e4.<\/p>\n<p style=\"text-align: center;\"><a href=\"\/blog\/wp-content\/uploads\/2013\/residences_at_georgia2.jpg\"><img decoding=\"async\" style=\"border: 0px none; margin: 5px;\" src=\"\/blog\/wp-content\/uploads\/2013\/thumbs\/thumbs_residences_at_georgia2.jpg\" alt=\"\" \/><\/a><a href=\"\/blog\/wp-content\/uploads\/2013\/residences_at_georgia5.jpg\"><img decoding=\"async\" style=\"border: 0px none; margin: 5px;\" src=\"\/blog\/wp-content\/uploads\/2013\/thumbs\/thumbs_residences_at_georgia5.jpg\" alt=\"\" \/><\/a><\/p>\n<p style=\"text-align: center;\"><em>Hotel Georgia ja korkea asuintorni<\/em><\/p>\n<p style=\"text-align: justify;\">Julkisuudessa ei ole ollut tietoa oikeustaistelun etenemisest\u00e4, mutta viimein loppukes\u00e4ll\u00e4 rakennuksen ymp\u00e4rill\u00e4 alkoi n\u00e4ky\u00e4 liikett\u00e4 ja muutamiin asuntoihin ilmesty\u00e4 huonekaluja. Yh\u00e4 edelleen rakennuksen asunnoista suurin osa n\u00e4ytt\u00e4\u00e4 asumattomilta ja monet ikkuvat ovatkin iltaisin pime\u00e4n\u00e4, mutta ainakaan en\u00e4\u00e4 t\u00e4m\u00e4 luksuspilvenpiirt\u00e4j\u00e4 ei seiso sent\u00e4\u00e4n t\u00e4ysin tyhj\u00e4n\u00e4. Osasyy tyhjiin asuntoihin on my\u00f6s Vancouverin hulluissa asuntomarkkinoissa, jossa kiinalaiset sijoittajat ostavat asuntoja parkkeeratakseen rahojaan kiinteist\u00f6\u00f6n, eik\u00e4 asuntoihin muuta v\u00e4ltt\u00e4m\u00e4tt\u00e4 ket\u00e4\u00e4n asumaan vuosikausiin. T\u00e4llaisia tapauksia on paljon, eik\u00e4 siihen vaikuta edes se, ett\u00e4 t\u00e4ss\u00e4kin rakennuksessa keskim\u00e4\u00e4r\u00e4inen asunnon hinta on 2,45 miljoonaa dollaria.<\/p>\n<p style=\"text-align: center;\"><a href=\"\/blog\/wp-content\/uploads\/2013\/residences_at_georgia3.jpg\"><img decoding=\"async\" style=\"border: 0px none; margin: 5px;\" src=\"\/blog\/wp-content\/uploads\/2013\/thumbs\/thumbs_residences_at_georgia3.jpg\" alt=\"\" \/><\/a><a href=\"\/blog\/wp-content\/uploads\/2013\/residences_at_georgia6.jpg\"><img decoding=\"async\" style=\"border: 0px none; margin: 5px;\" src=\"\/blog\/wp-content\/uploads\/2013\/thumbs\/thumbs_residences_at_georgia6.jpg\" alt=\"\" \/><\/a><a href=\"\/blog\/wp-content\/uploads\/2013\/residences_at_georgia7.jpg\"><img decoding=\"async\" style=\"border: 0px none; margin: 5px;\" src=\"\/blog\/wp-content\/uploads\/2013\/thumbs\/thumbs_residences_at_georgia7.jpg\" alt=\"\" \/><\/a><\/p>\n<p style=\"text-align: center;\"><em>N\u00e4kym\u00e4 viereisilt\u00e4 kaduilta<\/em><\/p>\n<p style=\"text-align: justify;\">Oheiset kuvat on otettu p\u00e4\u00e4osin elokuussa ja niiss\u00e4 rakennus n\u00e4ytt\u00e4ytyy ihan edukseen. Rakennus tuntuu <a title=\"Kilpailu korkeimmasta pilvenpiirt\u00e4j\u00e4st\u00e4\" href=\"https:\/\/www.vuosiamaailmalla.fi\/?p=11013\">todella korkealta<\/a> ja t\u00e4ydent\u00e4\u00e4 ymp\u00e4rist\u00f6\u00e4\u00e4n mukavasti. Rakennuskompleksiin kuuluu my\u00f6s vuonna 1927 valmistunut viiden t\u00e4hden <em>Hotel Georgia<\/em> -hotelli, joka remontoitiin kauttaaltaan osana projektia. Hotellin palvelut ovat luonnollisesti asukkaiden k\u00e4yt\u00f6ss\u00e4.<\/p>\n<p style=\"text-align: center;\"><a href=\"\/blog\/wp-content\/uploads\/2013\/residences_at_georgia4.jpg\"><img decoding=\"async\" style=\"border: 0px none; margin: 5px;\" src=\"\/blog\/wp-content\/uploads\/2013\/thumbs\/thumbs_residences_at_georgia4.jpg\" alt=\"\" \/><\/a><a href=\"\/blog\/wp-content\/uploads\/2013\/residences_at_georgia8.jpg\"><img decoding=\"async\" style=\"border: 0px none; margin: 5px;\" src=\"\/blog\/wp-content\/uploads\/2013\/thumbs\/thumbs_residences_at_georgia8.jpg\" alt=\"\" \/><\/a><a href=\"\/blog\/wp-content\/uploads\/2013\/residences_at_georgia9.jpg\"><img decoding=\"async\" style=\"border: 0px none; margin: 5px;\" src=\"\/blog\/wp-content\/uploads\/2013\/thumbs\/thumbs_residences_at_georgia9.jpg\" alt=\"\" \/><\/a><\/p>\n<p style=\"text-align: center;\"><em>Pilvenpiirt\u00e4j\u00e4n mittoja<\/em><\/p>\n<p style=\"text-align: justify;\">Rakennuksen sijainti on eritt\u00e4in keskeinen ja maisemat yli kaupungin sek\u00e4 vuorille p\u00e4in ovat varmasti hulppeat, joten t\u00e4ss\u00e4 mieless\u00e4 rakennuksesta tuli kyll\u00e4 onnistunut osa kaupunkikuvaa, kaikesta taustalla olleesta draamasta huolimatta. \ud83d\ude44<\/p>\n<p style=\"text-align: center;\"><a href=\"\/blog\/wp-content\/uploads\/2013\/residences_at_georgia11.jpg\"><img decoding=\"async\" style=\"border: 0px none; margin: 5px;\" src=\"\/blog\/wp-content\/uploads\/2013\/thumbs\/thumbs_residences_at_georgia11.jpg\" alt=\"\" \/><\/a><a href=\"\/blog\/wp-content\/uploads\/2013\/residences_at_georgia10.jpg\"><img decoding=\"async\" style=\"border: 0px none; margin: 5px;\" src=\"\/blog\/wp-content\/uploads\/2013\/thumbs\/thumbs_residences_at_georgia10.jpg\" alt=\"\" \/><\/a><\/p>\n<p style=\"text-align: center;\"><em>N\u00e4kym\u00e4 West Georgia Streetilt\u00e4<\/em><\/p>\n","protected":false},"excerpt":{"rendered":"<p>Vancouverin yksi viime vuosien mystisimpi\u00e4 rakennusprojekteja lienee The Residences at Hotel Georgia nimell\u00e4 tunnettu upouusi pilvenpiirt\u00e4j\u00e4. T\u00e4m\u00e4 157-metrinen ja 48-kerroksinen maamerkki on Vancouverin toiseksi korkein rakennus (aina Trumpin tornin valmistumiseen saakka), mutta projekti ei kuitenkaan sujunut ilman merkitt\u00e4vi\u00e4 vastoink\u00e4ymisi\u00e4.<\/p>\n","protected":false},"author":1,"featured_media":11022,"comment_status":"open","ping_status":"open","sticky":false,"template":"","format":"standard","meta":{"_jetpack_memberships_contains_paid_content":false,"footnotes":""},"categories":[17,3],"tags":[25,133,935,155,301,631,939,940],"class_list":["post-2436","post","type-post","status-publish","format-standard","has-post-thumbnail","hentry","category-arki-kanadassa","category-arki-ulkomailla","tag-ajankohtaista","tag-hassua","tag-kanada","tag-kanadalainen-juttu","tag-rakennustyomaa","tag-residences-at-hotel-georgia","tag-vancouver","tag-vancouver-downtown"],"jetpack_featured_media_url":"https:\/\/www.vuosiamaailmalla.fi\/blog\/wp-content\/uploads\/residences_at_georgia_banner-1.jpg","jetpack_sharing_enabled":true,"_links":{"self":[{"href":"https:\/\/www.vuosiamaailmalla.fi\/blog\/wp-json\/wp\/v2\/posts\/2436","targetHints":{"allow":["GET"]}}],"collection":[{"href":"https:\/\/www.vuosiamaailmalla.fi\/blog\/wp-json\/wp\/v2\/posts"}],"about":[{"href":"https:\/\/www.vuosiamaailmalla.fi\/blog\/wp-json\/wp\/v2\/types\/post"}],"author":[{"embeddable":true,"href":"https:\/\/www.vuosiamaailmalla.fi\/blog\/wp-json\/wp\/v2\/users\/1"}],"replies":[{"embeddable":true,"href":"https:\/\/www.vuosiamaailmalla.fi\/blog\/wp-json\/wp\/v2\/comments?post=2436"}],"version-history":[{"count":0,"href":"https:\/\/www.vuosiamaailmalla.fi\/blog\/wp-json\/wp\/v2\/posts\/2436\/revisions"}],"wp:featuredmedia":[{"embeddable":true,"href":"https:\/\/www.vuosiamaailmalla.fi\/blog\/wp-json\/wp\/v2\/media\/11022"}],"wp:attachment":[{"href":"https:\/\/www.vuosiamaailmalla.fi\/blog\/wp-json\/wp\/v2\/media?parent=2436"}],"wp:term":[{"taxonomy":"category","embeddable":true,"href":"https:\/\/www.vuosiamaailmalla.fi\/blog\/wp-json\/wp\/v2\/categories?post=2436"},{"taxonomy":"post_tag","embeddable":true,"href":"https:\/\/www.vuosiamaailmalla.fi\/blog\/wp-json\/wp\/v2\/tags?post=2436"}],"curies":[{"name":"wp","href":"https:\/\/api.w.org\/{rel}","templated":true}]}}