{"id":2455,"date":"2013-10-16T20:09:37","date_gmt":"2013-10-17T03:09:37","guid":{"rendered":"http:\/\/13.53.127.146\/?p=2455"},"modified":"2021-01-20T21:48:12","modified_gmt":"2021-01-21T05:48:12","slug":"brockton-point","status":"publish","type":"post","link":"https:\/\/www.vuosiamaailmalla.fi\/blog\/2013\/brockton-point\/","title":{"rendered":"Brockton Point"},"content":{"rendered":"<p style=\"text-align: justify;\">Kelit ovat olleet kauniin syksyisi\u00e4 Vancouverissa parin viimeisen viikon ajan. Niinp\u00e4 l\u00e4hdimmekin edellissunnuntaina iltap\u00e4iv\u00e4st\u00e4 ulkoilemaan. Kohteeksi valikoitui <a title=\"Kes\u00e4p\u00e4iv\u00e4 North Vancouverissa\" href=\"https:\/\/www.vuosiamaailmalla.fi\/?p=7861\">North Vancouverissa<\/a> sijaitseva Mount Seymour, jolla sijaitsee <a title=\"Laskettelua sadepilvess\u00e4\" href=\"https:\/\/www.vuosiamaailmalla.fi\/?p=192\">laskettelukeskuksen<\/a> lis\u00e4ksi my\u00f6s monia kiintoisia vaelluspolkuja.<\/p>\n<p><!--more--><\/p>\n<p style=\"text-align: justify;\">Paikan p\u00e4\u00e4ll\u00e4 totesimme saman suunnitelman tehneen my\u00f6s puolet Vancouverista, sill\u00e4 laskettelukeskuksen parkkipaikka oli t\u00e4ynn\u00e4 kuin talvella konsanaan. Suurin osa v\u00e4est\u00e4 suuntasi yl\u00f6s laskettelurinteit\u00e4 pitkin ja saman reitin p\u00e4\u00e4dyimme ottamaan mekin. Talvella kevyesti laskettavat rinteet tuntuivat yl\u00f6sp\u00e4in kivutessa kaikkea muuta kuin kevyelt\u00e4 ja alkumatka olikin pient\u00e4 puuskuttamista. Matka kuitenkin eteni hissukseen ja noin kolmen vartin p\u00e4\u00e4st\u00e4 olimme laskettelurinteiden yl\u00e4puolella.<\/p>\n<p style=\"text-align: center;\"><a href=\"\/blog\/wp-content\/uploads\/2013\/hiihtokeskus_kesateloilla.jpg\"><img decoding=\"async\" style=\"border: 0px none; margin: 5px;\" src=\"\/blog\/wp-content\/uploads\/2013\/hiihtokeskus_kesateloilla.jpg\" alt=\"\" \/><\/a><\/p>\n<p style=\"text-align: center;\"><em>Laskettelukeskus kes\u00e4teloilla<\/em><\/p>\n<p style=\"text-align: justify;\">Sielt\u00e4 suosituin polku jatkuu aina <a title=\"Pilvihattaraa Mount Seymourilla\" href=\"https:\/\/www.vuosiamaailmalla.fi\/?p=7765\">Mount Seymourin huipulle<\/a> saakka, mutta matkaa ja nousua olisi viel\u00e4 runsaasti edess\u00e4. Koska kello oli jo reilusti iltap\u00e4iv\u00e4n puolella, p\u00e4\u00e4timme p\u00e4\u00e4tt\u00e4\u00e4 t\u00e4m\u00e4n kertaisen retkemme Brockton Pointtina tunnetulle kalliolle. Paikalta aukeaa upea maisema ymp\u00e4r\u00f6iville vuorille ja aina Vancouverin keskustaan saakka. Hieman idemp\u00e4n\u00e4 n\u00e4kyv\u00e4t my\u00f6s utuisena it\u00e4isen Lower Mainlandin maamerkit kuten uusi <a title=\"Yli uuden Port Mann Bridgen\" href=\"https:\/\/www.vuosiamaailmalla.fi\/?p=737\"><em>Port Mann Bridge<\/em><\/a> sek\u00e4 tietenkin <a title=\"Uskomaton Mount Baker\" href=\"https:\/\/www.vuosiamaailmalla.fi\/?p=2213\">Mount Baker<\/a>. Ikilumisen Bakerin lis\u00e4ksi my\u00f6s l\u00e4heisemm\u00e4t vuoret olivat jo saaneet ensilumen korkeimmille huipuilleen.<\/p>\n<p style=\"text-align: center;\"><a href=\"\/blog\/wp-content\/uploads\/2013\/brockton_point3.jpg\"><img decoding=\"async\" style=\"border: 0px none; margin: 5px;\" src=\"\/blog\/wp-content\/uploads\/2013\/brockton_point3.jpg\" alt=\"\" \/><\/a><\/p>\n<p style=\"text-align: center;\"><em>North Shore Mountainsit kalliolta n\u00e4htyn\u00e4<\/em><\/p>\n<p style=\"text-align: center;\"><a href=\"\/blog\/wp-content\/uploads\/2013\/brockton_point2.jpg\"><img decoding=\"async\" style=\"border: 0px none; margin: 5px;\" src=\"\/blog\/wp-content\/uploads\/2013\/thumbs\/thumbs_brockton_point2.jpg\" alt=\"\" \/><\/a><a href=\"\/blog\/wp-content\/uploads\/2013\/dog_mountain_alapuolella.jpg\"><img decoding=\"async\" style=\"border: 0px none; margin: 5px;\" src=\"\/blog\/wp-content\/uploads\/2013\/thumbs\/thumbs_dog_mountain_alapuolella.jpg\" alt=\"\" \/><\/a><br \/>\n<a href=\"\/blog\/wp-content\/uploads\/2013\/brockton_point1.jpg\"><img decoding=\"async\" style=\"border: 0px none; margin: 5px;\" src=\"\/blog\/wp-content\/uploads\/2013\/thumbs\/thumbs_brockton_point1.jpg\" alt=\"\" \/><\/a><a href=\"\/blog\/wp-content\/uploads\/2013\/tuoretta_lunta_vuorilla.jpg\"><img decoding=\"async\" style=\"border: 0px none; margin: 5px;\" src=\"\/blog\/wp-content\/uploads\/2013\/thumbs\/thumbs_tuoretta_lunta_vuorilla.jpg\" alt=\"\" \/><\/a><\/p>\n<p style=\"text-align: center;\"><em>Maisemia Brockton Pointilta<\/em><\/p>\n<p style=\"text-align: center;\"><a href=\"\/blog\/wp-content\/uploads\/2013\/coquitlam1.jpg\"><img decoding=\"async\" style=\"border: 0px none; margin: 5px;\" src=\"\/blog\/wp-content\/uploads\/2013\/thumbs\/thumbs_coquitlam1.jpg\" alt=\"\" \/><\/a><a href=\"\/blog\/wp-content\/uploads\/2013\/port_mann_bridge_mount_seymourilta.jpg\"><img decoding=\"async\" style=\"border: 0px none; margin: 5px;\" src=\"\/blog\/wp-content\/uploads\/2013\/thumbs\/thumbs_port_mann_bridge_mount_seymourilta.jpg\" alt=\"\" \/><\/a><\/p>\n<p style=\"text-align: center;\"><em>It\u00e4isen Lower Mainlandin maamerkkej\u00e4<\/em><\/p>\n<p style=\"text-align: justify;\">S\u00f6imme kalliolla olevalla suurella lohkareella ev\u00e4\u00e4mme ja l\u00e4hdimme paluumatkalle. Matkalla takaisin parkkipaikalle p\u00e4\u00e4timme koukata l\u00e4heisell\u00e4 Mystery Lakella. Se olikin hyv\u00e4 p\u00e4\u00e4t\u00f6s, sill\u00e4 vaikka j\u00e4rvelle johtava mets\u00e4polku olikin hiihtorinteit\u00e4 mutaisempi, oli se silti maisemiltaan paljon leve\u00e4\u00e4 laskettelurinnett\u00e4 mielenkiintoisampi. My\u00f6s itse j\u00e4rvi oli ihan n\u00e4tti, vaikka taivas olikin mennyt pilveen.<\/p>\n<p style=\"text-align: center;\"><a href=\"\/blog\/wp-content\/uploads\/2013\/oma_pose_kallioll.jpg\"><img decoding=\"async\" style=\"border: 0px none; margin: 5px;\" src=\"\/blog\/wp-content\/uploads\/2013\/oma_pose_kallioll.jpg\" alt=\"\" \/><\/a><\/p>\n<p style=\"text-align: center;\"><em>Poseeraus kalliolla<\/em><\/p>\n<p style=\"text-align: center;\"><a href=\"\/blog\/wp-content\/uploads\/2013\/brockton_point_polku1.jpg\"><img decoding=\"async\" style=\"border: 0px none; margin: 5px;\" src=\"\/blog\/wp-content\/uploads\/2013\/thumbs\/thumbs_brockton_point_polku1.jpg\" alt=\"\" \/><\/a><a href=\"\/blog\/wp-content\/uploads\/2013\/brockton_point_polku2.jpg\"><img decoding=\"async\" style=\"border: 0px none; margin: 5px;\" src=\"\/blog\/wp-content\/uploads\/2013\/thumbs\/thumbs_brockton_point_polku2.jpg\" alt=\"\" \/><\/a><\/p>\n<p style=\"text-align: center;\"><em>Polku mysteerij\u00e4rvelle<\/em><\/p>\n<p style=\"text-align: center;\"><a href=\"\/blog\/wp-content\/uploads\/2013\/mystery_lake_panoraama.jpg\"><img decoding=\"async\" style=\"border: 0px none; margin: 5px;\" src=\"\/blog\/wp-content\/uploads\/2013\/mystery_lake_panoraama_pieni.jpg\" alt=\"\" \/><\/a><\/p>\n<p style=\"text-align: center;\"><em>Mystery Lake<\/em><\/p>\n<p style=\"text-align: justify;\">Oheiset kuvat on muuten otettu p\u00e4\u00e4osin uudella <em><a title=\"Kameralaitteisto: Nokia Lumia 1020\" href=\"https:\/\/www.vuosiamaailmalla.fi\/?p=2522\">Nokia Lumia 1020<\/a><\/em> \u00e4lypuhelimella, jonka ostin Salt Lake Cityst\u00e4 itselleni taskukokoiseksi kameraksi. Olen kerennyt k\u00e4ytt\u00e4\u00e4 kameraa vasta hyvin v\u00e4h\u00e4n, mutta ainakin t\u00e4m\u00e4n reissun perusteella t\u00e4m\u00e4 41 megapikselin kamerak\u00e4nnykk\u00e4 tekee ihan kelvollista j\u00e4lke\u00e4. Tarkempi arvio laitteesta on tulossa kunhan k\u00e4ytt\u00f6kokemuksia kertyy hieman nykyist\u00e4 enemm\u00e4n.<\/p>\n","protected":false},"excerpt":{"rendered":"<p>Kelit ovat olleet kauniin syksyisi\u00e4 Vancouverissa parin viimeisen viikon ajan. Niinp\u00e4 l\u00e4hdimmekin edellissunnuntaina iltap\u00e4iv\u00e4st\u00e4 ulkoilemaan. Kohteeksi valikoitui North Vancouverissa sijaitseva Mount Seymour, jolla sijaitsee laskettelukeskuksen lis\u00e4ksi my\u00f6s monia kiintoisia vaelluspolkuja.<\/p>\n","protected":false},"author":1,"featured_media":11362,"comment_status":"open","ping_status":"open","sticky":false,"template":"","format":"standard","meta":{"_jetpack_memberships_contains_paid_content":false,"footnotes":""},"categories":[17,3,15],"tags":[34,935,181,184,938,939],"class_list":["post-2455","post","type-post","status-publish","format-standard","has-post-thumbnail","hentry","category-arki-kanadassa","category-arki-ulkomailla","category-vaeltaminen","tag-arki","tag-kanada","tag-mount-seymour","tag-north-vancouver","tag-vaellus","tag-vancouver"],"jetpack_featured_media_url":"https:\/\/www.vuosiamaailmalla.fi\/blog\/wp-content\/uploads\/brockton_point_banner-1.jpg","jetpack_sharing_enabled":true,"_links":{"self":[{"href":"https:\/\/www.vuosiamaailmalla.fi\/blog\/wp-json\/wp\/v2\/posts\/2455","targetHints":{"allow":["GET"]}}],"collection":[{"href":"https:\/\/www.vuosiamaailmalla.fi\/blog\/wp-json\/wp\/v2\/posts"}],"about":[{"href":"https:\/\/www.vuosiamaailmalla.fi\/blog\/wp-json\/wp\/v2\/types\/post"}],"author":[{"embeddable":true,"href":"https:\/\/www.vuosiamaailmalla.fi\/blog\/wp-json\/wp\/v2\/users\/1"}],"replies":[{"embeddable":true,"href":"https:\/\/www.vuosiamaailmalla.fi\/blog\/wp-json\/wp\/v2\/comments?post=2455"}],"version-history":[{"count":2,"href":"https:\/\/www.vuosiamaailmalla.fi\/blog\/wp-json\/wp\/v2\/posts\/2455\/revisions"}],"predecessor-version":[{"id":11363,"href":"https:\/\/www.vuosiamaailmalla.fi\/blog\/wp-json\/wp\/v2\/posts\/2455\/revisions\/11363"}],"wp:featuredmedia":[{"embeddable":true,"href":"https:\/\/www.vuosiamaailmalla.fi\/blog\/wp-json\/wp\/v2\/media\/11362"}],"wp:attachment":[{"href":"https:\/\/www.vuosiamaailmalla.fi\/blog\/wp-json\/wp\/v2\/media?parent=2455"}],"wp:term":[{"taxonomy":"category","embeddable":true,"href":"https:\/\/www.vuosiamaailmalla.fi\/blog\/wp-json\/wp\/v2\/categories?post=2455"},{"taxonomy":"post_tag","embeddable":true,"href":"https:\/\/www.vuosiamaailmalla.fi\/blog\/wp-json\/wp\/v2\/tags?post=2455"}],"curies":[{"name":"wp","href":"https:\/\/api.w.org\/{rel}","templated":true}]}}