{"id":2468,"date":"2013-10-20T18:44:44","date_gmt":"2013-10-21T01:44:44","guid":{"rendered":"http:\/\/13.53.127.146\/?p=2468"},"modified":"2022-11-11T21:00:09","modified_gmt":"2022-11-12T05:00:09","slug":"kiitospaiva-autiolla-hiekkarannalla","status":"publish","type":"post","link":"https:\/\/www.vuosiamaailmalla.fi\/blog\/2013\/kiitospaiva-autiolla-hiekkarannalla\/","title":{"rendered":"Kiitosp\u00e4iv\u00e4 autiolla hiekkarannalla"},"content":{"rendered":"<p style=\"text-align: justify;\">Viime viikonloppuna vietettiin j\u00e4lleen kiitosp\u00e4iv\u00e4\u00e4 t\u00e4\u00e4ll\u00e4 Kanadassa. Tiedossa oli siis pitk\u00e4 viikonloppu, mutta t\u00e4n\u00e4 vuonna emme j\u00e4\u00e4neet kotiin <a title=\"Thanksgiving Day\" href=\"https:\/\/www.vuosiamaailmalla.fi\/?p=813\">paistamaan kalkkunaa<\/a>, vaan suuntasimme pienelle reissulle rajan ylitse.<\/p>\n<p style=\"text-align: justify;\">P\u00e4\u00e4simme l\u00e4htem\u00e4\u00e4n t\u00f6ist\u00e4 perjantaina vasta hieman kolmen j\u00e4lkeen, joten jouduimme ajamaan ulos kaupungista kaikkein pahimpaan ruuhka-aikaan. Ensimm\u00e4inen koetus olikin p\u00e4\u00e4st\u00e4 Fraser Riverin ylitse kohti rajaa. Tiesimme jo ennalta <a title=\"Uusi j\u00e4ttim\u00e4inen siltahanke julki\" href=\"https:\/\/www.vuosiamaailmalla.fi\/?p=2342\"><em>George Massey Tunnelin<\/em><\/a> ruuhkaiseksi, joten p\u00e4\u00e4timme kokeilla onneamme 6-kaistaisen <em>Alex Fraser Bridgen<\/em> kautta. Siell\u00e4kin liikennett\u00e4 kuitenkin oli niin, ett\u00e4 saimme madella parikymment\u00e4 minuuttia vain p\u00e4\u00e4st\u00e4ksemme sillalle.<\/p>\n<p><!--more--><\/p>\n<p style=\"text-align: center;\"><a href=\"\/blog\/wp-content\/uploads\/2013\/alex_fraser_bridge1.jpg\"><img decoding=\"async\" style=\"border: 0px none; margin: 5px;\" src=\"\/blog\/wp-content\/uploads\/2013\/thumbs\/thumbs_alex_fraser_bridge1.jpg\" alt=\"\" \/><\/a><a href=\"\/blog\/wp-content\/uploads\/2013\/alex_fraser_bridge2.jpg\"><img decoding=\"async\" style=\"border: 0px none; margin: 5px;\" src=\"\/blog\/wp-content\/uploads\/2013\/thumbs\/thumbs_alex_fraser_bridge2.jpg\" alt=\"\" \/><\/a><a href=\"\/blog\/wp-content\/uploads\/2013\/alex_fraser_bridge3.jpg\"><img decoding=\"async\" style=\"border: 0px none; margin: 5px;\" src=\"\/blog\/wp-content\/uploads\/2013\/thumbs\/thumbs_alex_fraser_bridge3.jpg\" alt=\"\" \/><\/a><\/p>\n<p style=\"text-align: center;\"><em>Pahasti ruuhkainen Alex Fraser Bridge<\/em><\/p>\n<p style=\"text-align: justify;\">Tunti kotoa l\u00e4hdetty\u00e4mme p\u00e4\u00e4simme viimein rajalle. Kuten arvata saattoi, my\u00f6s muutama muu oli suuntaamassa Yhdysvaltojen puolelle pitk\u00e4ksi viikonlopuksi ja niinp\u00e4 rajalla menikin toinen tunti autojonossa. Kaksi tuntia matkaan l\u00e4hd\u00f6st\u00e4 olimme viimeinkin rajan toisella puolella ja l\u00e4hdimme ajamaan kohti Seattlea. Ilta pimeni nopeasti ja moottoritien suuressa liikennevirrassa oli sangen ep\u00e4miellytt\u00e4v\u00e4\u00e4 ajaa ilman mink\u00e4\u00e4nlaisia katuvalaistusta.<\/p>\n<p style=\"text-align: justify;\">Matkakohteenamme oli Seattlen l\u00e4nsipuolinen Olympic Peninsulan niemimaa. Suorin reitti sinne olisi lautalla yli Puget Soundin lahden, mutta koska kello oli jo niin paljon eik\u00e4 meill\u00e4 ollut varausta lautalle, p\u00e4\u00e4timme kiert\u00e4\u00e4 koko lahden ajamalla, mik\u00e4 tarkoitti noin 150 lis\u00e4kilometri\u00e4 y\u00f6paikallemme Port Angelesin kaupunkiin. Ajettavaa siis riitti, mutta onneksi matka eteni suuria teit\u00e4 pitkin ripe\u00e4\u00e4n. Seattlen ohitus pime\u00e4ll\u00e4 oli upea n\u00e4ky pilvenpiirt\u00e4jien ja <em>Space Needlen<\/em> loistaessa komeasti kirkkaana illassa.<\/p>\n<p style=\"text-align: center;\"><iframe loading=\"lazy\" src=\"https:\/\/maps.google.com\/maps?f=d&amp;source=s_d&amp;saddr=Main+St+S%2FBC-1A+S&amp;daddr=47.2409347,-122.348617+to:48.0096378,-122.8639269+to:48.4684194,-122.3486301+to:48.2648966,-122.6781389+to:Bayview+Ave&amp;hl=fi&amp;geocode=FfvF7wIdeaGp-A%3BFebW0AIdtxu1-CkNzwByS_-QVDHT1oLMBzsNNA%3BFaWR3AIdyj6t-Cm3sYaiKOiPVDHhUGFfbRSYlA%3BFcOR4wIdqhu1-CnXgJ2cwW2FVDGtTzGjS9DbHg%3BFcB24AIdhhSw-Ck10A2SrYuPVDHXNBjebPNtVw%3BFYgQ4gIdovGS-A&amp;sll=48.323387,-121.431885&amp;sspn=4.503729,11.969604&amp;mra=dpe&amp;mrsp=4&amp;sz=8&amp;via=1,2,3,4&amp;ie=UTF8&amp;t=m&amp;ll=48.305121,-122.871094&amp;spn=2.557752,4.669189&amp;z=7&amp;output=embed\" width=\"425\" height=\"350\" frameborder=\"0\" marginwidth=\"0\" marginheight=\"0\" scrolling=\"no\"><\/iframe><br \/>\n<small><a style=\"color: #0000ff; text-align: left;\" href=\"https:\/\/maps.google.com\/maps?f=d&amp;source=embed&amp;saddr=Main+St+S%2FBC-1A+S&amp;daddr=47.2409347,-122.348617+to:48.0096378,-122.8639269+to:48.4684194,-122.3486301+to:48.2648966,-122.6781389+to:Bayview+Ave&amp;hl=fi&amp;geocode=FfvF7wIdeaGp-A%3BFebW0AIdtxu1-CkNzwByS_-QVDHT1oLMBzsNNA%3BFaWR3AIdyj6t-Cm3sYaiKOiPVDHhUGFfbRSYlA%3BFcOR4wIdqhu1-CnXgJ2cwW2FVDGtTzGjS9DbHg%3BFcB24AIdhhSw-Ck10A2SrYuPVDHXNBjebPNtVw%3BFYgQ4gIdovGS-A&amp;sll=48.323387,-121.431885&amp;sspn=4.503729,11.969604&amp;mra=dpe&amp;mrsp=4&amp;sz=8&amp;via=1,2,3,4&amp;ie=UTF8&amp;t=m&amp;ll=48.305121,-122.871094&amp;spn=2.557752,4.669189&amp;z=7\">N\u00e4yt\u00e4 suurempi kartta<\/a><\/small><\/p>\n<p style=\"text-align: justify;\">Lahden pohjukassa sijaitsevan Tacoman j\u00e4lkeen tie kapeni nelikaistaiseksi ja liikenne v\u00e4heni asteittain. Olympian niemimaalle p\u00e4\u00e4sty\u00e4mme taivaalta tuli ajoittaisia sadekuuroja, mink\u00e4 vuoksi oli mukavaa ett\u00e4 pimeill\u00e4 teill\u00e4 oli rauhallisempaa. Reitin maisemista ei kuitenkaan j\u00e4\u00e4nyt mink\u00e4\u00e4nlaista kuvaa pimeyden vuoksi ja viimein kello yhdelt\u00e4toista (7 tuntia kotoa l\u00e4hdetty\u00e4mme) olimme motellillamme.<\/p>\n<p style=\"text-align: justify;\">Y\u00f6n nukuttuamme l\u00e4hdimme jatkamaan matkaamme kohti matkamme m\u00e4\u00e4r\u00e4np\u00e4\u00e4t\u00e4, Neah Bayta. Y\u00f6paikkamme Port Angeles on niemimaan pohjoisosan suurin kaupunki, jossa on noin 19 000 asukasta. Kaupungista l\u00f6ytyy sangen hyv\u00e4t palvelut ja se sijaitsee l\u00e4hell\u00e4 monia alueen n\u00e4ht\u00e4vyyksi\u00e4. Sielt\u00e4 on my\u00f6s suora lauttayhteys yli Juan de Fucan salmen Kanadan puolelle, mutta yhteys on Vancouver Islandille Victoriaan kaupunkiin, eik\u00e4 t\u00e4ten kovinkaan k\u00e4ytt\u00f6kelpoinen Vancouverista l\u00e4htev\u00e4lle.<\/p>\n<p style=\"text-align: justify;\">Keli oli aamusta kostea ja viile\u00e4, mutta taivas n\u00e4ytti merkkej\u00e4 kirkastumisesta. Rannikkoa kulkeva <em>Highway 112<\/em> on nimelt\u00e4\u00e4n <em>Strait of Juan de Fuca Scenic Byway<\/em> ja sis\u00e4lt\u00e4\u00e4 kauniita rannikkomaisemia erityisesti loppumatkasta. Syksyn v\u00e4rit olivat jo edustettuina monin paikoin, mik\u00e4 teki ajomatkasta hienon. Hieman ennen puoltap\u00e4iv\u00e4\u00e4 saavuimme perille Neah Bayhin.<\/p>\n<p style=\"text-align: center;\"><a href=\"\/blog\/wp-content\/uploads\/2013\/murikka_muricassa.jpg\"><img decoding=\"async\" style=\"border: 0px none; margin: 5px;\" src=\"\/blog\/wp-content\/uploads\/2013\/murikka_muricassa.jpg\" alt=\"\" \/><\/a><\/p>\n<p style=\"text-align: center;\"><em>Murikka &#8217;Muricassa<\/em><\/p>\n<p style=\"text-align: center;\"><a href=\"\/blog\/wp-content\/uploads\/2013\/syksyn_vareja1.jpg\"><img decoding=\"async\" style=\"border: 0px none; margin: 5px;\" src=\"\/blog\/wp-content\/uploads\/2013\/syksyn_vareja1.jpg\" alt=\"\" \/><\/a><\/p>\n<p style=\"text-align: center;\"><em>Syksyn v\u00e4rej\u00e4<\/em><\/p>\n<p style=\"text-align: center;\"><a href=\"\/blog\/wp-content\/uploads\/2013\/sekiun_kyla.jpg\"><img decoding=\"async\" style=\"border: 0px none; margin: 5px;\" src=\"\/blog\/wp-content\/uploads\/2013\/sekiun_kyla.jpg\" alt=\"\" \/><\/a><\/p>\n<p style=\"text-align: center;\"><em>Sekiun pikkukyl\u00e4<\/em><\/p>\n<p style=\"text-align: justify;\">Neah Bay on pieni 865 asukkaan kalastajakyl\u00e4 niemimaan k\u00e4rjess\u00e4. Kyl\u00e4 on Makah intiaaniheimon p\u00e4\u00e4paikka ja sijaitsee reservaattialueen sis\u00e4ll\u00e4. Alueelle saavuttaessa vierailijoiden pit\u00e4\u00e4 ostaa vuoden voimassa oleva 10 dollarin vierailulupa. Vaikka kyl\u00e4 sijaitseekin kauniilla paikalla, on se tyypillinen alkuasukasreservaatti eli sangen r\u00e4k\u00e4inen. Harva alueen asukas pit\u00e4\u00e4 mink\u00e4\u00e4nlaista huolta pihastaan tai talostaan ja romuautoja ja muuta roinaa on kaikkialla. Pienen kyl\u00e4n palvelut ovat nihke\u00e4t, k\u00e4sitt\u00e4en yhden sekatavarakaupan, pienen huoltoasemakioskin, postin ja kaksi ravintolaa. Itse asiassa paikalliset ravintolat ovat ihan mukiinmenevi\u00e4 ja niiss\u00e4 tulikin pakosti sy\u00f6ty\u00e4 muutamaan otteeseen.<\/p>\n<p style=\"text-align: center;\"><a href=\"\/blog\/wp-content\/uploads\/2013\/makah_reservaatti.jpg\"><img decoding=\"async\" style=\"border: 0px none; margin: 5px;\" src=\"\/blog\/wp-content\/uploads\/2013\/thumbs\/thumbs_makah_reservaatti.jpg\" alt=\"\" \/><\/a><a href=\"\/blog\/wp-content\/uploads\/2013\/neah_bayn_satama.jpg\"><img decoding=\"async\" style=\"border: 0px none; margin: 5px;\" src=\"\/blog\/wp-content\/uploads\/2013\/thumbs\/thumbs_neah_bayn_satama.jpg\" alt=\"\" \/><\/a><\/p>\n<p style=\"text-align: center;\"><em>Makah intiaanireservaatin porteilla<\/em><\/p>\n<p style=\"text-align: center;\"><a href=\"\/blog\/wp-content\/uploads\/2013\/neah_bay_keskusta1.jpg\"><img decoding=\"async\" style=\"border: 0px none; margin: 5px;\" src=\"\/blog\/wp-content\/uploads\/2013\/thumbs\/thumbs_neah_bay_keskusta1.jpg\" alt=\"\" \/><\/a><a href=\"\/blog\/wp-content\/uploads\/2013\/neah_bay_keskusta2.jpg\"><img decoding=\"async\" style=\"border: 0px none; margin: 5px;\" src=\"\/blog\/wp-content\/uploads\/2013\/thumbs\/thumbs_neah_bay_keskusta2.jpg\" alt=\"\" \/><\/a><a href=\"\/blog\/wp-content\/uploads\/2013\/neah_bay_keskusta3.jpg\"><img decoding=\"async\" style=\"border: 0px none; margin: 5px;\" src=\"\/blog\/wp-content\/uploads\/2013\/thumbs\/thumbs_neah_bay_keskusta3.jpg\" alt=\"\" \/><\/a><br \/>\n<a href=\"\/blog\/wp-content\/uploads\/2013\/neah_bay_keskusta4.jpg\"><img decoding=\"async\" style=\"border: 0px none; margin: 5px;\" src=\"\/blog\/wp-content\/uploads\/2013\/thumbs\/thumbs_neah_bay_keskusta4.jpg\" alt=\"\" \/><\/a><a href=\"\/blog\/wp-content\/uploads\/2013\/neah_bay_keskusta5.jpg\"><img decoding=\"async\" style=\"border: 0px none; margin: 5px;\" src=\"\/blog\/wp-content\/uploads\/2013\/thumbs\/thumbs_neah_bay_keskusta5.jpg\" alt=\"\" \/><\/a><\/p>\n<p style=\"text-align: center;\"><em>Nuhjuinen Neah Bay<\/em><\/p>\n<p style=\"text-align: justify;\">Kyl\u00e4ll\u00e4 on muutamia sangen vaatimattomia majoitusvaihtoehtoja ja paras valinta onkin noin viiden kilometrin p\u00e4\u00e4ss\u00e4 sijaitseva <em>Hobuck Beach Resort<\/em>. T\u00e4ll\u00e4 leirint\u00e4alueella on telttapaikkojen lis\u00e4ksi my\u00f6s parikymment\u00e4 m\u00f6kki\u00e4, joista monesta aukeaa maisema Tyynelle valtamerelle. Me olimme varanneet m\u00f6kkimme t\u00e4\u00e4lt\u00e4, mik\u00e4 osoittautuikin hyv\u00e4ksi vaihtoehdoksi. M\u00f6kki itsess\u00e4\u00e4n oli valmisrakenteinen ja sis\u00e4sein\u00e4t tehty muovista \u2753 mutta kalustettu oikein viihtyis\u00e4sti. M\u00f6kin terassilta avautui kaunis maisema merelle, jonka aallot huuhtoivat edustan hiekkarantaa.<\/p>\n<p style=\"text-align: center;\"><a href=\"\/blog\/wp-content\/uploads\/2013\/mokki2.jpg\"><img decoding=\"async\" style=\"border: 0px none; margin: 5px;\" src=\"\/blog\/wp-content\/uploads\/2013\/thumbs\/thumbs_mokki2.jpg\" alt=\"\" \/><\/a><a href=\"\/blog\/wp-content\/uploads\/2013\/mokki1.jpg\"><img decoding=\"async\" style=\"border: 0px none; margin: 5px;\" src=\"\/blog\/wp-content\/uploads\/2013\/thumbs\/thumbs_mokki1.jpg\" alt=\"\" \/><\/a><a href=\"\/blog\/wp-content\/uploads\/2013\/mokki_sisalta.jpg\"><img decoding=\"async\" style=\"border: 0px none; margin: 5px;\" src=\"\/blog\/wp-content\/uploads\/2013\/thumbs\/thumbs_mokki_sisalta.jpg\" alt=\"\" \/><\/a><\/p>\n<p style=\"text-align: center;\"><em>Mukava m\u00f6kkimme<\/em><\/p>\n<p style=\"text-align: justify;\">Tavarat m\u00f6kille j\u00e4tetty\u00e4mme suuntasimme Neah Bayn suurimmalle n\u00e4ht\u00e4vyydelle, Cape Flatteryn niemelle. Pienelle niemelle johtaa kaunis luontopolku, mutta se ei ole kuitenkaan syy miksi sinne saapuu matkaajia kaikkialta Yhdysvalloista. Ihmisi\u00e4 houkuttelee nimitt\u00e4in fakta, ett\u00e4 niemi on Manner-USA:n luoteisin kulmaus. Se on my\u00f6s toiseksi l\u00e4ntisin, tosin 20 kilometri\u00e4 etel\u00e4mp\u00e4n\u00e4 sijaitseva Cape Alava on aivan hitusen (noin 110 metri\u00e4) l\u00e4nnemp\u00e4n\u00e4.<\/p>\n<p style=\"text-align: center;\"><a href=\"\/blog\/wp-content\/uploads\/2013\/cape_flattery_trail1.jpg\"><img decoding=\"async\" style=\"border: 0px none; margin: 5px;\" src=\"\/blog\/wp-content\/uploads\/2013\/thumbs\/thumbs_cape_flattery_trail1.jpg\" alt=\"\" \/><\/a><a href=\"\/blog\/wp-content\/uploads\/2013\/cape_flattery_trail2.jpg\"><img decoding=\"async\" style=\"border: 0px none; margin: 5px;\" src=\"\/blog\/wp-content\/uploads\/2013\/thumbs\/thumbs_cape_flattery_trail2.jpg\" alt=\"\" \/><\/a><a href=\"\/blog\/wp-content\/uploads\/2013\/cape_flattery_trail3.jpg\"><img decoding=\"async\" style=\"border: 0px none; margin: 5px;\" src=\"\/blog\/wp-content\/uploads\/2013\/thumbs\/thumbs_cape_flattery_trail3.jpg\" alt=\"\" \/><\/a><\/p>\n<p style=\"text-align: center;\"><em>Polku niemen k\u00e4rkeen<\/em><\/p>\n<p style=\"text-align: center;\"><a href=\"\/blog\/wp-content\/uploads\/2013\/cape_flattery_panoraama.jpg\"><img decoding=\"async\" style=\"border: 0px none; margin: 5px;\" src=\"\/blog\/wp-content\/uploads\/2013\/cape_flattery_panoraama_pieni.jpg\" alt=\"\" \/><\/a><\/p>\n<p style=\"text-align: center;\"><em>Amerikan luoteisin kulmaus Cape Flattery<\/em><\/p>\n<p style=\"text-align: justify;\">Niemen k\u00e4rjest\u00e4 aukeaa upea korkeiden rantakallioiden ja veden sy\u00f6mien kivipaasien n\u00e4ky. Rannikon edustalla sijaitsee pieni Tatoosh Islandin majakkasaari, jonka kivikkoja vasten meri iskee jatkuvasti. Keli oli kaunis ja niinp\u00e4 katse ylsikin aina Kanadan puolelle saakka, jossa Vancouver Islandin vuoret kohoavat salmen toisella puolella. Vilkkaana rahtiv\u00e4yl\u00e4n\u00e4 salmella on paljon rahtiliikennett\u00e4 matkalla Seattleen ja Vancouveriin.<\/p>\n<p style=\"text-align: center;\"><a href=\"\/blog\/wp-content\/uploads\/2013\/cape_flattery_maisema.jpg\"><img decoding=\"async\" style=\"border: 0px none; margin: 5px;\" src=\"\/blog\/wp-content\/uploads\/2013\/thumbs\/thumbs_cape_flattery_maisema.jpg\" alt=\"\" \/><\/a><a href=\"\/blog\/wp-content\/uploads\/2013\/rantakallioita1.jpg\"><img decoding=\"async\" style=\"border: 0px none; margin: 5px;\" src=\"\/blog\/wp-content\/uploads\/2013\/thumbs\/thumbs_rantakallioita1.jpg\" alt=\"\" \/><\/a><br \/>\n<a href=\"\/blog\/wp-content\/uploads\/2013\/rantakallioita2.jpg\"><img decoding=\"async\" style=\"border: 0px none; margin: 5px;\" src=\"\/blog\/wp-content\/uploads\/2013\/thumbs\/thumbs_rantakallioita2.jpg\" alt=\"\" \/><\/a><a href=\"\/blog\/wp-content\/uploads\/2013\/rantakallioita3.jpg\"><img decoding=\"async\" style=\"border: 0px none; margin: 5px;\" src=\"\/blog\/wp-content\/uploads\/2013\/thumbs\/thumbs_rantakallioita3.jpg\" alt=\"\" \/><\/a><\/p>\n<p style=\"text-align: center;\"><em>Cape Flatteryn kalliomuodostelmia<\/em><\/p>\n<p style=\"text-align: center;\"><a href=\"\/blog\/wp-content\/uploads\/2013\/tatoosh_island1.jpg\"><img decoding=\"async\" style=\"border: 0px none; margin: 5px;\" src=\"\/blog\/wp-content\/uploads\/2013\/thumbs\/thumbs_tatoosh_island1.jpg\" alt=\"\" \/><\/a><a href=\"\/blog\/wp-content\/uploads\/2013\/tatoosh_island2.jpg\"><img decoding=\"async\" style=\"border: 0px none; margin: 5px;\" src=\"\/blog\/wp-content\/uploads\/2013\/thumbs\/thumbs_tatoosh_island2.jpg\" alt=\"\" \/><\/a><\/p>\n<p style=\"text-align: center;\"><em>Tatoosh Islandin majakkasaari<\/em><\/p>\n<p style=\"text-align: justify;\">Sattumalta huomasimme, ett\u00e4 Tatoosh Islandin rantakivikolla makoili auringossa lauma merileijonia. Mahtavana tuurina satuimme my\u00f6s n\u00e4kem\u00e4\u00e4n, miten aivan niemenk\u00e4rjen luota uiskenteli ohi valas. Valaita oli l\u00e4hivesiss\u00e4 muitakin sill\u00e4 vesisuihkuja nousi tasaisesti aaltojen lomasta, mutta pyrst\u00f6j\u00e4 ei silti n\u00e4kynyt.<\/p>\n<p style=\"text-align: center;\"><a href=\"\/blog\/wp-content\/uploads\/2013\/merijellonia.jpg\"><img decoding=\"async\" style=\"border: 0px none; margin: 5px;\" src=\"\/blog\/wp-content\/uploads\/2013\/thumbs\/thumbs_merijellonia.jpg\" alt=\"\" \/><\/a><a href=\"\/blog\/wp-content\/uploads\/2013\/valas_bongaus.jpg\"><img decoding=\"async\" style=\"border: 0px none; margin: 5px;\" src=\"\/blog\/wp-content\/uploads\/2013\/thumbs\/thumbs_valas_bongaus.jpg\" alt=\"\" \/><\/a><\/p>\n<p style=\"text-align: center;\"><em>Merileijonia ja valas<\/em><\/p>\n<p style=\"text-align: justify;\">Nautimme maisemista hyv\u00e4n aikaa kauniissa keliss\u00e4 merta kuunnellen. Paikalle saapui v\u00e4h\u00e4n v\u00e4li\u00e4 muitakin turisteja ihailemaan maisemaa. Karu rannikko on mielenkiintoinen ja olisikin kiintoisaa p\u00e4\u00e4st\u00e4 l\u00e4hemm\u00e4s n\u00e4kem\u00e4\u00e4n millaisia onkaloita meri onkaan sy\u00f6nyt rantakallioon. N\u00e4ist\u00e4 kun ei saa kovin hyv\u00e4\u00e4 kuvaa yl\u00e4puolelta.<\/p>\n<p style=\"text-align: center;\"><a href=\"\/blog\/wp-content\/uploads\/2013\/rantakallioluolia2.jpg\"><img decoding=\"async\" style=\"border: 0px none; margin: 5px;\" src=\"\/blog\/wp-content\/uploads\/2013\/rantakallioluolia2.jpg\" alt=\"\" \/><\/a><\/p>\n<p style=\"text-align: center;\"><em>Rantakallion luolia<\/em><\/p>\n<p style=\"text-align: center;\"><a href=\"\/blog\/wp-content\/uploads\/2013\/rantakallioluolia1.jpg\"><img decoding=\"async\" style=\"border: 0px none; margin: 5px;\" src=\"\/blog\/wp-content\/uploads\/2013\/thumbs\/thumbs_rantakallioluolia1.jpg\" alt=\"\" \/><\/a><\/p>\n<p style=\"text-align: justify;\">Loppuilta meni m\u00f6kill\u00e4 aikaa viett\u00e4ess\u00e4. Tofinon tapaan my\u00f6s Neah Bay on surfaajien suosiossa ja rannan edustalla olikin jatkuvasti surffaajia mets\u00e4st\u00e4m\u00e4ss\u00e4 sit\u00e4 t\u00e4ydellist\u00e4 aaltoa. Aallot vy\u00f6ryiv\u00e4tkin tasaiseen tahtiin rantahietikolle, joka on ehtinyt kulua vuosimiljoonien aikana todella hienoksi hiekaksi. Tasaisesti saapuvia aaltoja oli hauska juosta pakoon ja samalla tutkia mit\u00e4 kaikkea merest\u00e4 huuhtoutuukaan rannalle. Ehk\u00e4 erikoisin l\u00f6yt\u00f6 oli rannan sivustalla rantavedess\u00e4 makoillut <em>GoPro Hero<\/em> -kamera. \ud83d\ude2f<\/p>\n<p style=\"text-align: center;\"><a href=\"\/blog\/wp-content\/uploads\/2013\/hobuch_beach.jpg\"><img decoding=\"async\" style=\"border: 0px none; margin: 5px;\" src=\"\/blog\/wp-content\/uploads\/2013\/thumbs\/thumbs_hobuch_beach.jpg\" alt=\"\" \/><\/a><a href=\"\/blog\/wp-content\/uploads\/2013\/nuoria_surffaajia.jpg\"><img decoding=\"async\" style=\"border: 0px none; margin: 5px;\" src=\"\/blog\/wp-content\/uploads\/2013\/thumbs\/thumbs_nuoria_surffaajia.jpg\" alt=\"\" \/><\/a><\/p>\n<p style=\"text-align: center;\"><em>Surffaajia Hobuck Beachill\u00e4<\/em><\/p>\n<p style=\"text-align: center;\"><a href=\"\/blog\/wp-content\/uploads\/2013\/meresta_huuhtoutunut_gopro.jpg\"><img decoding=\"async\" style=\"border: 0px none; margin: 5px;\" src=\"\/blog\/wp-content\/uploads\/2013\/meresta_huuhtoutunut_gopro.jpg\" alt=\"\" \/><\/a><\/p>\n<p style=\"text-align: center;\"><em>Erikoinen l\u00f6yt\u00f6<\/em><\/p>\n<p style=\"text-align: justify;\">Jonkun surffilaudasta irronnut kamera oli kellunut meress\u00e4 varmaan hyv\u00e4n tovin, sill\u00e4 l\u00e4hist\u00f6ll\u00e4 ei ollut ket\u00e4\u00e4n kelle se olisi voinut kuulua. Koska meill\u00e4 ei ollut my\u00f6sk\u00e4\u00e4n kaapelia kameralla olevien kuvien katsomiseen, emme pystyneet p\u00e4\u00e4ttelem\u00e4\u00e4n kenen kamera voisi olla, joten n\u00e4in siit\u00e4 tuli meid\u00e4n kameramme. \ud83d\ude44<\/p>\n<p style=\"text-align: justify;\">Kotona totesimme, ett\u00e4 kamera oli aivan toimivassa kunnossa ja on ollut tuntemattomaksi j\u00e4\u00e4neen extreme-harrastajan. Kameralla oli kuvia ja videoita oli sek\u00e4 lumisilta vuorilta ett\u00e4 juuri Hobuck Beachilt\u00e4. Kameran kello ei liene ollut asetettuna oikeaan aikaan, sill\u00e4 tiedostojen p\u00e4iv\u00e4m\u00e4\u00e4r\u00e4 on vuoden 2009 alussa. Kameran meriseikkailun mitta j\u00e4\u00e4kin h\u00e4m\u00e4r\u00e4n peittoon, mutta on todenn\u00e4k\u00f6ist\u00e4 ett\u00e4 se on jonkin aikaa meress\u00e4 kellunut. Viimeisin video todistaakin suuren aallon huuhtovan kameran menness\u00e4\u00e4n ja se oli sitten siin\u00e4. \ud83d\ude06<\/p>\n<p style=\"text-align: center;\"><a href=\"\/blog\/wp-content\/uploads\/2013\/luonnon_taidetta2.jpg\"><img decoding=\"async\" style=\"border: 0px none; margin: 5px;\" src=\"\/blog\/wp-content\/uploads\/2013\/thumbs\/thumbs_luonnon_taidetta2.jpg\" alt=\"\" \/><\/a><a href=\"\/blog\/wp-content\/uploads\/2013\/luonnon_taidetta1.jpg\"><img decoding=\"async\" style=\"border: 0px none; margin: 5px;\" src=\"\/blog\/wp-content\/uploads\/2013\/thumbs\/thumbs_luonnon_taidetta1.jpg\" alt=\"\" \/><\/a><\/p>\n<p style=\"text-align: center;\"><em>Luonnon taidetta<\/em><\/p>\n<p style=\"text-align: center;\"><a href=\"\/blog\/wp-content\/uploads\/2013\/kelpaamaton_saalis.jpg\"><img decoding=\"async\" style=\"border: 0px none; margin: 5px;\" src=\"\/blog\/wp-content\/uploads\/2013\/thumbs\/thumbs_kelpaamaton_saalis.jpg\" alt=\"\" \/><\/a><a href=\"\/blog\/wp-content\/uploads\/2013\/kukkasimpukka.jpg\"><img decoding=\"async\" style=\"border: 0px none; margin: 5px;\" src=\"\/blog\/wp-content\/uploads\/2013\/thumbs\/thumbs_kukkasimpukka.jpg\" alt=\"\" \/><\/a><a href=\"\/blog\/wp-content\/uploads\/2013\/suuri_saalis.jpg\"><img decoding=\"async\" style=\"border: 0px none; margin: 5px;\" src=\"\/blog\/wp-content\/uploads\/2013\/thumbs\/thumbs_suuri_saalis.jpg\" alt=\"\" \/><\/a><\/p>\n<p style=\"text-align: center;\"><em>Meren antimia<\/em><\/p>\n<p style=\"text-align: justify;\">Sunnuntaina nukuimme pitk\u00e4\u00e4n ja l\u00e4hdimme liikkeelle vasta lounaan j\u00e4lkeen. Suuntasimme alueen toiselle kuuluisalle n\u00e4ht\u00e4vyydelle, Shi Shi Beachille. T\u00e4m\u00e4 Yhdysvaltojen parhaimpiin salaisiin rantoihin rankattu ranta sijaitsee Neah Baysta noin 10 kilometri\u00e4 etel\u00e4\u00e4n. Rannalle p\u00e4\u00e4see vain vaeltamalla noin kolme kilometri\u00e4 parkkialueelta. Polku oli ihan n\u00e4tti\u00e4 mets\u00e4maastoa, mutta puolet matkasta eritt\u00e4in mutainen. Muita retkeilij\u00f6it\u00e4 ei ollut polulla monia, mutta joillakin n\u00e4kemill\u00e4mme jalkineet olivat sellaiset, ett\u00e4 niist\u00e4 ei kyll\u00e4 tuon reissun j\u00e4lkeen ollut varmaan mit\u00e4\u00e4n j\u00e4ljell\u00e4.<\/p>\n<p style=\"text-align: center;\"><a href=\"\/blog\/wp-content\/uploads\/2013\/polku_shi_shi_beachille1.jpg\"><img decoding=\"async\" style=\"border: 0px none; margin: 5px;\" src=\"\/blog\/wp-content\/uploads\/2013\/thumbs\/thumbs_polku_shi_shi_beachille1.jpg\" alt=\"\" \/><\/a><a href=\"\/blog\/wp-content\/uploads\/2013\/polku_nakoalapaikalle.jpg\"><img decoding=\"async\" style=\"border: 0px none; margin: 5px;\" src=\"\/blog\/wp-content\/uploads\/2013\/thumbs\/thumbs_polku_nakoalapaikalle.jpg\" alt=\"\" \/><\/a><\/p>\n<p style=\"text-align: center;\"><em>Polku Shi Shi beachille<\/em><\/p>\n<p style=\"text-align: center;\"><a href=\"\/blog\/wp-content\/uploads\/2013\/polku_shi_shi_beachille2.jpg\"><img decoding=\"async\" style=\"border: 0px none; margin: 5px;\" src=\"\/blog\/wp-content\/uploads\/2013\/thumbs\/thumbs_polku_shi_shi_beachille2.jpg\" alt=\"\" \/><\/a><a href=\"\/blog\/wp-content\/uploads\/2013\/shi_shi_beachin_kallioita2.jpg\"><img decoding=\"async\" style=\"border: 0px none; margin: 5px;\" src=\"\/blog\/wp-content\/uploads\/2013\/thumbs\/thumbs_shi_shi_beachin_kallioita2.jpg\" alt=\"\" \/><\/a><\/p>\n<p style=\"text-align: center;\"><em>Maisemia matkalla Shi Shi Beachille<\/em><\/p>\n<p style=\"text-align: justify;\">Itse ranta oli uskomaton ja kuten mainostettua &#8221;salainen&#8221;; valtava autio hiekkaranta kaukana kaikesta. Olo oli kuin toiselta planeetalta istuessamme l\u00e4mpim\u00e4ll\u00e4 hiekalla nauttien auringosta ja katsellen rantaan huuhtovaa Tyynt\u00e4 valtamerta. Tuntui kuin olisimme omistaneet koko rannan, sill\u00e4 yksitt\u00e4isi\u00e4 ihmisi\u00e4 n\u00e4kyi vain muutamaan otteeseen. Niinp\u00e4 asettauduimmekin rantaan ajautunutta ajopuuta vasten hiekalle makaamaan, otimme keng\u00e4t jalasta ja annomme auringon helli\u00e4 meit\u00e4. Puoli tuntia l\u00e4mm\u00f6ss\u00e4 torkkuessa oli ehk\u00e4 rentouttavinta mit\u00e4 voi vain kuvitella. \ud83d\udca1<\/p>\n<p style=\"text-align: center;\"><a href=\"\/blog\/wp-content\/uploads\/2013\/shi_shi_beach_panoraama.jpg\"><img decoding=\"async\" style=\"border: 0px none; margin: 5px;\" src=\"\/blog\/wp-content\/uploads\/2013\/shi_shi_beach_panoraama_pieni.jpg\" alt=\"\" \/><\/a><br \/>\n<a href=\"\/blog\/wp-content\/uploads\/2013\/shi_shi_beachin_kallioita1.jpg\"><img decoding=\"async\" style=\"border: 0px none; margin: 5px;\" src=\"\/blog\/wp-content\/uploads\/2013\/thumbs\/thumbs_shi_shi_beachin_kallioita1.jpg\" alt=\"\" \/><\/a><a href=\"\/blog\/wp-content\/uploads\/2013\/shi_shi_beach3.jpg\"><img decoding=\"async\" style=\"border: 0px none; margin: 5px;\" src=\"\/blog\/wp-content\/uploads\/2013\/thumbs\/thumbs_shi_shi_beach3.jpg\" alt=\"\" \/><\/a><\/p>\n<p style=\"text-align: center;\"><em>Hetken meid\u00e4n oma Shi Shi Beach<\/em><\/p>\n<p style=\"text-align: center;\"><a href=\"\/blog\/wp-content\/uploads\/2013\/shi_shi_beach_panoraama2.jpg\"><img decoding=\"async\" style=\"border: 0px none; margin: 5px;\" src=\"\/blog\/wp-content\/uploads\/2013\/shi_shi_beach_panoraama2_pieni.jpg\" alt=\"\" \/><\/a><br \/>\n<a href=\"\/blog\/wp-content\/uploads\/2013\/shi_shi_beach2.jpg\"><img decoding=\"async\" style=\"border: 0px none; margin: 5px;\" src=\"\/blog\/wp-content\/uploads\/2013\/thumbs\/thumbs_shi_shi_beach2.jpg\" alt=\"\" \/><\/a><a href=\"\/blog\/wp-content\/uploads\/2013\/shi_shi_beach1.jpg\"><img decoding=\"async\" style=\"border: 0px none; margin: 5px;\" src=\"\/blog\/wp-content\/uploads\/2013\/thumbs\/thumbs_shi_shi_beach1.jpg\" alt=\"\" \/><\/a><\/p>\n<p style=\"text-align: center;\"><em>Valtameri huuhtoo rantaa<\/em><\/p>\n<p style=\"text-align: center;\"><iframe loading=\"lazy\" src=\"\/\/www.youtube-nocookie.com\/embed\/CWN5ZWNHq-g?rel=0\" width=\"480\" height=\"360\" frameborder=\"0\"><\/iframe><\/p>\n<p style=\"text-align: center;\"><a href=\"\/blog\/wp-content\/uploads\/2013\/torkut_hiekkarannalla.jpg\"><img decoding=\"async\" style=\"border: 0px none; margin: 5px;\" src=\"\/blog\/wp-content\/uploads\/2013\/thumbs\/thumbs_torkut_hiekkarannalla.jpg\" alt=\"\" \/><\/a><a href=\"\/blog\/wp-content\/uploads\/2013\/rento_hetki.jpg\"><img decoding=\"async\" style=\"border: 0px none; margin: 5px;\" src=\"\/blog\/wp-content\/uploads\/2013\/thumbs\/thumbs_rento_hetki.jpg\" alt=\"\" \/><\/a><\/p>\n<p style=\"text-align: center;\"><em>Kaukana kaikesta<\/em><\/p>\n<p style=\"text-align: center;\"><a href=\"\/blog\/wp-content\/uploads\/2013\/point_of_arches.jpg\"><img decoding=\"async\" style=\"border: 0px none; margin: 5px;\" src=\"\/blog\/wp-content\/uploads\/2013\/point_of_arches_pieni.jpg\" alt=\"\" \/><\/a><\/p>\n<p style=\"text-align: center;\"><em>Point of Arches muodostelma<\/em><\/p>\n<p style=\"text-align: justify;\">Paikalta ei olisi halunnut l\u00e4hte\u00e4, mutta emme halunneet tehd\u00e4 paluumatkaa pime\u00e4ss\u00e4, joten l\u00e4hdimme k\u00e4velem\u00e4\u00e4n rantaa takaisin p\u00e4in. Rantakivikoilla ei nyt n\u00e4kynyt siell\u00e4 usein n\u00e4ht\u00e4vi\u00e4 hylkeit\u00e4, mutta jo pelk\u00e4st\u00e4\u00e4n monimuotoisten kivikkojen tutkiminen oli kiintoisaa. Yhdess\u00e4 kohdin vesi oli sy\u00f6nyt kallioon suuren kaaren, jonka l\u00e4pi mahtuu ihminen.<\/p>\n<p style=\"text-align: center;\"><a href=\"\/blog\/wp-content\/uploads\/2013\/aukko_kalliossa.jpg\"><img decoding=\"async\" style=\"border: 0px none; margin: 5px;\" src=\"\/blog\/wp-content\/uploads\/2013\/aukko_kalliossa.jpg\" alt=\"\" \/><\/a><\/p>\n<p style=\"text-align: center;\"><em>Kolo kivess\u00e4<\/em><\/p>\n<p style=\"text-align: center;\"><a href=\"\/blog\/wp-content\/uploads\/2013\/simpukka_hyokkays.jpg\"><img decoding=\"async\" style=\"border: 0px none; margin: 5px;\" src=\"\/blog\/wp-content\/uploads\/2013\/simpukka_hyokkays.jpg\" alt=\"\" \/><\/a><\/p>\n<p style=\"text-align: center;\"><em>Simpukkojen hy\u00f6kk\u00e4ys<\/em><\/p>\n<p style=\"text-align: justify;\">Vaikka maisema olikin kaunis ja ihmisist\u00e4 ei ollut tietoakaan, muistutti sivilisaatio silti itsest\u00e4\u00e4n useammankin kerran. On j\u00e4rkytt\u00e4v\u00e4\u00e4 miten paljon maailman valtameriin p\u00e4\u00e4tyy roskaa ja Shi Shi Beachill\u00e4kin oli merest\u00e4 huuhtoutuneita muovipulloja ja muuta roskaa. Kaikki roska ei kuitenkaan ole idioottien mereen heitt\u00e4m\u00e4\u00e4n, vaan joukossa oli my\u00f6s Japanin maanj\u00e4ristyksest\u00e4 merivirtojen mukana huuhtoutunutta rojua, jota on tavattu Yhdysvaltojen ja Kanadan l\u00e4nsirannikolla viime vuosina. Onneksi ihmiset olivat hieman ker\u00e4nneet suurimpia roskia kasaan ylemm\u00e4s rannikkoa, mutta kokemus teki kyll\u00e4 selv\u00e4ksi miten ajattelematon ja tyhm\u00e4 ihminen on. \ud83d\ude21<\/p>\n<p style=\"text-align: center;\"><a href=\"\/blog\/wp-content\/uploads\/2013\/roskaa_meresta.jpg\"><img decoding=\"async\" style=\"border: 0px none; margin: 5px;\" src=\"\/blog\/wp-content\/uploads\/2013\/roskaa_meresta.jpg\" alt=\"\" \/><\/a><\/p>\n<p style=\"text-align: center;\"><em>Mereen p\u00e4\u00e4tynytt\u00e4 j\u00e4tett\u00e4<\/em><\/p>\n<p style=\"text-align: justify;\">Rannalta on pienoinen nousu takaisin mets\u00e4polulle, sill\u00e4 rantakallio on t\u00e4lt\u00e4 kohdin jyrkk\u00e4. Kalliosein\u00e4m\u00e4\u00e4n onkin kiinnitetty pitk\u00e4 k\u00f6ysi, jota pitkin k\u00f6nyt\u00e4\u00e4n yl\u00f6s. Kokemus ei ollut kuitenkaan niin pelottava, vaan ennemminkin hauska ja p\u00e4\u00e4simme hyvin polulle.<\/p>\n<p style=\"text-align: center;\"><a href=\"\/blog\/wp-content\/uploads\/2013\/kipuaminen_kallioseinamaa1.jpg\"><img decoding=\"async\" style=\"border: 0px none; margin: 5px;\" src=\"\/blog\/wp-content\/uploads\/2013\/thumbs\/thumbs_kipuaminen_kallioseinamaa1.jpg\" alt=\"\" \/><\/a><a href=\"\/blog\/wp-content\/uploads\/2013\/kipuaminen_kallioseinamaa2.jpg\"><img decoding=\"async\" style=\"border: 0px none; margin: 5px;\" src=\"\/blog\/wp-content\/uploads\/2013\/thumbs\/thumbs_kipuaminen_kallioseinamaa2.jpg\" alt=\"\" \/><\/a><\/p>\n<p style=\"text-align: center;\"><em>Jyrkk\u00e4 nousu rannalta<\/em><\/p>\n<p style=\"text-align: justify;\">Illalla k\u00e4vimme ihastelemassa m\u00f6kkimme rantaa kuutamossa. Kirkkaana loistavan kuun valossa rantaa huuhtovat aallot toivat hetkellisesti mieleen armeija-ajat rannikkovartiossa ja siell\u00e4 tehdyt y\u00f6partiot. Rentouttava ja upea n\u00e4ky, jota j\u00e4imme molemmat kaipaamaan. Vaikka Vancouver sijaitseekin saman meren rannalla, ei meri ole kuitenkaan t\u00e4\u00e4ll\u00e4 samalla tapaa <em>valtameri<\/em>. Syy on Vancouver Islandin saari, joka est\u00e4\u00e4 suurten aaltojen syntymisen ja aavan valtameriel\u00e4myksen syntymisen.<\/p>\n<p style=\"text-align: center;\"><a href=\"\/blog\/wp-content\/uploads\/2013\/auringonlasku_tyynella_valtamerella1.jpg\"><img decoding=\"async\" style=\"border: 0px none; margin: 5px;\" src=\"\/blog\/wp-content\/uploads\/2013\/thumbs\/thumbs_auringonlasku_tyynella_valtamerella1.jpg\" alt=\"\" \/><\/a><a href=\"\/blog\/wp-content\/uploads\/2013\/auringonlasku_tyynella_valtamerella2.jpg\"><img decoding=\"async\" style=\"border: 0px none; margin: 5px;\" src=\"\/blog\/wp-content\/uploads\/2013\/thumbs\/thumbs_auringonlasku_tyynella_valtamerella2.jpg\" alt=\"\" \/><\/a><a href=\"\/blog\/wp-content\/uploads\/2013\/auringonlasku_tyynella_valtamerella3.jpg\"><img decoding=\"async\" style=\"border: 0px none; margin: 5px;\" src=\"\/blog\/wp-content\/uploads\/2013\/thumbs\/thumbs_auringonlasku_tyynella_valtamerella3.jpg\" alt=\"\" \/><\/a><\/p>\n<p style=\"text-align: center;\"><em>Auringonlasku Tyynell\u00e4 valtamerell\u00e4<\/em><\/p>\n<p style=\"text-align: center;\"><a href=\"\/blog\/wp-content\/uploads\/2013\/kuutamo.jpg\"><img decoding=\"async\" style=\"border: 0px none; margin: 5px;\" src=\"\/blog\/wp-content\/uploads\/2013\/kuutamo.jpg\" alt=\"\" \/><\/a><\/p>\n<p style=\"text-align: center;\"><em>K\u00e4sivarainen kuutamokuva<\/em><\/p>\n<p style=\"text-align: justify;\">Maanantai kului paluumatkaan. K\u00e4v\u00e4isimme Port Angelesin l\u00e4hist\u00f6ll\u00e4 <em>Elwha Damin<\/em> patoprojektilla. Vuonna 1912 Elwhan Riverin alajuoksulle valmistui liikemies Thomas Aldwellin rakennuttama 33 metri\u00e4 korkea pato. Padon rakennuksessa kuitenkin oikaistiin rakennusratkaisuissa, eik\u00e4 sit\u00e4 kiinnitetty pohjakallioon mitenk\u00e4\u00e4n. Tuloksena padon pohja huuhtoutui pian sen t\u00e4ytt\u00e4misen j\u00e4lkeen vesimassojen mukana. Pato saatiin korjattua seuraavana vuonna ja vuonna 1926 joen yl\u00e4juoksulle valmistui 66-metrinen <em>Glines Canyon Dam<\/em>.<\/p>\n<p style=\"text-align: justify;\">Toinen erikoinen ratkaisu oli j\u00e4tt\u00e4\u00e4 rakentamatta kaloille mink\u00e4\u00e4nlaista reitti\u00e4 padon ohitse. T\u00e4m\u00e4 johtikin v\u00e4litt\u00f6m\u00e4sti joelle lis\u00e4\u00e4ntym\u00e4\u00e4n nousseen noin 400 000:nen lohikannan romahtamisen. Tilanne p\u00e4\u00e4tyi ratkaisuun vasta vuonna 1992, jolloin Yhdysvaltojen liittovaltio p\u00e4\u00e4tti ostaa padot haltuunsa ja aloittaa niiden palauttamisen luonnontilaan. Osana t\u00e4t\u00e4 oli kummankin padon vaiheittainen purkaminen, joka p\u00e4\u00e4si vauhtiin vasta vuonna 2011. Projekti eteni nopeasti ja nyt kummatkin padot ovat poissa.<\/p>\n<p style=\"text-align: center;\"><a href=\"\/blog\/wp-content\/uploads\/2013\/elwha_dam_2011.jpg\"><img decoding=\"async\" style=\"border: 0px none; margin: 5px;\" src=\"\/blog\/wp-content\/uploads\/2013\/thumbs\/thumbs_elwha_dam_2011.jpg\" alt=\"\" \/><\/a><a href=\"\/blog\/wp-content\/uploads\/2013\/elwha_dam_2013.jpg\"><img decoding=\"async\" style=\"border: 0px none; margin: 5px;\" src=\"\/blog\/wp-content\/uploads\/2013\/thumbs\/thumbs_elwha_dam_2013.jpg\" alt=\"\" \/><\/a><\/p>\n<p style=\"text-align: center;\"><em>Elwha Dam vuonna 2011 ja nyt<\/em><\/p>\n<p style=\"text-align: justify;\">N\u00e4k\u00f6alapaikalle johtaa lyhyt polku, jolta aukeaa n\u00e4kym\u00e4 paikalle jossa Elwha Dam aiemmin sijaitsi. Pato viel\u00e4 helppo kuvitella paikalleen, vaikka luonto valtaakin nopeasti omaansa takaisin. Sata vuotta padon takaisen tekoj\u00e4rven pohjalla sijainneen maaston palautumisessa menee kuitenkin viel\u00e4 joitakin vuosia paksujen sedimenttikerrostumien vuoksi.<\/p>\n<p style=\"text-align: center;\"><a href=\"\/blog\/wp-content\/uploads\/2013\/valtaisa_vaahteranlehti.jpg\"><img decoding=\"async\" style=\"border: 0px none; margin: 5px;\" src=\"\/blog\/wp-content\/uploads\/2013\/valtaisa_vaahteranlehti.jpg\" alt=\"\" \/><\/a><\/p>\n<p style=\"text-align: center;\"><em>Amerikassa kaikki on suurempaa<\/em><\/p>\n<p style=\"text-align: center;\"><a href=\"\/blog\/wp-content\/uploads\/2013\/lake_crescent.jpg\"><img decoding=\"async\" style=\"border: 0px none; margin: 5px;\" src=\"\/blog\/wp-content\/uploads\/2013\/lake_crescent.jpg\" alt=\"\" \/><\/a><\/p>\n<p style=\"text-align: center;\"><em>Lake Crescent l\u00e4hell\u00e4 Port Angelesia<\/em><\/p>\n<p style=\"text-align: justify;\">Paluumatkalla emme kiert\u00e4neet Seattlen kautta, vaan otimme lautan Port Townsendist\u00e4 30 minuutin p\u00e4\u00e4h\u00e4n Coupevilleen Whidbey Islandille. T\u00e4m\u00e4 s\u00e4\u00e4sti meilt\u00e4 runsaasti ajomatkaa, mutta t\u00e4ll\u00e4 oikaisullakin paluumatkallemme tuli mittaa noin 400 kilometri\u00e4. Lauttamatkan ja rajalla j\u00e4lleen kuluneen tunnin vuoksi meill\u00e4 menikin 8 tuntia p\u00e4\u00e4st\u00e4 takaisin kotiin, jossa olimme vasta h\u00e4m\u00e4r\u00e4n laskeutuessa.<\/p>\n<p style=\"text-align: justify;\">Vaikka reissu olikin pitk\u00e4, oli se meist\u00e4 todella mahtava ja virkist\u00e4v\u00e4. Olympic Peninsulan alueelle tulee varmasti palattua viel\u00e4 monesti uudelleen tutkimaan alueen monia n\u00e4ht\u00e4vyyksi\u00e4. Neah Baynkin alueelle voisin kuvitella palaavamme joskus, vaikka Kanadan puolella Tofino ja Ucklueletin alue samanlaisia maisemia tarjoavatkin hieman l\u00e4hemp\u00e4n\u00e4.<\/p>\n","protected":false},"excerpt":{"rendered":"<p>Viime viikonloppuna vietettiin j\u00e4lleen kiitosp\u00e4iv\u00e4\u00e4 t\u00e4\u00e4ll\u00e4 Kanadassa. Tiedossa oli siis pitk\u00e4 viikonloppu, mutta t\u00e4n\u00e4 vuonna emme j\u00e4\u00e4neet kotiin paistamaan kalkkunaa, vaan suuntasimme pienelle reissulle rajan ylitse. P\u00e4\u00e4simme l\u00e4htem\u00e4\u00e4n t\u00f6ist\u00e4 perjantaina vasta hieman kolmen j\u00e4lkeen, joten jouduimme ajamaan ulos kaupungista kaikkein pahimpaan ruuhka-aikaan. Ensimm\u00e4inen koetus olikin p\u00e4\u00e4st\u00e4 Fraser Riverin ylitse kohti rajaa. Tiesimme jo ennalta George &hellip; <a href=\"https:\/\/www.vuosiamaailmalla.fi\/blog\/2013\/kiitospaiva-autiolla-hiekkarannalla\/\" class=\"more-link\">Jatka lukemista<span class=\"screen-reader-text\"> &#8221;Kiitosp\u00e4iv\u00e4 autiolla hiekkarannalla&#8221;<\/span><\/a><\/p>\n","protected":false},"author":1,"featured_media":10251,"comment_status":"open","ping_status":"open","sticky":false,"template":"","format":"standard","meta":{"_jetpack_memberships_contains_paid_content":false,"footnotes":""},"categories":[7,890],"tags":[640,641,642,638,329,639,1743,11],"class_list":["post-2468","post","type-post","status-publish","format-standard","has-post-thumbnail","hentry","category-matkakertomukset","category-yhdysvallat","tag-cape-flattery","tag-elwha-dam","tag-glines-canyon-dam","tag-neah-bay","tag-road-trip","tag-shi-shi-beach","tag-washington-osavaltio","tag-matkakertomukset-yhdysvallat"],"jetpack_featured_media_url":"https:\/\/www.vuosiamaailmalla.fi\/blog\/wp-content\/uploads\/hiekkaranta_banner.jpg","jetpack_sharing_enabled":true,"_links":{"self":[{"href":"https:\/\/www.vuosiamaailmalla.fi\/blog\/wp-json\/wp\/v2\/posts\/2468","targetHints":{"allow":["GET"]}}],"collection":[{"href":"https:\/\/www.vuosiamaailmalla.fi\/blog\/wp-json\/wp\/v2\/posts"}],"about":[{"href":"https:\/\/www.vuosiamaailmalla.fi\/blog\/wp-json\/wp\/v2\/types\/post"}],"author":[{"embeddable":true,"href":"https:\/\/www.vuosiamaailmalla.fi\/blog\/wp-json\/wp\/v2\/users\/1"}],"replies":[{"embeddable":true,"href":"https:\/\/www.vuosiamaailmalla.fi\/blog\/wp-json\/wp\/v2\/comments?post=2468"}],"version-history":[{"count":1,"href":"https:\/\/www.vuosiamaailmalla.fi\/blog\/wp-json\/wp\/v2\/posts\/2468\/revisions"}],"predecessor-version":[{"id":12934,"href":"https:\/\/www.vuosiamaailmalla.fi\/blog\/wp-json\/wp\/v2\/posts\/2468\/revisions\/12934"}],"wp:featuredmedia":[{"embeddable":true,"href":"https:\/\/www.vuosiamaailmalla.fi\/blog\/wp-json\/wp\/v2\/media\/10251"}],"wp:attachment":[{"href":"https:\/\/www.vuosiamaailmalla.fi\/blog\/wp-json\/wp\/v2\/media?parent=2468"}],"wp:term":[{"taxonomy":"category","embeddable":true,"href":"https:\/\/www.vuosiamaailmalla.fi\/blog\/wp-json\/wp\/v2\/categories?post=2468"},{"taxonomy":"post_tag","embeddable":true,"href":"https:\/\/www.vuosiamaailmalla.fi\/blog\/wp-json\/wp\/v2\/tags?post=2468"}],"curies":[{"name":"wp","href":"https:\/\/api.w.org\/{rel}","templated":true}]}}