{"id":2508,"date":"2013-11-02T10:42:20","date_gmt":"2013-11-02T17:42:20","guid":{"rendered":"http:\/\/13.53.127.146\/?p=2508"},"modified":"2021-01-20T21:05:00","modified_gmt":"2021-01-21T05:05:00","slug":"syksyista-variloistoa","status":"publish","type":"post","link":"https:\/\/www.vuosiamaailmalla.fi\/blog\/2013\/syksyista-variloistoa\/","title":{"rendered":"Syksyist\u00e4 v\u00e4riloistoa"},"content":{"rendered":"<p style=\"text-align: justify;\">Niin se vain on, ett\u00e4 syksy alkaa hiljalleen k\u00e4\u00e4nty\u00e4 alkutalven puolelle ja v\u00e4rik\u00e4s ruskan aika alkaa olla ohitse. Kuten <a title=\"Syksyn v\u00e4rej\u00e4\" href=\"https:\/\/www.vuosiamaailmalla.fi\/?p=1066\">viime vuonna<\/a> kerroin, ei meill\u00e4 t\u00e4\u00e4ll\u00e4 leudolla l\u00e4nsirannikolla n\u00e4hd\u00e4 yht\u00e4 voimakasta ruskaa, kuin Kanadan it\u00e4rannikolle on tyypillist\u00e4, mutta kyll\u00e4 sit\u00e4 v\u00e4ri\u00e4 l\u00f6ytyy t\u00e4\u00e4lt\u00e4kin. Mieless\u00e4ni onkin ollut k\u00e4yd\u00e4 kuvaamassa v\u00e4riloistoa t\u00e4n\u00e4 vuonna hieman viime vuotta enemm\u00e4n, mutta loppujen lopuksi kerkesinkin vain kahdelle kuvausreissulle menneell\u00e4 viikolla, jonka satoa on ohessa.<\/p>\n<p><!--more--><\/p>\n<p style=\"text-align: center;\"><a href=\"\/blog\/wp-content\/uploads\/2013\/syksyn_vareja6.jpg\"><img decoding=\"async\" style=\"border: 0px none; margin: 5px;\" src=\"\/blog\/wp-content\/uploads\/2013\/thumbs\/thumbs_syksyn_vareja6.jpg\" alt=\"\" \/><\/a><a href=\"\/blog\/wp-content\/uploads\/2013\/syksyn_vareja3.jpg\"><img decoding=\"async\" style=\"border: 0px none; margin: 5px;\" src=\"\/blog\/wp-content\/uploads\/2013\/thumbs\/thumbs_syksyn_vareja3.jpg\" alt=\"\" \/><\/a><a href=\"\/blog\/wp-content\/uploads\/2013\/syksyn_vareja9.jpg\"><img decoding=\"async\" style=\"border: 0px none; margin: 5px;\" src=\"\/blog\/wp-content\/uploads\/2013\/thumbs\/thumbs_syksyn_vareja9.jpg\" alt=\"\" \/><\/a><\/p>\n<p style=\"text-align: center;\"><em>Syksy kaupungissa<\/em><\/p>\n<p style=\"text-align: center;\"><a href=\"\/blog\/wp-content\/uploads\/2013\/syksyn_vareja14.jpg\"><img decoding=\"async\" style=\"border: 0px none; margin: 5px;\" src=\"\/blog\/wp-content\/uploads\/2013\/thumbs\/thumbs_syksyn_vareja14.jpg\" alt=\"\" \/><\/a><a href=\"\/blog\/wp-content\/uploads\/2013\/syksyn_vareja4.jpg\"><img decoding=\"async\" style=\"border: 0px none; margin: 5px;\" src=\"\/blog\/wp-content\/uploads\/2013\/thumbs\/thumbs_syksyn_vareja4.jpg\" alt=\"\" \/><\/a><a href=\"\/blog\/wp-content\/uploads\/2013\/syksyn_vareja2.jpg\"><img decoding=\"async\" style=\"border: 0px none; margin: 5px;\" src=\"\/blog\/wp-content\/uploads\/2013\/thumbs\/thumbs_syksyn_vareja2.jpg\" alt=\"\" \/><\/a><\/p>\n<p style=\"text-align: center;\"><em>V\u00e4riloistoa Yaletownin alueella<\/em><\/p>\n<p style=\"text-align: justify;\">Ajankohta oli varmaan viimeisi\u00e4 hyvi\u00e4 hetki\u00e4 k\u00e4yd\u00e4 valokuvaamassa ruskaa, sill\u00e4 t\u00e4ll\u00e4 viikolla p\u00e4\u00e4ttyi monta viikkoa kest\u00e4nyt poikkeuksellisen kuiva kausi, jolloin Vancouverissa ei ole saatu lainkaan syksyn tyypillisi\u00e4 kaatosateita. T\u00e4t\u00e4 kirjoittaessa tilanne on j\u00e4lleen normaali ja ulkona sataa, mutta mennyt lokakuu oli kuivin 25 vuoteen. Moni paikallinen onkin hykerrellyt tyytyv\u00e4isen\u00e4, kun t\u00e4n\u00e4 syksyn\u00e4 ei ole tarvinnut k\u00e4rvistell\u00e4 koleassa sadekeliss\u00e4, vaikka sillekin varmaan on viel\u00e4 aikansa nyt marraskuussa.<\/p>\n<p style=\"text-align: center;\"><a href=\"\/blog\/wp-content\/uploads\/2013\/syksyn_vareja5.jpg\"><img decoding=\"async\" style=\"border: 0px none; margin: 5px;\" src=\"\/blog\/wp-content\/uploads\/2013\/syksyn_vareja5.jpg\" alt=\"\" \/><\/a><\/p>\n<p style=\"text-align: center;\"><a href=\"\/blog\/wp-content\/uploads\/2013\/syksyn_vareja8.jpg\"><img decoding=\"async\" style=\"border: 0px none; margin: 5px;\" src=\"\/blog\/wp-content\/uploads\/2013\/syksyn_vareja8.jpg\" alt=\"\" \/><\/a><\/p>\n<p style=\"text-align: center;\"><em>V\u00e4rien kirjoa<\/em><\/p>\n<p style=\"text-align: center;\"><a href=\"\/blog\/wp-content\/uploads\/2013\/syksyn_vareja11.jpg\"><img decoding=\"async\" style=\"border: 0px none; margin: 5px;\" src=\"\/blog\/wp-content\/uploads\/2013\/thumbs\/thumbs_syksyn_vareja11.jpg\" alt=\"\" \/><\/a><a href=\"\/blog\/wp-content\/uploads\/2013\/syksyn_vareja15.jpg\"><img decoding=\"async\" style=\"border: 0px none; margin: 5px;\" src=\"\/blog\/wp-content\/uploads\/2013\/thumbs\/thumbs_syksyn_vareja15.jpg\" alt=\"\" \/><\/a><a href=\"\/blog\/wp-content\/uploads\/2013\/syksyn_vareja10.jpg\"><img decoding=\"async\" style=\"border: 0px none; margin: 5px;\" src=\"\/blog\/wp-content\/uploads\/2013\/thumbs\/thumbs_syksyn_vareja10.jpg\" alt=\"\" \/><\/a><br \/>\n<a href=\"\/blog\/wp-content\/uploads\/2013\/syksyn_vareja12.jpg\"><img decoding=\"async\" style=\"border: 0px none; margin: 5px;\" src=\"\/blog\/wp-content\/uploads\/2013\/thumbs\/thumbs_syksyn_vareja12.jpg\" alt=\"\" \/><\/a><a href=\"\/blog\/wp-content\/uploads\/2013\/syksyn_vareja13.jpg\"><img decoding=\"async\" style=\"border: 0px none; margin: 5px;\" src=\"\/blog\/wp-content\/uploads\/2013\/thumbs\/thumbs_syksyn_vareja13.jpg\" alt=\"\" \/><\/a><\/p>\n<p style=\"text-align: center;\"><em>Punaisia kadunvarsia<\/em><\/p>\n<p style=\"text-align: center;\"><a href=\"\/blog\/wp-content\/uploads\/2013\/syksyn_vareja16.jpg\"><img decoding=\"async\" style=\"border: 0px none; margin: 5px;\" src=\"\/blog\/wp-content\/uploads\/2013\/thumbs\/thumbs_syksyn_vareja16.jpg\" alt=\"\" \/><\/a><\/p>\n<p style=\"text-align: center;\"><em>Punapuu<\/em><\/p>\n<p style=\"text-align: justify;\">Se huono puoli kuivassa syksyss\u00e4 tietenkin on, ett\u00e4 se todenn\u00e4k\u00f6isesti tarkoittaa laskettelukauden my\u00f6h\u00e4stymist\u00e4\u00a0<a title=\"Laskettelukausi alkoi Vancouverissa\" href=\"https:\/\/www.vuosiamaailmalla.fi\/?p=1308\">edellisvuoteen<\/a> n\u00e4hden. Viime vuonna ensimm\u00e4iset rinteet avautuivat jo kahden viikon p\u00e4\u00e4st\u00e4 ja me olimme suksilla <a title=\"Kauden avaus Cypress Mountainilla\" href=\"https:\/\/www.vuosiamaailmalla.fi\/?p=1504\">marraskuun lopussa<\/a>, mik\u00e4 tuntuu utopistiselta t\u00e4ss\u00e4 tilanteessa. Se on harmi, sill\u00e4 kyll\u00e4 t\u00e4ss\u00e4 jo mielisi p\u00e4\u00e4st\u00e4 suksille.<\/p>\n<p style=\"text-align: center;\"><a href=\"\/blog\/wp-content\/uploads\/2013\/syksyn_vareja17.jpg\"><img decoding=\"async\" style=\"border: 0px none; margin: 5px;\" src=\"\/blog\/wp-content\/uploads\/2013\/thumbs\/thumbs_syksyn_vareja17.jpg\" alt=\"\" \/><\/a><a href=\"\/blog\/wp-content\/uploads\/2013\/syksyn_vareja7.jpg\"><img decoding=\"async\" style=\"border: 0px none; margin: 5px;\" src=\"\/blog\/wp-content\/uploads\/2013\/thumbs\/thumbs_syksyn_vareja7.jpg\" alt=\"\" \/><\/a><\/p>\n<p style=\"text-align: center;\"><em>Katuja Shaughnessyn alueella<\/em><\/p>\n<p style=\"text-align: center;\"><a href=\"\/blog\/wp-content\/uploads\/2013\/syksyn_kuvioita.jpg\"><img decoding=\"async\" style=\"border: 0px none; margin: 5px;\" src=\"\/blog\/wp-content\/uploads\/2013\/syksyn_kuvioita.jpg\" alt=\"\" \/><\/a><\/p>\n<p style=\"text-align: center;\"><em>Syksy kadulla<\/em><\/p>\n","protected":false},"excerpt":{"rendered":"<p>Niin se vain on, ett\u00e4 syksy alkaa hiljalleen k\u00e4\u00e4nty\u00e4 alkutalven puolelle ja v\u00e4rik\u00e4s ruskan aika alkaa olla ohitse. Kuten viime vuonna kerroin, ei meill\u00e4 t\u00e4\u00e4ll\u00e4 leudolla l\u00e4nsirannikolla n\u00e4hd\u00e4 yht\u00e4 voimakasta ruskaa, kuin Kanadan it\u00e4rannikolle on tyypillist\u00e4, mutta kyll\u00e4 sit\u00e4 v\u00e4ri\u00e4 l\u00f6ytyy t\u00e4\u00e4lt\u00e4kin. Mieless\u00e4ni onkin ollut k\u00e4yd\u00e4 kuvaamassa v\u00e4riloistoa t\u00e4n\u00e4 vuonna hieman viime vuotta enemm\u00e4n, mutta &hellip; <a href=\"https:\/\/www.vuosiamaailmalla.fi\/blog\/2013\/syksyista-variloistoa\/\" class=\"more-link\">Jatka lukemista<span class=\"screen-reader-text\"> &#8221;Syksyist\u00e4 v\u00e4riloistoa&#8221;<\/span><\/a><\/p>\n","protected":false},"author":1,"featured_media":11309,"comment_status":"open","ping_status":"open","sticky":false,"template":"","format":"standard","meta":{"_jetpack_memberships_contains_paid_content":false,"footnotes":""},"categories":[17,3],"tags":[25,34,935,361,299,939,941,215],"class_list":["post-2508","post","type-post","status-publish","format-standard","has-post-thumbnail","hentry","category-arki-kanadassa","category-arki-ulkomailla","tag-ajankohtaista","tag-arki","tag-kanada","tag-ruska","tag-syksy","tag-vancouver","tag-vancouver-shaughnessy","tag-vancouver-yaletown"],"jetpack_featured_media_url":"https:\/\/www.vuosiamaailmalla.fi\/blog\/wp-content\/uploads\/syksyn_vareja_banner-1.jpg","jetpack_sharing_enabled":true,"_links":{"self":[{"href":"https:\/\/www.vuosiamaailmalla.fi\/blog\/wp-json\/wp\/v2\/posts\/2508","targetHints":{"allow":["GET"]}}],"collection":[{"href":"https:\/\/www.vuosiamaailmalla.fi\/blog\/wp-json\/wp\/v2\/posts"}],"about":[{"href":"https:\/\/www.vuosiamaailmalla.fi\/blog\/wp-json\/wp\/v2\/types\/post"}],"author":[{"embeddable":true,"href":"https:\/\/www.vuosiamaailmalla.fi\/blog\/wp-json\/wp\/v2\/users\/1"}],"replies":[{"embeddable":true,"href":"https:\/\/www.vuosiamaailmalla.fi\/blog\/wp-json\/wp\/v2\/comments?post=2508"}],"version-history":[{"count":1,"href":"https:\/\/www.vuosiamaailmalla.fi\/blog\/wp-json\/wp\/v2\/posts\/2508\/revisions"}],"predecessor-version":[{"id":11310,"href":"https:\/\/www.vuosiamaailmalla.fi\/blog\/wp-json\/wp\/v2\/posts\/2508\/revisions\/11310"}],"wp:featuredmedia":[{"embeddable":true,"href":"https:\/\/www.vuosiamaailmalla.fi\/blog\/wp-json\/wp\/v2\/media\/11309"}],"wp:attachment":[{"href":"https:\/\/www.vuosiamaailmalla.fi\/blog\/wp-json\/wp\/v2\/media?parent=2508"}],"wp:term":[{"taxonomy":"category","embeddable":true,"href":"https:\/\/www.vuosiamaailmalla.fi\/blog\/wp-json\/wp\/v2\/categories?post=2508"},{"taxonomy":"post_tag","embeddable":true,"href":"https:\/\/www.vuosiamaailmalla.fi\/blog\/wp-json\/wp\/v2\/tags?post=2508"}],"curies":[{"name":"wp","href":"https:\/\/api.w.org\/{rel}","templated":true}]}}