{"id":2556,"date":"2013-11-26T20:08:17","date_gmt":"2013-11-27T04:08:17","guid":{"rendered":"http:\/\/13.53.127.146\/?p=2556"},"modified":"2021-01-20T21:19:47","modified_gmt":"2021-01-21T05:19:47","slug":"ensilumilla-whistlerissa","status":"publish","type":"post","link":"https:\/\/www.vuosiamaailmalla.fi\/blog\/2013\/ensilumilla-whistlerissa\/","title":{"rendered":"Ensilumilla Whistleriss\u00e4"},"content":{"rendered":"<p style=\"text-align: justify;\">Talvi on alkanut sangen vaihtelevasti t\u00e4\u00e4ll\u00e4 British Columbiassa. Ensilumi satoi l\u00e4hivuorilla jo lokakuun 3. p\u00e4iv\u00e4, mutta kunnon talven alkua on saatu odottaa n\u00e4ihin p\u00e4iviin asti. Syyn\u00e4 on ollut poikkeuksellisen <a title=\"Syksyist\u00e4 v\u00e4riloistoa\" href=\"https:\/\/www.vuosiamaailmalla.fi\/?p=2508\">kuiva syksy<\/a>, joka ei ole tarjonnut normaalisti runsaita vesi- ja lumisateita kaupungissa ja vuorilla, vaan aurinko on paistanut kauniisti muuten kylmin\u00e4 syysp\u00e4ivin\u00e4. Lunta on kuitenkin saatu paikallisesti ja esimerkiksi Whistlerin laskettelukeskus p\u00e4\u00e4si aukeamaan 16. p\u00e4iv\u00e4 marraskuuta, mik\u00e4 on 13 p\u00e4iv\u00e4\u00e4 normaalia aiemmin.<\/p>\n<p><!--more--><\/p>\n<p style=\"text-align: justify;\">Ja pitih\u00e4n t\u00e4m\u00e4 l\u00e4hte\u00e4 toteamaan omin silmin menneen\u00e4 viikonloppuna ja niinp\u00e4 suuntasimmekin perjantaina heti t\u00f6iden j\u00e4lkeen Whistleriin. Y\u00f6vyimme y\u00f6n hotellissa ja olimme heti aamusta ensimm\u00e4isten vuorelle nousijoiden joukossa. Meneill\u00e4\u00e4n on viel\u00e4 alkukausi, joten hissiliput olivat alennuksessa, mik\u00e4 tarkoittaa Whistleriss\u00e4 75 dollaria \ud83d\ude2f , normaalin lipun maksaessa kauden aikana per\u00e4ti 109 dollaria.<\/p>\n<p style=\"text-align: center;\"><a href=\"\/blog\/wp-content\/uploads\/2013\/whisler_ensilumilla2.jpg\"><img decoding=\"async\" style=\"border: 0px none; margin: 5px;\" src=\"\/blog\/wp-content\/uploads\/2013\/whisler_ensilumilla2.jpg\" alt=\"\" \/><\/a><\/p>\n<p style=\"text-align: center;\"><em>Kauden ensimm\u00e4inen lasku<\/em><\/p>\n<p style=\"text-align: justify;\">Lunta oli pienesti noin 660 metrin korkeudessa sijaitsevassa Whistlerin kyl\u00e4ss\u00e4kin, mutta sen m\u00e4\u00e4r\u00e4 lis\u00e4\u00e4ntyi nopeasti yl\u00f6s ment\u00e4ess\u00e4. Ylh\u00e4\u00e4ll\u00e4 lunta oli jo puolisentoista metri\u00e4, mik\u00e4 saattaa kuulostaa paljolta, mutta ei ole viel\u00e4 riitt\u00e4v\u00e4sti jyrkemmille rinteille. Niinp\u00e4 auki olikin vain viisi hissi\u00e4 Whistler Mountainin puolella ja viitisentoista rinnett\u00e4 vuoren keskivaiheilla. Se ei ole kovin paljon, sill\u00e4 Whistleriss\u00e4 on yli 200 rinnett\u00e4.<\/p>\n<p style=\"text-align: center;\"><a href=\"\/blog\/wp-content\/uploads\/2013\/luminen_terassi.jpg\"><img decoding=\"async\" style=\"border: 0px none; margin: 5px;\" src=\"\/blog\/wp-content\/uploads\/2013\/luminen_terassi.jpg\" alt=\"\" \/><\/a><\/p>\n<p style=\"text-align: center;\"><em>Lunta on paljon ja ei ole paljoa<\/em><\/p>\n<p style=\"text-align: center;\"><a href=\"\/blog\/wp-content\/uploads\/2013\/whisler_ensilumilla1.jpg\"><img decoding=\"async\" style=\"border: 0px none; margin: 5px;\" src=\"\/blog\/wp-content\/uploads\/2013\/thumbs\/thumbs_whisler_ensilumilla1.jpg\" alt=\"\" \/><\/a><a href=\"\/blog\/wp-content\/uploads\/2013\/whisler_ensilumilla3.jpg\"><img decoding=\"async\" style=\"border: 0px none; margin: 5px;\" src=\"\/blog\/wp-content\/uploads\/2013\/thumbs\/thumbs_whisler_ensilumilla3.jpg\" alt=\"\" \/><\/a><\/p>\n<p style=\"text-align: center;\"><em>N\u00e4kym\u00e4 1700 metrin korkeudessa<br \/>\n<\/em><\/p>\n<p style=\"text-align: justify;\">Vaikka alkukauden tarjonta olikin hieman vaisua, oli laskettelu heti ensimm\u00e4isist\u00e4 metreist\u00e4 l\u00e4htien puhdasta parhautta. Rinteiss\u00e4 oli tilaa ja ne olivat sangen hyv\u00e4ss\u00e4 kunnossa. Hisseille ei muodostunut keskikaudella tyypillisi\u00e4 jonoja ollenkaan, vaan hissille p\u00e4\u00e4si sadoista muista laskettelijoista huolimatta k\u00e4yt\u00e4nn\u00f6ss\u00e4 jonottamatta. Ohessa on joitain ensi kertaa rinteess\u00e4 olleella <a title=\"Kameralaitteisto: Nokia Lumia 1020\" href=\"https:\/\/www.vuosiamaailmalla.fi\/?p=2522\">uudella kamerak\u00e4nnyk\u00e4ll\u00e4<\/a> napattuja kuvia rinnemaisemista.<\/p>\n<p style=\"text-align: center;\"><a href=\"\/blog\/wp-content\/uploads\/2013\/paljon_laskettelijoita2.jpg\"><img decoding=\"async\" style=\"border: 0px none; margin: 5px;\" src=\"\/blog\/wp-content\/uploads\/2013\/thumbs\/thumbs_paljon_laskettelijoita2.jpg\" alt=\"\" \/><\/a><a href=\"\/blog\/wp-content\/uploads\/2013\/paljon_laskettelijoita1.jpg\"><img decoding=\"async\" style=\"border: 0px none; margin: 5px;\" src=\"\/blog\/wp-content\/uploads\/2013\/thumbs\/thumbs_paljon_laskettelijoita1.jpg\" alt=\"\" \/><\/a><\/p>\n<p style=\"text-align: center;\"><em>Kauden aloittajia<\/em><\/p>\n<p style=\"text-align: justify;\">P\u00e4iv\u00e4 meni nopeaan, mutta ehdimme laskea sen aikana noin 44 kilometri\u00e4 reilun viiden tunnin aikana. Uudet sukset olivat aivan loistavat ja purivat rinnett\u00e4 niin ett\u00e4 p\u00e4\u00e4stell\u00e4 sai mink\u00e4 vain uskalsi.<\/p>\n<p style=\"text-align: center;\"><a href=\"\/blog\/wp-content\/uploads\/2013\/whistler_upper_whiskey_panoraama.jpg\"><img decoding=\"async\" style=\"border: 0px none; margin: 5px;\" src=\"\/blog\/wp-content\/uploads\/2013\/whistler_upper_whiskey_panoraama_pieni.jpg\" alt=\"\" \/><\/a><\/p>\n<p style=\"text-align: center;\"><em>Puhdasta parhautta<\/em><\/p>\n<p style=\"text-align: justify;\">Illaksi suuntasimme takaisin Vancouveriin. Yksi laskettelup\u00e4iv\u00e4 oli juuri sopivasti n\u00e4in alkukaudella, sill\u00e4 nyt auki olleet rinteet ehti tuossa ajassa laskea perusteellisesti. Paluumatkalla meille my\u00f6s selvisi miksi rinteiss\u00e4 oli niin paljon tilaa. Whistleriin viev\u00e4ll\u00e4 <em>Sea to Sky Highwaylla<\/em> oli nimitt\u00e4in sattunut aamulla kuolonkolari, joka oli sulkenut t\u00e4m\u00e4n ainoan tien kokonaan. Nelj\u00e4n 19-20 vuotiaan tyt\u00f6n Jeepin ja vastaan tulleen kuljettajan v\u00e4linen kolari vaati kolmen ihmisen hengen, mink\u00e4 vuoksi tie oli kokonaan suljettuna per\u00e4ti 10 tunnin ajan.<\/p>\n<p style=\"text-align: justify;\">Tyt\u00f6t olivat olleet varmastikin matkalla Whistleriin laskettelemaan p\u00e4iv\u00e4ksi ennen kauheaa onnettomuutta. N\u00e4in oli varmaan tekem\u00e4ss\u00e4 moni muukin vancouverilainen tuona lauantaina, sill\u00e4 kolaripaikan luokse muodostui p\u00e4iv\u00e4n aikana kilometrien mittainen autojono. Osa paikalle sattuneista joutui istumaan autojonossa jopa l\u00e4hes 10 tuntia. Mekin jouduimme odottamaan puolisentoista tuntia Squamishin m\u00e4kk\u00e4rill\u00e4 tien aukeamista illalla, ennen kuin p\u00e4\u00e4simme pitk\u00e4n jonon mukana takaisin kotiin.<\/p>\n<p style=\"text-align: justify;\">Kauheasta onnettomuudesta huolimatta lauantai oli kerrassaan mahtava p\u00e4iv\u00e4 ja kauden aloitus niin upea asia. T\u00e4ss\u00e4 poltteleekin jo pahasti p\u00e4\u00e4st\u00e4 uudelleen rinteeseen, mutta <a href=\"https:\/\/www.vuosiamaailmalla.fi\/?p=2639\">Niinan tuleva ty\u00f6matka<\/a> varmaan lykk\u00e4\u00e4 seuraavaa kertaa joulukuun puolelle. Jotenkin t\u00e4ss\u00e4 pit\u00e4\u00e4 vain yritt\u00e4\u00e4 malttaa ja toivoa lis\u00e4\u00e4 lunta vuorille.<\/p>\n","protected":false},"excerpt":{"rendered":"<p>Talvi on alkanut sangen vaihtelevasti t\u00e4\u00e4ll\u00e4 British Columbiassa. Ensilumi satoi l\u00e4hivuorilla jo lokakuun 3. p\u00e4iv\u00e4, mutta kunnon talven alkua on saatu odottaa n\u00e4ihin p\u00e4iviin asti. Syyn\u00e4 on ollut poikkeuksellisen kuiva syksy, joka ei ole tarjonnut normaalisti runsaita vesi- ja lumisateita kaupungissa ja vuorilla, vaan aurinko on paistanut kauniisti muuten kylmin\u00e4 syysp\u00e4ivin\u00e4. Lunta on kuitenkin saatu &hellip; <a href=\"https:\/\/www.vuosiamaailmalla.fi\/blog\/2013\/ensilumilla-whistlerissa\/\" class=\"more-link\">Jatka lukemista<span class=\"screen-reader-text\"> &#8221;Ensilumilla Whistleriss\u00e4&#8221;<\/span><\/a><\/p>\n","protected":false},"author":1,"featured_media":11336,"comment_status":"open","ping_status":"open","sticky":false,"template":"","format":"standard","meta":{"_jetpack_memberships_contains_paid_content":false,"footnotes":""},"categories":[17,3,778,774],"tags":[25,34,935,173,299,202,218],"class_list":["post-2556","post","type-post","status-publish","format-standard","has-post-thumbnail","hentry","category-arki-kanadassa","category-arki-ulkomailla","category-laskettelu-ulkoilu","category-ulkoilu","tag-ajankohtaista","tag-arki","tag-kanada","tag-laskettelu","tag-syksy","tag-talvi","tag-whistler"],"jetpack_featured_media_url":"https:\/\/www.vuosiamaailmalla.fi\/blog\/wp-content\/uploads\/whistler_upper_whiskey_banner-1.jpg","jetpack_sharing_enabled":true,"_links":{"self":[{"href":"https:\/\/www.vuosiamaailmalla.fi\/blog\/wp-json\/wp\/v2\/posts\/2556","targetHints":{"allow":["GET"]}}],"collection":[{"href":"https:\/\/www.vuosiamaailmalla.fi\/blog\/wp-json\/wp\/v2\/posts"}],"about":[{"href":"https:\/\/www.vuosiamaailmalla.fi\/blog\/wp-json\/wp\/v2\/types\/post"}],"author":[{"embeddable":true,"href":"https:\/\/www.vuosiamaailmalla.fi\/blog\/wp-json\/wp\/v2\/users\/1"}],"replies":[{"embeddable":true,"href":"https:\/\/www.vuosiamaailmalla.fi\/blog\/wp-json\/wp\/v2\/comments?post=2556"}],"version-history":[{"count":2,"href":"https:\/\/www.vuosiamaailmalla.fi\/blog\/wp-json\/wp\/v2\/posts\/2556\/revisions"}],"predecessor-version":[{"id":11335,"href":"https:\/\/www.vuosiamaailmalla.fi\/blog\/wp-json\/wp\/v2\/posts\/2556\/revisions\/11335"}],"wp:featuredmedia":[{"embeddable":true,"href":"https:\/\/www.vuosiamaailmalla.fi\/blog\/wp-json\/wp\/v2\/media\/11336"}],"wp:attachment":[{"href":"https:\/\/www.vuosiamaailmalla.fi\/blog\/wp-json\/wp\/v2\/media?parent=2556"}],"wp:term":[{"taxonomy":"category","embeddable":true,"href":"https:\/\/www.vuosiamaailmalla.fi\/blog\/wp-json\/wp\/v2\/categories?post=2556"},{"taxonomy":"post_tag","embeddable":true,"href":"https:\/\/www.vuosiamaailmalla.fi\/blog\/wp-json\/wp\/v2\/tags?post=2556"}],"curies":[{"name":"wp","href":"https:\/\/api.w.org\/{rel}","templated":true}]}}