{"id":2565,"date":"2013-11-28T16:30:43","date_gmt":"2013-11-29T00:30:43","guid":{"rendered":"http:\/\/13.53.127.146\/?p=2565"},"modified":"2014-07-20T15:19:18","modified_gmt":"2014-07-20T22:19:18","slug":"kaupunki-pilvissa","status":"publish","type":"post","link":"https:\/\/www.vuosiamaailmalla.fi\/blog\/2013\/kaupunki-pilvissa\/","title":{"rendered":"Kaupunki pilviss\u00e4"},"content":{"rendered":"<p style=\"text-align: justify;\">En ole kirjoittanut viel\u00e4 paljoakaan asuntomme hulppeasta maisemasta ja tarkempi katsaus j\u00e4\u00e4 edelleenkin tulevaisuuteen, mutta halusin kuitenkin laittaa n\u00e4kyville hienon kuvan jonka ikuistin viime viikolla er\u00e4\u00e4n\u00e4 aamuna. Kuvassa on aina v\u00e4lill\u00e4 aamuisin asunnostamme valkeava maisema, jossa <a title=\"Korkeuksiin kurkottava Metrotown\" href=\"https:\/\/www.vuosiamaailmalla.fi\/?p=2242\">Metrotownin tornitalot<\/a> ty\u00f6ntyv\u00e4t matalalla roikkuvien pilvien yl\u00e4puolelle aamuauringon v\u00e4rj\u00e4tess\u00e4 maiseman kauniilla s\u00e4vyill\u00e4.<\/p>\n<p style=\"text-align: justify;\">Kuva on otettu pitk\u00e4ll\u00e4 <a title=\"Kameralaitteisto: Canon EF 70-200mm f\/4 L IS USM\" href=\"https:\/\/www.vuosiamaailmalla.fi\/?p=3016\">zoomilinssill\u00e4<\/a>, joten se edustaa alle prosenttia koko maisemastamme, mutta laitoinpa t\u00e4m\u00e4n t\u00e4nne t\u00e4llaisena ennakkopalana. \ud83d\ude09 Mainittakoon, ett\u00e4 my\u00f6s Berliinin asunnostamme aukesi <a title=\"Aamurusko Berliiniss\u00e4\" href=\"https:\/\/www.vuosiamaailmalla.fi\/?p=1432\">kaunis aamumaisema<\/a>.<\/p>\n<p style=\"text-align: center;\"><a href=\"\/blog\/wp-content\/uploads\/2013\/metrotown_skyline8.jpg\"><img decoding=\"async\" style=\"border: 0px none; margin: 5px;\" src=\"\/blog\/wp-content\/uploads\/2013\/metrotown_skyline8_pieni.jpg \" alt=\"\" \/><\/a><\/p>\n<p style=\"text-align: center;\"><em>Klikkaa kuvaa suuremmaksi<\/em><\/p>\n","protected":false},"excerpt":{"rendered":"<p>En ole kirjoittanut viel\u00e4 paljoakaan asuntomme hulppeasta maisemasta ja tarkempi katsaus j\u00e4\u00e4 edelleenkin tulevaisuuteen, mutta halusin kuitenkin laittaa n\u00e4kyville hienon kuvan jonka ikuistin viime viikolla er\u00e4\u00e4n\u00e4 aamuna. Kuvassa on aina v\u00e4lill\u00e4 aamuisin asunnostamme valkeava maisema, jossa Metrotownin tornitalot ty\u00f6ntyv\u00e4t matalalla roikkuvien pilvien yl\u00e4puolelle aamuauringon v\u00e4rj\u00e4tess\u00e4 maiseman kauniilla s\u00e4vyill\u00e4. Kuva on otettu pitk\u00e4ll\u00e4 zoomilinssill\u00e4, joten se &hellip; <a href=\"https:\/\/www.vuosiamaailmalla.fi\/blog\/2013\/kaupunki-pilvissa\/\" class=\"more-link\">Jatka lukemista<span class=\"screen-reader-text\"> &#8221;Kaupunki pilviss\u00e4&#8221;<\/span><\/a><\/p>\n","protected":false},"author":1,"featured_media":0,"comment_status":"open","ping_status":"open","sticky":false,"template":"","format":"standard","meta":{"_jetpack_memberships_contains_paid_content":false,"footnotes":""},"categories":[17,3],"tags":[34,932,77,78,935,939],"class_list":["post-2565","post","type-post","status-publish","format-standard","hentry","category-arki-kanadassa","category-arki-ulkomailla","tag-arki","tag-asunto","tag-burnaby","tag-burnaby-metrotown","tag-kanada","tag-vancouver"],"jetpack_featured_media_url":"","jetpack_sharing_enabled":true,"_links":{"self":[{"href":"https:\/\/www.vuosiamaailmalla.fi\/blog\/wp-json\/wp\/v2\/posts\/2565","targetHints":{"allow":["GET"]}}],"collection":[{"href":"https:\/\/www.vuosiamaailmalla.fi\/blog\/wp-json\/wp\/v2\/posts"}],"about":[{"href":"https:\/\/www.vuosiamaailmalla.fi\/blog\/wp-json\/wp\/v2\/types\/post"}],"author":[{"embeddable":true,"href":"https:\/\/www.vuosiamaailmalla.fi\/blog\/wp-json\/wp\/v2\/users\/1"}],"replies":[{"embeddable":true,"href":"https:\/\/www.vuosiamaailmalla.fi\/blog\/wp-json\/wp\/v2\/comments?post=2565"}],"version-history":[{"count":0,"href":"https:\/\/www.vuosiamaailmalla.fi\/blog\/wp-json\/wp\/v2\/posts\/2565\/revisions"}],"wp:attachment":[{"href":"https:\/\/www.vuosiamaailmalla.fi\/blog\/wp-json\/wp\/v2\/media?parent=2565"}],"wp:term":[{"taxonomy":"category","embeddable":true,"href":"https:\/\/www.vuosiamaailmalla.fi\/blog\/wp-json\/wp\/v2\/categories?post=2565"},{"taxonomy":"post_tag","embeddable":true,"href":"https:\/\/www.vuosiamaailmalla.fi\/blog\/wp-json\/wp\/v2\/tags?post=2565"}],"curies":[{"name":"wp","href":"https:\/\/api.w.org\/{rel}","templated":true}]}}