{"id":2583,"date":"2013-12-01T20:05:17","date_gmt":"2013-12-02T04:05:17","guid":{"rendered":"http:\/\/13.53.127.146\/?p=2583"},"modified":"2021-01-20T21:17:08","modified_gmt":"2021-01-21T05:17:08","slug":"joulupukin-paraati","status":"publish","type":"post","link":"https:\/\/www.vuosiamaailmalla.fi\/blog\/2013\/joulupukin-paraati\/","title":{"rendered":"Joulupukin paraati"},"content":{"rendered":"<p style=\"text-align: justify;\">Joulokuun ensimm\u00e4inen sunnuntai tarkoittaa Vancouverissa vuosittaisen jouluparaatin aikaa. T\u00e4n\u00e4 vuonna kymmenett\u00e4 kertaa j\u00e4rjestett\u00e4v\u00e4 <em>Santa Claus Parade<\/em> houkutteli j\u00e4lleen keskustaan paraatireitin varrelle satojatuhansia pieni\u00e4 ja isoja katsojia. Osa oli tullut ilmaistavaran ja -suklaan per\u00e4ss\u00e4, osa katsomaan perinteist\u00e4 joulunajan alkua merkitsev\u00e4\u00e4 kulkuetta. Kaikki olivat kuitenkin tulleet n\u00e4kem\u00e4\u00e4n vilaukselta paraatin viimeiseksi saapuvaa p\u00e4\u00e4t\u00e4hte\u00e4 eli joulupukkia.<\/p>\n<p><!--more--><\/p>\n<p style=\"text-align: center;\"><a href=\"\/blog\/wp-content\/uploads\/2013\/paraativakea1.jpg\"><img decoding=\"async\" style=\"border: 0px none; margin: 5px;\" src=\"\/blog\/wp-content\/uploads\/2013\/thumbs\/thumbs_paraativakea1.jpg\" alt=\"\" \/><\/a><a href=\"\/blog\/wp-content\/uploads\/2013\/paraativakea2.jpg\"><img decoding=\"async\" style=\"border: 0px none; margin: 5px;\" src=\"\/blog\/wp-content\/uploads\/2013\/thumbs\/thumbs_paraativakea2.jpg\" alt=\"\" \/><\/a><\/p>\n<p style=\"text-align: center;\"><em>V\u00e4ke\u00e4 paraatireitin varrella<\/em><\/p>\n<p style=\"text-align: center;\"><a href=\"\/blog\/wp-content\/uploads\/2013\/ihme_vaunu.jpg\"><img decoding=\"async\" style=\"border: 0px none; margin: 5px;\" src=\"\/blog\/wp-content\/uploads\/2013\/thumbs\/thumbs_ihme_vaunu.jpg\" alt=\"\" \/><\/a><a href=\"\/blog\/wp-content\/uploads\/2013\/joulujuna.jpg\"><img decoding=\"async\" style=\"border: 0px none; margin: 5px;\" src=\"\/blog\/wp-content\/uploads\/2013\/thumbs\/thumbs_joulujuna.jpg\" alt=\"\" \/><\/a><a href=\"\/blog\/wp-content\/uploads\/2013\/suklaarekka.jpg\"><img decoding=\"async\" style=\"border: 0px none; margin: 5px;\" src=\"\/blog\/wp-content\/uploads\/2013\/thumbs\/thumbs_suklaarekka.jpg\" alt=\"\" \/><\/a><\/p>\n<p style=\"text-align: center;\"><em>Erilaisia joulukulkueen vaunuja<\/em><\/p>\n<p style=\"text-align: center;\"><a href=\"\/blog\/wp-content\/uploads\/2013\/lumiukkoja.jpg\"><img decoding=\"async\" style=\"border: 0px none; margin: 5px;\" src=\"\/blog\/wp-content\/uploads\/2013\/thumbs\/thumbs_lumiukkoja.jpg\" alt=\"\" \/><\/a><a href=\"\/blog\/wp-content\/uploads\/2013\/kaksi_joulukuusta.jpg\"><img decoding=\"async\" style=\"border: 0px none; margin: 5px;\" src=\"\/blog\/wp-content\/uploads\/2013\/thumbs\/thumbs_kaksi_joulukuusta.jpg\" alt=\"\" \/><\/a><a href=\"\/blog\/wp-content\/uploads\/2013\/joulukala.jpg\"><img decoding=\"async\" style=\"border: 0px none; margin: 5px;\" src=\"\/blog\/wp-content\/uploads\/2013\/thumbs\/thumbs_joulukala.jpg\" alt=\"\" \/><\/a><br \/>\n<a href=\"\/blog\/wp-content\/uploads\/2013\/joulureki.jpg\"><img decoding=\"async\" style=\"border: 0px none; margin: 5px;\" src=\"\/blog\/wp-content\/uploads\/2013\/thumbs\/thumbs_joulureki.jpg\" alt=\"\" \/><\/a><a href=\"\/blog\/wp-content\/uploads\/2013\/paraatipingviini.jpg\"><img decoding=\"async\" style=\"border: 0px none; margin: 5px;\" src=\"\/blog\/wp-content\/uploads\/2013\/thumbs\/thumbs_paraatipingviini.jpg\" alt=\"\" \/><\/a><a href=\"\/blog\/wp-content\/uploads\/2013\/jouluesiintyjia8.jpg\"><img decoding=\"async\" style=\"border: 0px none; margin: 5px;\" src=\"\/blog\/wp-content\/uploads\/2013\/thumbs\/thumbs_jouluesiintyjia8.jpg\" alt=\"\" \/><\/a><\/p>\n<p style=\"text-align: center;\"><em>Jouluisia hahmoja<\/em><\/p>\n<p style=\"text-align: center;\"><a href=\"\/blog\/wp-content\/uploads\/2013\/joulumuori3.jpg\"><img decoding=\"async\" style=\"border: 0px none; margin: 5px;\" src=\"\/blog\/wp-content\/uploads\/2013\/thumbs\/thumbs_joulumuori3.jpg\" alt=\"\" \/><\/a><a href=\"\/blog\/wp-content\/uploads\/2013\/joulumuori2.jpg\"><img decoding=\"async\" style=\"border: 0px none; margin: 5px;\" src=\"\/blog\/wp-content\/uploads\/2013\/thumbs\/thumbs_joulumuori2.jpg\" alt=\"\" \/><\/a><a href=\"\/blog\/wp-content\/uploads\/2013\/joulumuori1.jpg\"><img decoding=\"async\" style=\"border: 0px none; margin: 5px;\" src=\"\/blog\/wp-content\/uploads\/2013\/thumbs\/thumbs_joulumuori1.jpg\" alt=\"\" \/><\/a><\/p>\n<p style=\"text-align: center;\"><em>Kaksi joulumuoria<\/em><\/p>\n<p style=\"text-align: center;\"><a href=\"\/blog\/wp-content\/uploads\/2013\/seimikuvaelma.jpg\"><img decoding=\"async\" style=\"border: 0px none; margin: 5px;\" src=\"\/blog\/wp-content\/uploads\/2013\/seimikuvaelma.jpg\" alt=\"\" \/><\/a><\/p>\n<p style=\"text-align: center;\"><em>Seimikuvaelma<\/em><\/p>\n<p style=\"text-align: justify;\"><a title=\"Santa Claus Parade\" href=\"https:\/\/www.vuosiamaailmalla.fi\/?p=1513\">Viime vuotiseen tapaan<\/a> paraati oli mitaltaan noin puolitoista tuntia ja siihen osallistui niin pelastuskalustoa, erilaisten sponsorien vaunuja, lukuisia soittokuntia sek\u00e4 tanssiryhmi\u00e4. Katsottavaa oli jatkuvalla sy\u00f6t\u00f6ll\u00e4, mutta musiikkia olisi voinut olla hieman enemm\u00e4n. Hetkitt\u00e4in kohdalla oli ryhmi\u00e4 joilla ei ollut mit\u00e4\u00e4n joulumusiikkia, mik\u00e4 oli hieman harmillista.<\/p>\n<p style=\"text-align: center;\"><a href=\"\/blog\/wp-content\/uploads\/2013\/jouluesiintyjia4.jpg\"><img decoding=\"async\" style=\"border: 0px none; margin: 5px;\" src=\"\/blog\/wp-content\/uploads\/2013\/thumbs\/thumbs_jouluesiintyjia4.jpg\" alt=\"\" \/><\/a><a href=\"\/blog\/wp-content\/uploads\/2013\/jouluesiintyjia2.jpg\"><img decoding=\"async\" style=\"border: 0px none; margin: 5px;\" src=\"\/blog\/wp-content\/uploads\/2013\/thumbs\/thumbs_jouluesiintyjia2.jpg\" alt=\"\" \/><\/a><a href=\"\/blog\/wp-content\/uploads\/2013\/jouluesiintyjia1.jpg\"><img decoding=\"async\" style=\"border: 0px none; margin: 5px;\" src=\"\/blog\/wp-content\/uploads\/2013\/thumbs\/thumbs_jouluesiintyjia1.jpg\" alt=\"\" \/><\/a><\/p>\n<p style=\"text-align: center;\"><em>Jouluparaatin esiintyji\u00e4<\/em><\/p>\n<p style=\"text-align: center;\"><a href=\"\/blog\/wp-content\/uploads\/2013\/jouluesiintyjia3.jpg\"><img decoding=\"async\" style=\"border: 0px none; margin: 5px;\" src=\"\/blog\/wp-content\/uploads\/2013\/jouluesiintyjia3.jpg\" alt=\"\" \/><\/a><\/p>\n<p style=\"text-align: center;\"><em>Kauneuskuningattaria<\/em><\/p>\n<p style=\"text-align: center;\"><a href=\"\/blog\/wp-content\/uploads\/2013\/jouluesiintyjia7.jpg\"><img decoding=\"async\" style=\"border: 0px none; margin: 5px;\" src=\"\/blog\/wp-content\/uploads\/2013\/thumbs\/thumbs_jouluesiintyjia7.jpg\" alt=\"\" \/><\/a><a href=\"\/blog\/wp-content\/uploads\/2013\/jouluesiintyjia5.jpg\"><img decoding=\"async\" style=\"border: 0px none; margin: 5px;\" src=\"\/blog\/wp-content\/uploads\/2013\/thumbs\/thumbs_jouluesiintyjia5.jpg\" alt=\"\" \/><\/a><a href=\"\/blog\/wp-content\/uploads\/2013\/jouluesiintyjia6.jpg\"><img decoding=\"async\" style=\"border: 0px none; margin: 5px;\" src=\"\/blog\/wp-content\/uploads\/2013\/thumbs\/thumbs_jouluesiintyjia6.jpg\" alt=\"\" \/><\/a><\/p>\n<p style=\"text-align: center;\"><em>Tanssiryhm\u00e4 featuring lumiukko<\/em><\/p>\n<p style=\"text-align: justify;\">Jouluparaati on mukava tapahtuma ja sit\u00e4 tulee k\u00e4yty\u00e4 katsomassa vuosittain, sill\u00e4 kulkue kulkee melkeinp\u00e4 asuinrakennuksemme editse. Vaikka t\u00e4k\u00e4l\u00e4isiss\u00e4 paraateissa onkin aina joitain samoja ryhmi\u00e4 ja vaunuja, on niiss\u00e4 my\u00f6s aina jotain uutta n\u00e4ht\u00e4v\u00e4\u00e4. Mukavinta on silti hyv\u00e4 ja iloinen tunnelma, mik\u00e4 kuuluu jouluun. Paraatin j\u00e4lkeen joulupukki suuntasi takaisin Korvatunturille viimeistelem\u00e4\u00e4n joulun kiireit\u00e4\u00e4n, mutta lupasi kyll\u00e4 tulla vierailulle j\u00e4lleen 23 y\u00f6n j\u00e4lkeen.<\/p>\n<p style=\"text-align: center;\"><a href=\"\/blog\/wp-content\/uploads\/2013\/joulupukki_saapuu1.jpg\"><img decoding=\"async\" style=\"border: 0px none; margin: 5px;\" src=\"\/blog\/wp-content\/uploads\/2013\/thumbs\/thumbs_joulupukki_saapuu1.jpg\" alt=\"\" \/><\/a><a href=\"\/blog\/wp-content\/uploads\/2013\/joulupukki_saapuu2.jpg\"><img decoding=\"async\" style=\"border: 0px none; margin: 5px;\" src=\"\/blog\/wp-content\/uploads\/2013\/thumbs\/thumbs_joulupukki_saapuu2.jpg\" alt=\"\" \/><\/a><a href=\"\/blog\/wp-content\/uploads\/2013\/joulupukki_saapuu3.jpg\"><img decoding=\"async\" style=\"border: 0px none; margin: 5px;\" src=\"\/blog\/wp-content\/uploads\/2013\/thumbs\/thumbs_joulupukki_saapuu3.jpg\" alt=\"\" \/><\/a><br \/>\n<a href=\"\/blog\/wp-content\/uploads\/2013\/joulupukki_saapuu4.jpg\"><img decoding=\"async\" style=\"border: 0px none; margin: 5px;\" src=\"\/blog\/wp-content\/uploads\/2013\/thumbs\/thumbs_joulupukki_saapuu4.jpg\" alt=\"\" \/><\/a><a href=\"\/blog\/wp-content\/uploads\/2013\/joulupukki_saapuu5.jpg\"><img decoding=\"async\" style=\"border: 0px none; margin: 5px;\" src=\"\/blog\/wp-content\/uploads\/2013\/thumbs\/thumbs_joulupukki_saapuu5.jpg\" alt=\"\" \/><\/a><\/p>\n<p style=\"text-align: center;\"><em>Kulkueen odotetuin j\u00e4sen<\/em><\/p>\n","protected":false},"excerpt":{"rendered":"<p>Joulokuun ensimm\u00e4inen sunnuntai tarkoittaa Vancouverissa vuosittaisen jouluparaatin aikaa. T\u00e4n\u00e4 vuonna kymmenett\u00e4 kertaa j\u00e4rjestett\u00e4v\u00e4 Santa Claus Parade houkutteli j\u00e4lleen keskustaan paraatireitin varrelle satojatuhansia pieni\u00e4 ja isoja katsojia. Osa oli tullut ilmaistavaran ja -suklaan per\u00e4ss\u00e4, osa katsomaan perinteist\u00e4 joulunajan alkua merkitsev\u00e4\u00e4 kulkuetta. Kaikki olivat kuitenkin tulleet n\u00e4kem\u00e4\u00e4n vilaukselta paraatin viimeiseksi saapuvaa p\u00e4\u00e4t\u00e4hte\u00e4 eli joulupukkia.<\/p>\n","protected":false},"author":1,"featured_media":11333,"comment_status":"open","ping_status":"open","sticky":false,"template":"","format":"standard","meta":{"_jetpack_memberships_contains_paid_content":false,"footnotes":""},"categories":[17,3],"tags":[25,34,264,935,155,446,661,939,940],"class_list":["post-2583","post","type-post","status-publish","format-standard","has-post-thumbnail","hentry","category-arki-kanadassa","category-arki-ulkomailla","tag-ajankohtaista","tag-arki","tag-joulu","tag-kanada","tag-kanadalainen-juttu","tag-paraati","tag-santa-claus-parade","tag-vancouver","tag-vancouver-downtown"],"jetpack_featured_media_url":"https:\/\/www.vuosiamaailmalla.fi\/blog\/wp-content\/uploads\/joulupukki_saapuu_banner-1.jpg","jetpack_sharing_enabled":true,"_links":{"self":[{"href":"https:\/\/www.vuosiamaailmalla.fi\/blog\/wp-json\/wp\/v2\/posts\/2583","targetHints":{"allow":["GET"]}}],"collection":[{"href":"https:\/\/www.vuosiamaailmalla.fi\/blog\/wp-json\/wp\/v2\/posts"}],"about":[{"href":"https:\/\/www.vuosiamaailmalla.fi\/blog\/wp-json\/wp\/v2\/types\/post"}],"author":[{"embeddable":true,"href":"https:\/\/www.vuosiamaailmalla.fi\/blog\/wp-json\/wp\/v2\/users\/1"}],"replies":[{"embeddable":true,"href":"https:\/\/www.vuosiamaailmalla.fi\/blog\/wp-json\/wp\/v2\/comments?post=2583"}],"version-history":[{"count":2,"href":"https:\/\/www.vuosiamaailmalla.fi\/blog\/wp-json\/wp\/v2\/posts\/2583\/revisions"}],"predecessor-version":[{"id":11334,"href":"https:\/\/www.vuosiamaailmalla.fi\/blog\/wp-json\/wp\/v2\/posts\/2583\/revisions\/11334"}],"wp:featuredmedia":[{"embeddable":true,"href":"https:\/\/www.vuosiamaailmalla.fi\/blog\/wp-json\/wp\/v2\/media\/11333"}],"wp:attachment":[{"href":"https:\/\/www.vuosiamaailmalla.fi\/blog\/wp-json\/wp\/v2\/media?parent=2583"}],"wp:term":[{"taxonomy":"category","embeddable":true,"href":"https:\/\/www.vuosiamaailmalla.fi\/blog\/wp-json\/wp\/v2\/categories?post=2583"},{"taxonomy":"post_tag","embeddable":true,"href":"https:\/\/www.vuosiamaailmalla.fi\/blog\/wp-json\/wp\/v2\/tags?post=2583"}],"curies":[{"name":"wp","href":"https:\/\/api.w.org\/{rel}","templated":true}]}}