{"id":2598,"date":"2013-12-05T19:18:23","date_gmt":"2013-12-06T03:18:23","guid":{"rendered":"http:\/\/13.53.127.146\/?p=2598"},"modified":"2014-01-23T20:06:58","modified_gmt":"2014-01-24T04:06:58","slug":"vaimo-australiassa","status":"publish","type":"post","link":"https:\/\/www.vuosiamaailmalla.fi\/blog\/2013\/vaimo-australiassa\/","title":{"rendered":"Vaimo Australiassa"},"content":{"rendered":"<p style=\"text-align: justify;\">Niinalla on riitt\u00e4nyt uudessa ty\u00f6paikassaan matkustamista. Ensimm\u00e4isen vuoden aikana h\u00e4n on k\u00e4ynyt kahdesti <a href=\"https:\/\/www.vuosiamaailmalla.fi\/?tag=matkakertomus-washington\">Washingtonissa<\/a> ja kaksi kertaa <a title=\"Yksin kotona\" href=\"https:\/\/www.vuosiamaailmalla.fi\/?p=2266\">Torontossa<\/a>. Nyt edess\u00e4 oli kuitenkin selv\u00e4sti pisin ty\u00f6reissu t\u00e4h\u00e4n menness\u00e4, nimitt\u00e4in kaksi viikkoa Sydneyss\u00e4. Niina l\u00e4hti pitk\u00e4lle matkalleen viime viikon perjantaina ja on ollut Australiassa nyt pian viikon ajan.<\/p>\n<p><!--more--><\/p>\n<p style=\"text-align: justify;\">Lentomatka Australiaan on aina pitk\u00e4. Vancouverin ja Sydneyn v\u00e4lill\u00e4 on <em>Air Canadalla<\/em> suora 15 tunnin lentoreitti yli Tyynen valtameren. Huomattavasti halvemmaksi ratkaisuksi osoittautui tehd\u00e4 v\u00e4lipys\u00e4hdys Hong Kongissa, mik\u00e4 lis\u00e4si matka-aikaa kuitenkin noin 10 tunnilla. T\u00e4m\u00e4 ei ollut kuitenkaan katastrofi, sill\u00e4 t\u00e4m\u00e4n mittaisia reissuja on lupa matkustaa <a title=\"Maahanmuutto bisnesluokassa\" href=\"https:\/\/www.vuosiamaailmalla.fi\/?p=230\">bisnesluokassa<\/a>. Hong Kongin kautta lennett\u00e4ess\u00e4 lentoyhti\u00f6n\u00e4 toimi my\u00f6s maailman parhaisiin kuuluva viiden t\u00e4hden <em>Cathay Pacific<\/em>. T\u00e4llaisella kyydill\u00e4 matka ei tuntunutkaan en\u00e4\u00e4 niin pahalta, vaikka yl\u00e4ilmoissa saikin viett\u00e4\u00e4 vuorokauden verran. \ud83d\ude2e<\/p>\n<p style=\"text-align: justify;\">Niina l\u00e4hti Vancouverista matkaan perjantaina kello yksi iltap\u00e4iv\u00e4ll\u00e4. 14 tunnin lento Hong Kongiin vei yli kansainv\u00e4lisen p\u00e4iv\u00e4m\u00e4\u00e4r\u00e4rajan ja h\u00e4n oli perill\u00e4 iltaseitsem\u00e4n aikaan &#8211; <em>lauantaina<\/em>. Siit\u00e4 oli viel\u00e4 reilun 9 tunnin jatkolento Sydneyhin, jossa Niina oli perill\u00e4 aamuyhdeks\u00e4n aikaan &#8211; <em>sunnuntaina<\/em>. H\u00e4nen n\u00e4k\u00f6kulmasta matkaan kuluikin melkein koko viikonloppu. Kiitos yleellisen bisnesluokan reissu ei ollut kuitenkaan mahdottoman paha rasti ja iso osa ajasta meni mukavasti leveiss\u00e4 istuimissa nukkuessa. Perill\u00e4kin jetlagista vaimoani odotti viiden t\u00e4hden hotelli koko matkan ajaksi &#8211; ei hassumpaa. \ud83d\ude09<\/p>\n<p style=\"text-align: justify;\">Yhteydenpito Australiaan on hieman hankalaa, sill\u00e4 Vancouverin ja Sydneyn v\u00e4linen <a title=\"Tunnin l\u00e4hemp\u00e4n\u00e4 Suomea\" href=\"https:\/\/www.vuosiamaailmalla.fi\/?p=194\">aikaero<\/a> on per\u00e4ti 19 tuntia. T\u00e4t\u00e4 helpompi onkin laskea t\u00e4k\u00e4l\u00e4isest\u00e4 kellosta viisi tuntia taaksep\u00e4in ja lis\u00e4t\u00e4 p\u00e4\u00e4lle p\u00e4iv\u00e4. Eli kun t\u00e4t\u00e4 nyt kirjoittaessani minulla on t\u00e4\u00e4ll\u00e4 Vancouverissa torstai-ilta, on Sydneyss\u00e4 jo perjantai-iltap\u00e4iv\u00e4 ja viikonloppu aivan hollilla.<\/p>\n<p style=\"text-align: justify;\">Laitan Niinan retkest\u00e4 <a title=\"Jouluinen Sydney\" href=\"https:\/\/www.vuosiamaailmalla.fi\/?p=2639\">kuvia<\/a> h\u00e4nen palattuaan reissusta, h\u00e4nell\u00e4 kun on mukana <a title=\"Kameralaitteisto: Nokia Lumia 1020\" href=\"https:\/\/www.vuosiamaailmalla.fi\/?p=2522\">uusi Lumiani<\/a>. Sit\u00e4 ennen olen itse verest\u00e4nyt muistojani <a title=\"H\u00e4\u00e4matka toiselle puolen maapalloa\" href=\"https:\/\/www.vuosiamaailmalla.fi\/?p=2593\">h\u00e4\u00e4matkastamme Australiaan<\/a>, josta on nyt n\u00e4ht\u00e4vill\u00e4 ensimm\u00e4inen osa kymmenill\u00e4 uusilla kuvilla varustettuna. \ud83d\ude42<\/p>\n<p style=\"text-align: justify;\">Eik\u00e4 Niinan matkustuskuukausi edes p\u00e4\u00e4ty kotiutumiseen ensi viikon perjantaina. Vain viisi p\u00e4iv\u00e4\u00e4 t\u00e4m\u00e4n j\u00e4lkeen h\u00e4n l\u00e4htee joululomalle Suomeen. H\u00e4nelle kertyykin joulukuussa lentomatkaa l\u00e4hes 60 000 kilometri\u00e4. Se on 1,5 kertaa maailman ymp\u00e4ri! \ud83d\ude2f<\/p>\n","protected":false},"excerpt":{"rendered":"<p>Niinalla on riitt\u00e4nyt uudessa ty\u00f6paikassaan matkustamista. Ensimm\u00e4isen vuoden aikana h\u00e4n on k\u00e4ynyt kahdesti Washingtonissa ja kaksi kertaa Torontossa. Nyt edess\u00e4 oli kuitenkin selv\u00e4sti pisin ty\u00f6reissu t\u00e4h\u00e4n menness\u00e4, nimitt\u00e4in kaksi viikkoa Sydneyss\u00e4. Niina l\u00e4hti pitk\u00e4lle matkalleen viime viikon perjantaina ja on ollut Australiassa nyt pian viikon ajan.<\/p>\n","protected":false},"author":1,"featured_media":0,"comment_status":"open","ping_status":"open","sticky":false,"template":"","format":"standard","meta":{"_jetpack_memberships_contains_paid_content":false,"footnotes":""},"categories":[3,538,7,13],"tags":[24,34,37,676,539,207],"class_list":["post-2598","post","type-post","status-publish","format-standard","hentry","category-arki-ulkomailla","category-australia","category-matkakertomukset","category-tyoskentely-kanadassa","tag-aikaero","tag-arki","tag-australia","tag-matkakertomus-sydney","tag-sydney","tag-tyo"],"jetpack_featured_media_url":"","jetpack_sharing_enabled":true,"_links":{"self":[{"href":"https:\/\/www.vuosiamaailmalla.fi\/blog\/wp-json\/wp\/v2\/posts\/2598","targetHints":{"allow":["GET"]}}],"collection":[{"href":"https:\/\/www.vuosiamaailmalla.fi\/blog\/wp-json\/wp\/v2\/posts"}],"about":[{"href":"https:\/\/www.vuosiamaailmalla.fi\/blog\/wp-json\/wp\/v2\/types\/post"}],"author":[{"embeddable":true,"href":"https:\/\/www.vuosiamaailmalla.fi\/blog\/wp-json\/wp\/v2\/users\/1"}],"replies":[{"embeddable":true,"href":"https:\/\/www.vuosiamaailmalla.fi\/blog\/wp-json\/wp\/v2\/comments?post=2598"}],"version-history":[{"count":0,"href":"https:\/\/www.vuosiamaailmalla.fi\/blog\/wp-json\/wp\/v2\/posts\/2598\/revisions"}],"wp:attachment":[{"href":"https:\/\/www.vuosiamaailmalla.fi\/blog\/wp-json\/wp\/v2\/media?parent=2598"}],"wp:term":[{"taxonomy":"category","embeddable":true,"href":"https:\/\/www.vuosiamaailmalla.fi\/blog\/wp-json\/wp\/v2\/categories?post=2598"},{"taxonomy":"post_tag","embeddable":true,"href":"https:\/\/www.vuosiamaailmalla.fi\/blog\/wp-json\/wp\/v2\/tags?post=2598"}],"curies":[{"name":"wp","href":"https:\/\/api.w.org\/{rel}","templated":true}]}}