{"id":2612,"date":"2012-12-08T20:19:53","date_gmt":"2012-12-09T04:19:53","guid":{"rendered":"http:\/\/13.53.127.146\/?p=2612"},"modified":"2021-12-11T23:32:49","modified_gmt":"2021-12-12T07:32:49","slug":"vancouverin-jouluvalot","status":"publish","type":"post","link":"https:\/\/www.vuosiamaailmalla.fi\/blog\/2012\/vancouverin-jouluvalot\/","title":{"rendered":"Vancouverin jouluvalot"},"content":{"rendered":"<p style=\"text-align: justify;\">Kaupungit valot ovat asia josta on laulettu lauluissa jo vuosikymmeni\u00e4. Kaupungit her\u00e4\u00e4v\u00e4tkin ihan uudella tavalla eloon pime\u00e4n laskeuduttua ja tuhansien valojen sytytty\u00e4. Erityisen kaunista kaupungilla on sateen j\u00e4lkeen, kun kaikki n\u00e4m\u00e4 valot heijastuvat m\u00e4r\u00e4st\u00e4 asvaltista, v\u00e4rj\u00e4ten my\u00f6s harmauden v\u00e4reill\u00e4\u00e4n. Ja kun t\u00e4h\u00e4n liitet\u00e4\u00e4n viel\u00e4 joulu ja sen tuomat erilaiset v\u00e4rivalot, on koossa jotain mit\u00e4 on pakko l\u00e4hte\u00e4 kaupungille katsomaan.<\/p>\n<p><!--more--><\/p>\n<p style=\"text-align: center;\"><a href=\"\/blog\/wp-content\/uploads\/2012\/vancouverin_jouluvaloja1.jpg\"><img decoding=\"async\" style=\"border: 0px none; margin: 5px;\" src=\"\/blog\/wp-content\/uploads\/2012\/thumbs\/thumbs_vancouverin_jouluvaloja1.jpg\" alt=\"\" \/><\/a><\/p>\n<p style=\"text-align: center;\"><em>Kaupungin korkein &#8221;joulukuusi&#8221;<\/em><\/p>\n<p style=\"text-align: center;\"><a href=\"\/blog\/wp-content\/uploads\/2012\/vancouverin_jouluvaloja2.jpg\"><img decoding=\"async\" style=\"border: 0px none; margin: 5px;\" src=\"\/blog\/wp-content\/uploads\/2012\/vancouverin_jouluvaloja2.jpg\" alt=\"\" \/><\/a><\/p>\n<p style=\"text-align: center;\"><em>Vancouverin virallinen joulukuusi<\/em><\/p>\n<p style=\"text-align: center;\"><a href=\"\/blog\/wp-content\/uploads\/2012\/vancouverin_jouluvaloja3.jpg\"><img decoding=\"async\" style=\"border: 0px none; margin: 5px;\" src=\"\/blog\/wp-content\/uploads\/2012\/thumbs\/thumbs_vancouverin_jouluvaloja3.jpg\" alt=\"\" \/><\/a><a href=\"\/blog\/wp-content\/uploads\/2012\/vancouverin_jouluvaloja4.jpg\"><img decoding=\"async\" style=\"border: 0px none; margin: 5px;\" src=\"\/blog\/wp-content\/uploads\/2012\/thumbs\/thumbs_vancouverin_jouluvaloja4.jpg\" alt=\"\" \/><\/a><\/p>\n<p style=\"text-align: center;\"><em>Joulua West Endin aluella<\/em><\/p>\n<p style=\"text-align: justify;\">Yksi paikka nauttia kauniista pime\u00e4n tunnelmasta ovat tietenkin <a title=\"Vancouverin joulumarkkinat\" href=\"https:\/\/www.vuosiamaailmalla.fi\/blog\/2012\/vancouverin-joulumarkkinat\/\">Vancouverin joulumarkkinat<\/a>, mutta ihan vain kaupungillakin kulkiessa voi tunnelmoida <a title=\"Stanley Parkin kirkkaat jouluillat\" href=\"https:\/\/www.vuosiamaailmalla.fi\/blog\/2015\/stanley-parkin-kirkkaat-jouluillat\/\">jouluisista maisemista<\/a>. K\u00e4vimme Niinan kanssa t\u00e4ss\u00e4 t\u00e4n\u00e4 ja viime viikonloppuna k\u00e4velem\u00e4ss\u00e4 ilta-aikaan kameran kanssa ja ikuistimme paikallista jouluista v\u00e4riloistoa. Alla onkin pieni kuvakavalkaadi Vancouverin keskusta-alueen jouluvaloista.<\/p>\n<p style=\"text-align: center;\"><a href=\"\/blog\/wp-content\/uploads\/2012\/one_wall_centre_jouluvalot2.jpg\"><img decoding=\"async\" style=\"border: 0px none; margin: 5px;\" src=\"\/blog\/wp-content\/uploads\/2012\/thumbs\/thumbs_one_wall_centre_jouluvalot2.jpg\" alt=\"\" \/><\/a><a href=\"\/blog\/wp-content\/uploads\/2012\/one_wall_centre_jouluvalot3.jpg\"><img decoding=\"async\" style=\"border: 0px none; margin: 5px;\" src=\"\/blog\/wp-content\/uploads\/2012\/thumbs\/thumbs_one_wall_centre_jouluvalot3.jpg\" alt=\"\" \/><\/a><br \/>\n<a href=\"\/blog\/wp-content\/uploads\/2012\/one_wall_centre_jouluvalot4.jpg\"><img decoding=\"async\" style=\"border: 0px none; margin: 5px;\" src=\"\/blog\/wp-content\/uploads\/2012\/thumbs\/thumbs_one_wall_centre_jouluvalot4.jpg\" alt=\"\" \/><\/a><a href=\"\/blog\/wp-content\/uploads\/2012\/one_wall_centre_jouluvalot1.jpg\"><img decoding=\"async\" style=\"border: 0px none; margin: 5px;\" src=\"\/blog\/wp-content\/uploads\/2012\/thumbs\/thumbs_one_wall_centre_jouluvalot1.jpg\" alt=\"\" \/><\/a><\/p>\n<p style=\"text-align: center;\"><em>Jouluvaloja hotellin pihalla<\/em><\/p>\n<p style=\"text-align: center;\"><a href=\"\/blog\/wp-content\/uploads\/2012\/robson_square_jouluvalot1.jpg\"><img decoding=\"async\" style=\"border: 0px none; margin: 5px;\" src=\"\/blog\/wp-content\/uploads\/2012\/thumbs\/thumbs_robson_square_jouluvalot1.jpg\" alt=\"\" \/><\/a><a href=\"\/blog\/wp-content\/uploads\/2012\/robson_square_jouluvalot2.jpg\"><img decoding=\"async\" style=\"border: 0px none; margin: 5px;\" src=\"\/blog\/wp-content\/uploads\/2012\/thumbs\/thumbs_robson_square_jouluvalot2.jpg\" alt=\"\" \/><\/a><br \/>\n<a href=\"\/blog\/wp-content\/uploads\/2012\/robson_square_jouluvalot3.jpg\"><img decoding=\"async\" style=\"border: 0px none; margin: 5px;\" src=\"\/blog\/wp-content\/uploads\/2012\/thumbs\/thumbs_robson_square_jouluvalot3.jpg\" alt=\"\" \/><\/a><a href=\"\/blog\/wp-content\/uploads\/2012\/robson_square_jouluvalot4.jpg\"><img decoding=\"async\" style=\"border: 0px none; margin: 5px;\" src=\"\/blog\/wp-content\/uploads\/2012\/thumbs\/thumbs_robson_square_jouluvalot4.jpg\" alt=\"\" \/><\/a><\/p>\n<p style=\"text-align: center;\"><em>Robson Squaren valoloistoa<\/em><\/p>\n<p style=\"text-align: center;\"><a href=\"\/blog\/wp-content\/uploads\/2012\/st_pauls_jouluvalot1.jpg\"><img decoding=\"async\" style=\"border: 0px none; margin: 5px;\" src=\"\/blog\/wp-content\/uploads\/2012\/thumbs\/thumbs_st_pauls_jouluvalot1.jpg\" alt=\"\" \/><\/a><a href=\"\/blog\/wp-content\/uploads\/2012\/st_pauls_jouluvalot3.jpg\"><img decoding=\"async\" style=\"border: 0px none; margin: 5px;\" src=\"\/blog\/wp-content\/uploads\/2012\/thumbs\/thumbs_st_pauls_jouluvalot3.jpg\" alt=\"\" \/><\/a><br \/>\n<a href=\"\/blog\/wp-content\/uploads\/2012\/st_pauls_jouluvalot4.jpg\"><img decoding=\"async\" style=\"border: 0px none; margin: 5px;\" src=\"\/blog\/wp-content\/uploads\/2012\/thumbs\/thumbs_st_pauls_jouluvalot4.jpg\" alt=\"\" \/><\/a><a href=\"\/blog\/wp-content\/uploads\/2012\/st_pauls_jouluvalot2.jpg\"><img decoding=\"async\" style=\"border: 0px none; margin: 5px;\" src=\"\/blog\/wp-content\/uploads\/2012\/thumbs\/thumbs_st_pauls_jouluvalot2.jpg\" alt=\"\" \/><\/a><\/p>\n<p style=\"text-align: center;\"><em>Jouluinen k\u00e4yt\u00e4v\u00e4 St. Paulsin sairaalaan<\/em><\/p>\n","protected":false},"excerpt":{"rendered":"<p>Kaupungit valot ovat asia josta on laulettu lauluissa jo vuosikymmeni\u00e4. Kaupungit her\u00e4\u00e4v\u00e4tkin ihan uudella tavalla eloon pime\u00e4n laskeuduttua ja tuhansien valojen sytytty\u00e4. Erityisen kaunista kaupungilla on sateen j\u00e4lkeen, kun kaikki n\u00e4m\u00e4 valot heijastuvat m\u00e4r\u00e4st\u00e4 asvaltista, v\u00e4rj\u00e4ten my\u00f6s harmauden v\u00e4reill\u00e4\u00e4n. Ja kun t\u00e4h\u00e4n liitet\u00e4\u00e4n viel\u00e4 joulu ja sen tuomat erilaiset v\u00e4rivalot, on koossa jotain mit\u00e4 on &hellip; <a href=\"https:\/\/www.vuosiamaailmalla.fi\/blog\/2012\/vancouverin-jouluvalot\/\" class=\"more-link\">Jatka lukemista<span class=\"screen-reader-text\"> &#8221;Vancouverin jouluvalot&#8221;<\/span><\/a><\/p>\n","protected":false},"author":1,"featured_media":12554,"comment_status":"open","ping_status":"open","sticky":false,"template":"","format":"standard","meta":{"_jetpack_memberships_contains_paid_content":false,"footnotes":""},"categories":[17,3],"tags":[25,34,264,1290,935,939,211,940,238],"class_list":["post-2612","post","type-post","status-publish","format-standard","has-post-thumbnail","hentry","category-arki-kanadassa","category-arki-ulkomailla","tag-ajankohtaista","tag-arki","tag-joulu","tag-jouluvalot","tag-kanada","tag-vancouver","tag-vancouver-coal-harbour","tag-vancouver-downtown","tag-vancouver-west-end"],"jetpack_featured_media_url":"https:\/\/www.vuosiamaailmalla.fi\/blog\/wp-content\/uploads\/st_pauls_jouluvalot_banner-1.jpg","jetpack_sharing_enabled":true,"_links":{"self":[{"href":"https:\/\/www.vuosiamaailmalla.fi\/blog\/wp-json\/wp\/v2\/posts\/2612","targetHints":{"allow":["GET"]}}],"collection":[{"href":"https:\/\/www.vuosiamaailmalla.fi\/blog\/wp-json\/wp\/v2\/posts"}],"about":[{"href":"https:\/\/www.vuosiamaailmalla.fi\/blog\/wp-json\/wp\/v2\/types\/post"}],"author":[{"embeddable":true,"href":"https:\/\/www.vuosiamaailmalla.fi\/blog\/wp-json\/wp\/v2\/users\/1"}],"replies":[{"embeddable":true,"href":"https:\/\/www.vuosiamaailmalla.fi\/blog\/wp-json\/wp\/v2\/comments?post=2612"}],"version-history":[{"count":3,"href":"https:\/\/www.vuosiamaailmalla.fi\/blog\/wp-json\/wp\/v2\/posts\/2612\/revisions"}],"predecessor-version":[{"id":12555,"href":"https:\/\/www.vuosiamaailmalla.fi\/blog\/wp-json\/wp\/v2\/posts\/2612\/revisions\/12555"}],"wp:featuredmedia":[{"embeddable":true,"href":"https:\/\/www.vuosiamaailmalla.fi\/blog\/wp-json\/wp\/v2\/media\/12554"}],"wp:attachment":[{"href":"https:\/\/www.vuosiamaailmalla.fi\/blog\/wp-json\/wp\/v2\/media?parent=2612"}],"wp:term":[{"taxonomy":"category","embeddable":true,"href":"https:\/\/www.vuosiamaailmalla.fi\/blog\/wp-json\/wp\/v2\/categories?post=2612"},{"taxonomy":"post_tag","embeddable":true,"href":"https:\/\/www.vuosiamaailmalla.fi\/blog\/wp-json\/wp\/v2\/tags?post=2612"}],"curies":[{"name":"wp","href":"https:\/\/api.w.org\/{rel}","templated":true}]}}