{"id":2622,"date":"2013-12-18T19:48:34","date_gmt":"2013-12-19T03:48:34","guid":{"rendered":"http:\/\/13.53.127.146\/?p=2622"},"modified":"2016-04-09T12:25:03","modified_gmt":"2016-04-09T19:25:03","slug":"joulu-amerikassa","status":"publish","type":"post","link":"https:\/\/www.vuosiamaailmalla.fi\/blog\/2013\/joulu-amerikassa\/","title":{"rendered":"Joulu Amerikassa"},"content":{"rendered":"<p style=\"text-align: justify;\">T\u00e4n\u00e4\u00e4n oli sitten t\u00e4m\u00e4n vuoden viimeinen ty\u00f6p\u00e4iv\u00e4 ja edess\u00e4 on 18 p\u00e4iv\u00e4n mittainen joululoma! \ud83d\ude2e T\u00e4m\u00e4 joulu on kuitenkin hieman poikkeuksellinen, sill\u00e4 Niinan suunnatessa Suomeen perinteiseen joulun viettoon, l\u00e4hden itse aivan erilaiselle joulumatkalle. Kuten olen <a title=\"Seitsem\u00e4n vuotta maailmalla\" href=\"https:\/\/www.vuosiamaailmalla.fi\/?p=2297\">aiemmin maininnut<\/a>, pikkuveljeni on viett\u00e4nyt t\u00e4m\u00e4n syksyn Yhdysvaltojen puolella Michiganin osavaltiossa vaihto-opiskelemassa. H\u00e4nen lukukautensa p\u00e4\u00e4ttyi t\u00e4ll\u00e4 viikolla ja niinp\u00e4 meille syntyi jo kes\u00e4ll\u00e4 ajatus, ett\u00e4 mit\u00e4p\u00e4 jos min\u00e4 matkaisinkin h\u00e4nen luokseen ja tekisimme yhdess\u00e4 matkan ja mit\u00e4p\u00e4 sen v\u00e4hemp\u00e4\u00e4 kuin <a href=\"https:\/\/www.vuosiamaailmalla.fi\/?tag=matkakertomus-joulu-amerikassa\">halki Amerikan<\/a>!<\/p>\n<p><!--more--><\/p>\n<p style=\"text-align: justify;\">Lenn\u00e4nkin huomenna veljeni luokse Michiganiin, <a title=\"Amerikansuomalaisuuden juurilla Houghtonissa\" href=\"https:\/\/www.vuosiamaailmalla.fi\/?p=7457\">pieneen Houghtonin kaupunkiin<\/a> l\u00e4hell\u00e4 Kanadan rajaa. Sielt\u00e4 l\u00e4hdemme matkaamaan hiljalleen <a title=\"Lumenvalkea Milwaukee\" href=\"https:\/\/www.vuosiamaailmalla.fi\/?p=7476\">kohti etel\u00e4\u00e4<\/a> ja Meksikonlahtea. Jouluaaton viet\u00e4mme <a title=\"Jouluaatto Chicagossa\" href=\"https:\/\/www.vuosiamaailmalla.fi\/?p=7487\">Chicagossa<\/a> ja vuosi vaihtuu Texasin taivaan alla <a title=\"Mahtava Dallas\" href=\"https:\/\/www.vuosiamaailmalla.fi\/?p=8124\">Dallasissa<\/a>. V\u00e4lille mahtuu kuitenkin <a title=\"Kuuluisan kaaren St. Louis\" href=\"https:\/\/www.vuosiamaailmalla.fi\/?p=7808\">monta<\/a> Amerikan Keskil\u00e4nnen <a title=\"Oklahoman preerialla\" href=\"https:\/\/www.vuosiamaailmalla.fi\/?p=7963\">kaupunkia<\/a> ennen saapumistamme tammikuussa Louisianan l\u00e4mp\u00f6\u00f6n New Orleansiin. Sielt\u00e4 min\u00e4 sitten lenn\u00e4n takaisin kotiin tammikuun viidenten\u00e4 ja veljeni palaa takaisin Suomeen.<\/p>\n<p style=\"text-align: justify;\">Tiedossa on varmasti kiintoisan erilainen joulu matkassa Amerikan syd\u00e4nmailla. Ja kuten kaikista reissuistamme, tulen t\u00e4st\u00e4kin reissusta kirjoittamaan <a href=\"https:\/\/www.vuosiamaailmalla.fi\/?tag=matkakertomus-joulu-amerikassa\">t\u00e4nne blogiin<\/a> my\u00f6hemp\u00e4n\u00e4 ajankohtana. Laittelen kuitenkin kuulumisia jo sit\u00e4 aiemmin tien p\u00e4\u00e4lt\u00e4. Hyv\u00e4\u00e4 joulun odotusta kaikille lukijoille! \ud83d\ude42<\/p>\n","protected":false},"excerpt":{"rendered":"<p>T\u00e4n\u00e4\u00e4n oli sitten t\u00e4m\u00e4n vuoden viimeinen ty\u00f6p\u00e4iv\u00e4 ja edess\u00e4 on 18 p\u00e4iv\u00e4n mittainen joululoma! \ud83d\ude2e T\u00e4m\u00e4 joulu on kuitenkin hieman poikkeuksellinen, sill\u00e4 Niinan suunnatessa Suomeen perinteiseen joulun viettoon, l\u00e4hden itse aivan erilaiselle joulumatkalle. Kuten olen aiemmin maininnut, pikkuveljeni on viett\u00e4nyt t\u00e4m\u00e4n syksyn Yhdysvaltojen puolella Michiganin osavaltiossa vaihto-opiskelemassa. H\u00e4nen lukukautensa p\u00e4\u00e4ttyi t\u00e4ll\u00e4 viikolla ja niinp\u00e4 meille &hellip; <a href=\"https:\/\/www.vuosiamaailmalla.fi\/blog\/2013\/joulu-amerikassa\/\" class=\"more-link\">Jatka lukemista<span class=\"screen-reader-text\"> &#8221;Joulu Amerikassa&#8221;<\/span><\/a><\/p>\n","protected":false},"author":1,"featured_media":0,"comment_status":"open","ping_status":"open","sticky":false,"template":"","format":"standard","meta":{"_jetpack_memberships_contains_paid_content":false,"footnotes":""},"categories":[7,890],"tags":[264,678,11],"class_list":["post-2622","post","type-post","status-publish","format-standard","hentry","category-matkakertomukset","category-yhdysvallat","tag-joulu","tag-matkakertomus-joulu-amerikassa","tag-matkakertomukset-yhdysvallat"],"jetpack_featured_media_url":"","jetpack_sharing_enabled":true,"_links":{"self":[{"href":"https:\/\/www.vuosiamaailmalla.fi\/blog\/wp-json\/wp\/v2\/posts\/2622","targetHints":{"allow":["GET"]}}],"collection":[{"href":"https:\/\/www.vuosiamaailmalla.fi\/blog\/wp-json\/wp\/v2\/posts"}],"about":[{"href":"https:\/\/www.vuosiamaailmalla.fi\/blog\/wp-json\/wp\/v2\/types\/post"}],"author":[{"embeddable":true,"href":"https:\/\/www.vuosiamaailmalla.fi\/blog\/wp-json\/wp\/v2\/users\/1"}],"replies":[{"embeddable":true,"href":"https:\/\/www.vuosiamaailmalla.fi\/blog\/wp-json\/wp\/v2\/comments?post=2622"}],"version-history":[{"count":0,"href":"https:\/\/www.vuosiamaailmalla.fi\/blog\/wp-json\/wp\/v2\/posts\/2622\/revisions"}],"wp:attachment":[{"href":"https:\/\/www.vuosiamaailmalla.fi\/blog\/wp-json\/wp\/v2\/media?parent=2622"}],"wp:term":[{"taxonomy":"category","embeddable":true,"href":"https:\/\/www.vuosiamaailmalla.fi\/blog\/wp-json\/wp\/v2\/categories?post=2622"},{"taxonomy":"post_tag","embeddable":true,"href":"https:\/\/www.vuosiamaailmalla.fi\/blog\/wp-json\/wp\/v2\/tags?post=2622"}],"curies":[{"name":"wp","href":"https:\/\/api.w.org\/{rel}","templated":true}]}}