{"id":2626,"date":"2013-12-23T18:52:40","date_gmt":"2013-12-24T02:52:40","guid":{"rendered":"http:\/\/13.53.127.146\/?p=2626"},"modified":"2016-01-28T18:54:03","modified_gmt":"2016-01-29T02:54:03","slug":"jaatavaa-joulua-chicagosta","status":"publish","type":"post","link":"https:\/\/www.vuosiamaailmalla.fi\/blog\/2013\/jaatavaa-joulua-chicagosta\/","title":{"rendered":"J\u00e4\u00e4t\u00e4v\u00e4\u00e4 joulua Chicagosta!"},"content":{"rendered":"<p style=\"text-align: justify;\">Huomenna on joulukuun 24. p\u00e4iv\u00e4 ja joulu on j\u00e4lleen t\u00e4\u00e4ll\u00e4. <a title=\"Hyyt\u00e4v\u00e4\u00e4 joulua\" href=\"https:\/\/www.vuosiamaailmalla.fi\/?p=1560\">Viime vuonna<\/a> joulumme meni Suomessa perinteisiss\u00e4 merkeiss\u00e4, mutta t\u00e4n\u00e4 vuonna olen\u00a0<a title=\"Joulu Amerikassa\" href=\"https:\/\/www.vuosiamaailmalla.fi\/?p=2622\">matkalla poikki Amerikan<\/a> veljeni kanssa. Saavuimme eilen sunnuntaina <a title=\"Lumenvalkea Milwaukee\" href=\"https:\/\/www.vuosiamaailmalla.fi\/?p=7476\">lumisesta Milwaukeesta<\/a> t\u00e4nne hyyt\u00e4v\u00e4n kylm\u00e4\u00e4n Chicagoon, jossa t\u00e4t\u00e4 viesti\u00e4ni nyt kirjoitan. Chicagossa ei ole lunta maassa, vaikka joulup\u00e4iv\u00e4n\u00e4 sit\u00e4 saattaa t\u00e4nnekin hieman tupruttaa. Milwaukeessa lunta tuli kuitenkin aivan myr\u00e4kk\u00e4n\u00e4 ja siell\u00e4 joulu on siis takuuvarmasti valkoinen.<\/p>\n<p><!--more--><\/p>\n<p style=\"text-align: justify;\">Mutta kylm\u00e4\u00e4 Chicagossa on, todella kylm\u00e4\u00e4. <a title=\"Jouluaatto Chicagossa\" href=\"https:\/\/www.vuosiamaailmalla.fi\/?p=7487\">T\u00e4n\u00e4\u00e4n aatonaattona<\/a> oli kaunis pakkasp\u00e4iv\u00e4 ja elohopea pysytteli koko p\u00e4iv\u00e4n -14 Celsius-asteen paikkeilla. Viiman kanssa pakkasen purevuus oli noin -25 astetta, mik\u00e4 selitt\u00e4\u00e4 miksi n\u00e4pit olivat aivan j\u00e4\u00e4ss\u00e4 p\u00e4iv\u00e4n valokuvausreissun j\u00e4ljilt\u00e4. J\u00e4\u00e4t\u00e4v\u00e4 keli ei edes helpota huomenna jouluaattona ja niinp\u00e4 t\u00e4m\u00e4 joulu meneekin varmasti pitk\u00e4lti sis\u00e4tilan l\u00e4mpim\u00e4ss\u00e4 k\u00e4pristelless\u00e4.<\/p>\n<p style=\"text-align: justify;\">Kylmist\u00e4 tunnelmista huolimatta <a href=\"https:\/\/www.vuosiamaailmalla.fi\/?tag=matkakertomus-joulu-amerikassa\">matkamme<\/a> on ollut t\u00e4h\u00e4n saakka onnistunut ja kiintoisia maisemia on riitt\u00e4nyt. T\u00e4\u00e4lt\u00e4 Chicagosta jatkamme joulup\u00e4iv\u00e4n\u00e4 kohti etel\u00e4\u00e4 ja <a title=\"Kuuluisan kaaren St. Louis\" href=\"https:\/\/www.vuosiamaailmalla.fi\/?p=7808\">St. Louisia<\/a> Missourin puolella. Ehk\u00e4p\u00e4 siell\u00e4 alkaa hiljalleen l\u00f6ytym\u00e4\u00e4n sit\u00e4 l\u00e4mp\u00f6\u00e4kin&#8230;<\/p>\n<p style=\"text-align: justify;\">Toivotankin blogini lukijoille oikein <span style=\"color: #ff0000;\"><strong>mukavaa ja rauhallista joulua<\/strong><\/span>, miss\u00e4 ikin\u00e4 sit\u00e4 viet\u00e4ttekin! \ud83d\ude1b<\/p>\n","protected":false},"excerpt":{"rendered":"<p>Huomenna on joulukuun 24. p\u00e4iv\u00e4 ja joulu on j\u00e4lleen t\u00e4\u00e4ll\u00e4. Viime vuonna joulumme meni Suomessa perinteisiss\u00e4 merkeiss\u00e4, mutta t\u00e4n\u00e4 vuonna olen\u00a0matkalla poikki Amerikan veljeni kanssa. Saavuimme eilen sunnuntaina lumisesta Milwaukeesta t\u00e4nne hyyt\u00e4v\u00e4n kylm\u00e4\u00e4n Chicagoon, jossa t\u00e4t\u00e4 viesti\u00e4ni nyt kirjoitan. Chicagossa ei ole lunta maassa, vaikka joulup\u00e4iv\u00e4n\u00e4 sit\u00e4 saattaa t\u00e4nnekin hieman tupruttaa. Milwaukeessa lunta tuli kuitenkin &hellip; <a href=\"https:\/\/www.vuosiamaailmalla.fi\/blog\/2013\/jaatavaa-joulua-chicagosta\/\" class=\"more-link\">Jatka lukemista<span class=\"screen-reader-text\"> &#8221;J\u00e4\u00e4t\u00e4v\u00e4\u00e4 joulua Chicagosta!&#8221;<\/span><\/a><\/p>\n","protected":false},"author":1,"featured_media":0,"comment_status":"open","ping_status":"open","sticky":false,"template":"","format":"standard","meta":{"_jetpack_memberships_contains_paid_content":false,"footnotes":""},"categories":[7,12,890],"tags":[25,83,264,678,11],"class_list":["post-2626","post","type-post","status-publish","format-standard","hentry","category-matkakertomukset","category-matkalla-kerrottua","category-yhdysvallat","tag-ajankohtaista","tag-chicago","tag-joulu","tag-matkakertomus-joulu-amerikassa","tag-matkakertomukset-yhdysvallat"],"jetpack_featured_media_url":"","jetpack_sharing_enabled":true,"_links":{"self":[{"href":"https:\/\/www.vuosiamaailmalla.fi\/blog\/wp-json\/wp\/v2\/posts\/2626","targetHints":{"allow":["GET"]}}],"collection":[{"href":"https:\/\/www.vuosiamaailmalla.fi\/blog\/wp-json\/wp\/v2\/posts"}],"about":[{"href":"https:\/\/www.vuosiamaailmalla.fi\/blog\/wp-json\/wp\/v2\/types\/post"}],"author":[{"embeddable":true,"href":"https:\/\/www.vuosiamaailmalla.fi\/blog\/wp-json\/wp\/v2\/users\/1"}],"replies":[{"embeddable":true,"href":"https:\/\/www.vuosiamaailmalla.fi\/blog\/wp-json\/wp\/v2\/comments?post=2626"}],"version-history":[{"count":0,"href":"https:\/\/www.vuosiamaailmalla.fi\/blog\/wp-json\/wp\/v2\/posts\/2626\/revisions"}],"wp:attachment":[{"href":"https:\/\/www.vuosiamaailmalla.fi\/blog\/wp-json\/wp\/v2\/media?parent=2626"}],"wp:term":[{"taxonomy":"category","embeddable":true,"href":"https:\/\/www.vuosiamaailmalla.fi\/blog\/wp-json\/wp\/v2\/categories?post=2626"},{"taxonomy":"post_tag","embeddable":true,"href":"https:\/\/www.vuosiamaailmalla.fi\/blog\/wp-json\/wp\/v2\/tags?post=2626"}],"curies":[{"name":"wp","href":"https:\/\/api.w.org\/{rel}","templated":true}]}}