{"id":2639,"date":"2014-01-23T20:01:36","date_gmt":"2014-01-24T04:01:36","guid":{"rendered":"http:\/\/13.53.127.146\/?p=2639"},"modified":"2023-05-06T14:28:33","modified_gmt":"2023-05-06T21:28:33","slug":"jouluinen-sydney","status":"publish","type":"post","link":"https:\/\/www.vuosiamaailmalla.fi\/blog\/2014\/jouluinen-sydney\/","title":{"rendered":"Jouluinen Sydney"},"content":{"rendered":"<p style=\"text-align: justify;\"><a title=\"J\u00e4\u00e4t\u00e4v\u00e4\u00e4 joulua Chicagosta!\" href=\"https:\/\/www.vuosiamaailmalla.fi\/?p=2626\">Joulu<\/a> on jo kaukainen muisto, mutta ehdin vasta nyt laittamaan muutamia kuvia Niinan joulukuun alussa tekem\u00e4st\u00e4 kahden viikon ty\u00f6matkasta Australiaan. Kuten jo tuolloin <a title=\"Vaimo Australiassa\" href=\"https:\/\/www.vuosiamaailmalla.fi\/?p=2598\">kerroin<\/a>, matka Vancouverista Sydneyhin oli pitk\u00e4 Hong Kongin kautta kierrett\u00e4ess\u00e4 ja matkaan kului vuorokausi suuntaansa lentokoneessa. Onneksi kaikki lennot olivat bisnesluokassa ja viel\u00e4p\u00e4 maailman parhaisiin lentoyhti\u00f6ihin lukeutuvan <em>Cathay Pacificin<\/em> siivill\u00e4. Niinan mukaan lentomatka tuntuikin huomattavasti lyhyemm\u00e4lt\u00e4 kuin se oikeasti oli ja h\u00e4n saapuikin perille hyvin lev\u00e4nneen\u00e4.<\/p>\n<p><!--more--><\/p>\n<p style=\"text-align: center;\"><a href=\"\/blog\/wp-content\/uploads\/2013\/layover_hong_kongissa.jpg\"><img decoding=\"async\" style=\"border: 0px none; margin: 5px;\" src=\"\/blog\/wp-content\/uploads\/2013\/layover_hong_kongissa.jpg\" alt=\"\" \/><\/a><\/p>\n<p style=\"text-align: center;\"><em>Hong Kongissa lentoa vaihtamassa<\/em><\/p>\n<p style=\"text-align: justify;\">Perill\u00e4 Sydneyss\u00e4 oli vastassa hieman erilainen talvikeli. Maapallon toisella puolella nimitt\u00e4in vietet\u00e4\u00e4n loppuvuodesta keskikes\u00e4\u00e4 ja niinp\u00e4 aurinkoa ja l\u00e4mp\u00f6\u00e4 olikin riitt\u00e4miin. L\u00e4mp\u00f6tilat olivat koko kaksi viikkoa +25 asteen hujakoilla. 8)<\/p>\n<p style=\"text-align: center;\"><a href=\"\/blog\/wp-content\/uploads\/2013\/joulukuu_sydneyssa1.jpg\"><img decoding=\"async\" style=\"border: 0px none; margin: 5px;\" src=\"\/blog\/wp-content\/uploads\/2013\/thumbs\/thumbs_joulukuu_sydneyssa1.jpg\" alt=\"\" \/><\/a><a href=\"\/blog\/wp-content\/uploads\/2013\/jouluinen_sydney1.jpg\"><img decoding=\"async\" style=\"border: 0px none; margin: 5px;\" src=\"\/blog\/wp-content\/uploads\/2013\/thumbs\/thumbs_jouluinen_sydney1.jpg\" alt=\"\" \/><\/a><a href=\"\/blog\/wp-content\/uploads\/2013\/darling_harbour1.jpg\"><img decoding=\"async\" style=\"border: 0px none; margin: 5px;\" src=\"\/blog\/wp-content\/uploads\/2013\/thumbs\/thumbs_darling_harbour1.jpg\" alt=\"\" \/><\/a><\/p>\n<p style=\"text-align: center;\"><em>Kaunis kes\u00e4p\u00e4iv\u00e4 Sydneyss\u00e4<\/em><\/p>\n<p style=\"text-align: center;\"><a href=\"\/blog\/wp-content\/uploads\/2013\/sunnuntaikonsertti.jpg\"><img decoding=\"async\" style=\"border: 0px none; margin: 5px;\" src=\"\/blog\/wp-content\/uploads\/2013\/thumbs\/thumbs_sunnuntaikonsertti.jpg\" alt=\"\" \/><\/a><a href=\"\/blog\/wp-content\/uploads\/2013\/jouluinen_sydney2.jpg\"><img decoding=\"async\" style=\"border: 0px none; margin: 5px;\" src=\"\/blog\/wp-content\/uploads\/2013\/thumbs\/thumbs_jouluinen_sydney2.jpg\" alt=\"\" \/><\/a><a href=\"\/blog\/wp-content\/uploads\/2013\/joulukuu_sydneyssa2.jpg\"><img decoding=\"async\" style=\"border: 0px none; margin: 5px;\" src=\"\/blog\/wp-content\/uploads\/2013\/thumbs\/thumbs_joulukuu_sydneyssa2.jpg\" alt=\"\" \/><\/a><\/p>\n<p style=\"text-align: center;\"><em>Ihmisi\u00e4 ilta-aikaan kaupungilla<\/em><\/p>\n<p style=\"text-align: justify;\">Koska kyse oli ty\u00f6reissusta, ei keleist\u00e4 kuitenkaan kerennyt nauttia p\u00e4ivisin jolloin aika kului toimistolla ty\u00f6asioiden parissa painiskellessa. Onneksi sent\u00e4\u00e4n Sydneyn toimistomme sijaitsee kauniilla paikalla 13. kerroksessa ja sielt\u00e4 aukeaa n\u00e4tti maisema Darling Harbourin suuntaan. Maisema tulee kuitenkin valitettavasti pian estym\u00e4\u00e4n naapuritontilla jo nousevan j\u00e4ttim\u00e4isen rakennusprojektin my\u00f6t\u00e4. N\u00e4ytt\u00e4v\u00e4 oli my\u00f6s hotellihuoneen 18. kerroksesta aukeava maisema. Vieress\u00e4 kun kohosi muun muassa Australian korkein rakennelma, 309-metrinen <em>Sydney Tower<\/em>.<\/p>\n<p style=\"text-align: center;\"><a href=\"\/blog\/wp-content\/uploads\/2013\/suurtyomaa.jpg\"><img decoding=\"async\" style=\"border: 0px none; margin: 5px;\" src=\"\/blog\/wp-content\/uploads\/2013\/suurtyomaa.jpg\" alt=\"\" \/><\/a><\/p>\n<p style=\"text-align: center;\"><em>Toimiston maisema<\/em><\/p>\n<p style=\"text-align: center;\"><a href=\"\/blog\/wp-content\/uploads\/2013\/hotellin_maisema1.jpg\"><img decoding=\"async\" style=\"border: 0px none; margin: 5px;\" src=\"\/blog\/wp-content\/uploads\/2013\/thumbs\/thumbs_hotellin_maisema1.jpg\" alt=\"\" \/><\/a><a href=\"\/blog\/wp-content\/uploads\/2013\/hotellin_maisema2.jpg\"><img decoding=\"async\" style=\"border: 0px none; margin: 5px;\" src=\"\/blog\/wp-content\/uploads\/2013\/thumbs\/thumbs_hotellin_maisema2.jpg\" alt=\"\" \/><\/a><\/p>\n<p style=\"text-align: center;\"><em>Hotellihuone Sydney Towerin juurella<\/em><\/p>\n<p style=\"text-align: justify;\">Niinalla olikin aikaa katsella Sydneyn maisemia l\u00e4hinn\u00e4 iltaisin. Onneksi sent\u00e4\u00e4n kes\u00e4n vuoksi pime\u00e4 laskeutui vasta iltamy\u00f6h\u00e4ll\u00e4. Niina kierteli kahden viikon aikana l\u00e4hinn\u00e4 jo <a title=\"H\u00e4\u00e4matka toiselle puolen maapalloa\" href=\"https:\/\/www.vuosiamaailmalla.fi\/?p=2593\">h\u00e4\u00e4matkaltamme<\/a> tutuilla Darling Harbourin sek\u00e4 Circular Quayn alueilla. Kaikkialla oli koristeltu l\u00e4hestyv\u00e4\u00e4 joulua varten, mutta joulun tunnelmaa oli kuulemma kuitenkin vaikea tavoittaa keskell\u00e4 l\u00e4mmint\u00e4 kes\u00e4\u00e4. Veikkaan, ett\u00e4 kyseess\u00e4 on asia johon ei pohjoiselta pallonpuoliskolta oleva tottuisi koskaan. \ud83d\ude44<\/p>\n<p style=\"text-align: center;\"><a href=\"\/blog\/wp-content\/uploads\/2013\/jouluinen_sydney3.jpg\"><img decoding=\"async\" style=\"border: 0px none; margin: 5px;\" src=\"\/blog\/wp-content\/uploads\/2013\/thumbs\/thumbs_jouluinen_sydney3.jpg\" alt=\"\" \/><\/a><a href=\"\/blog\/wp-content\/uploads\/2013\/jouluinen_sydney4.jpg\"><img decoding=\"async\" style=\"border: 0px none; margin: 5px;\" src=\"\/blog\/wp-content\/uploads\/2013\/thumbs\/thumbs_jouluinen_sydney4.jpg\" alt=\"\" \/><\/a><a href=\"\/blog\/wp-content\/uploads\/2013\/jouluinen_sydney5.jpg\"><img decoding=\"async\" style=\"border: 0px none; margin: 5px;\" src=\"\/blog\/wp-content\/uploads\/2013\/thumbs\/thumbs_jouluinen_sydney5.jpg\" alt=\"\" \/><\/a><\/p>\n<p style=\"text-align: center;\"><em>Joulukoristuksia Darling Harbourin alueella<\/em><\/p>\n<p style=\"text-align: center;\"><a href=\"\/blog\/wp-content\/uploads\/2013\/jouluinen_sydney6.jpg\"><img decoding=\"async\" style=\"border: 0px none; margin: 5px;\" src=\"\/blog\/wp-content\/uploads\/2013\/thumbs\/thumbs_jouluinen_sydney6.jpg\" alt=\"\" \/><\/a><\/p>\n<p style=\"text-align: center;\"><em>Joulukuusi keskustassa<\/em><\/p>\n<p style=\"text-align: justify;\">Niinan kanssa oli matkan j\u00e4lkeen kiintoisaa keskustella Sydneyn j\u00e4tt\u00e4m\u00e4st\u00e4 vaikutelmasta. K\u00e4vimme kaupungissa viimeeksi vuonna 2009, mist\u00e4 kaupunki ei vaikuttanut muuttuneen sen suuremmin. Sydney on edelleen turvallisen ja mielenkiintoisen oloinen kaupunki siell\u00e4 kaukana jossain. Vancouverin ohella my\u00f6s Sydney on jatkuvasti maailman parhaiden asuinkaupunkien k\u00e4rjess\u00e4. Olimme kuitenkin yht\u00e4 mielt\u00e4 ettei Sydney siltik\u00e4\u00e4n vaikuta yht\u00e4 viihtyis\u00e4lt\u00e4 asuinkaupungilta. Sydneyss\u00e4 nimitt\u00e4in ihmiset asuvat huomattavasti Vancouveria v\u00e4hemm\u00e4n keskustassa, mink\u00e4 vuoksi siell\u00e4 on ilta-aikaa hiljaista muutamaa turistialuetta lukuunottamatta. Ja vaikka Sydneyss\u00e4kin meri on l\u00e4hell\u00e4, ovat kaupungin rantaraitit v\u00e4hemm\u00e4n viihtyis\u00e4sti rakennettuja kuin meill\u00e4 t\u00e4\u00e4ll\u00e4 Vancouverissa.<\/p>\n<p style=\"text-align: center;\"><a href=\"\/blog\/wp-content\/uploads\/2013\/sydney_harbour_bridge.jpg\"><img decoding=\"async\" style=\"border: 0px none; margin: 5px;\" src=\"\/blog\/wp-content\/uploads\/2013\/thumbs\/thumbs_sydney_harbour_bridge.jpg\" alt=\"\" \/><\/a><a href=\"\/blog\/wp-content\/uploads\/2013\/sydneyn_oopperatalo.jpg\"><img decoding=\"async\" style=\"border: 0px none; margin: 5px;\" src=\"\/blog\/wp-content\/uploads\/2013\/thumbs\/thumbs_sydneyn_oopperatalo.jpg\" alt=\"\" \/><\/a><\/p>\n<p style=\"text-align: center;\"><em>Sydneyn kaksi kuuluisaa<\/em><\/p>\n<p style=\"text-align: center;\"><a href=\"\/blog\/wp-content\/uploads\/2013\/risteilija_satamassa1.jpg\"><img decoding=\"async\" style=\"border: 0px none; margin: 5px;\" src=\"\/blog\/wp-content\/uploads\/2013\/thumbs\/thumbs_risteilija_satamassa1.jpg\" alt=\"\" \/><\/a><a href=\"\/blog\/wp-content\/uploads\/2013\/risteilija_satamassa2.jpg\"><img decoding=\"async\" style=\"border: 0px none; margin: 5px;\" src=\"\/blog\/wp-content\/uploads\/2013\/thumbs\/thumbs_risteilija_satamassa2.jpg\" alt=\"\" \/><\/a><\/p>\n<p style=\"text-align: center;\"><em> Risteilualus vierasilla<\/em><\/p>\n<p style=\"text-align: justify;\">Vancouverin eduksi on laskettava my\u00f6s, ett\u00e4 Sydney tuntuu olevan aivan tolkuttoman kallis kaupunki. Vancouver on <a title=\"Pohjois-Amerikan kallein kaupunki\" href=\"https:\/\/www.vuosiamaailmalla.fi\/?p=211\">Pohjois-Amerikan kallein kaupunki<\/a> ja todella kallis paikka el\u00e4\u00e4, mutta Niinan kertoman mukaan Sydney on viel\u00e4 eri luokkaa. Ruoka varsinkin on todella kallista Australiassa, mik\u00e4 on seikka mit\u00e4 en itse tarkkaan muista. Australialaisten onneksi palkat ovat kuitenkin korkeampia Sydneyss\u00e4, mik\u00e4 varmaan kompensoi asiaa jonkin verran. Hassua vain ettei asia j\u00e4\u00e4nyt aiemmalta reissultamme mieleen tai sitten Sydney on vain kallistunut roimasti viime vuosina. \u2753<\/p>\n<p style=\"text-align: justify;\">Tied\u00e4 h\u00e4nt\u00e4, mutta kokonaisuudessaan Niinan reissu oli mielenkiintoinen ja ty\u00f6n puolesta eritt\u00e4in onnistunut. Ainoa avoimeksi j\u00e4\u00e4nyt kysymys onkin, josko h\u00e4nell\u00e4 on viel\u00e4 uudelleen tarve matkustaa kaupunkiin. Jos t\u00e4llainen tilaisuus tulee, niin tulen kyll\u00e4 vakavasti harkitsemaan mukaan l\u00e4htemist\u00e4. \ud83d\ude2e<\/p>\n<p style=\"text-align: justify;\">Oheiset kuvat on kaikki kuvattu <a title=\"Kameralaitteisto: Nokia Lumia 1020\" href=\"https:\/\/www.vuosiamaailmalla.fi\/?p=2522\"><em>Nokia Lumia 1020:ll\u00e4<\/em><\/a>.<\/p>\n","protected":false},"excerpt":{"rendered":"<p>Joulu on jo kaukainen muisto, mutta ehdin vasta nyt laittamaan muutamia kuvia Niinan joulukuun alussa tekem\u00e4st\u00e4 kahden viikon ty\u00f6matkasta Australiaan. Kuten jo tuolloin kerroin, matka Vancouverista Sydneyhin oli pitk\u00e4 Hong Kongin kautta kierrett\u00e4ess\u00e4 ja matkaan kului vuorokausi suuntaansa lentokoneessa. Onneksi kaikki lennot olivat bisnesluokassa ja viel\u00e4p\u00e4 maailman parhaisiin lentoyhti\u00f6ihin lukeutuvan Cathay Pacificin siivill\u00e4. Niinan mukaan &hellip; <a href=\"https:\/\/www.vuosiamaailmalla.fi\/blog\/2014\/jouluinen-sydney\/\" class=\"more-link\">Jatka lukemista<span class=\"screen-reader-text\"> &#8221;Jouluinen Sydney&#8221;<\/span><\/a><\/p>\n","protected":false},"author":1,"featured_media":8755,"comment_status":"open","ping_status":"open","sticky":false,"template":"","format":"standard","meta":{"_jetpack_memberships_contains_paid_content":false,"footnotes":""},"categories":[3,538,7,13],"tags":[37,671,670,264,676,539,673,672,207,1741],"class_list":["post-2639","post","type-post","status-publish","format-standard","has-post-thumbnail","hentry","category-arki-ulkomailla","category-australia","category-matkakertomukset","category-tyoskentely-kanadassa","tag-australia","tag-circular-quay","tag-darling-harbour","tag-joulu","tag-matkakertomus-sydney","tag-sydney","tag-sydney-harbour-bridge","tag-sydneyn-oopperatalo","tag-tyo","tag-tyomatka"],"jetpack_featured_media_url":"https:\/\/www.vuosiamaailmalla.fi\/blog\/wp-content\/uploads\/jouluinen_sydney_banner.jpg","jetpack_sharing_enabled":true,"_links":{"self":[{"href":"https:\/\/www.vuosiamaailmalla.fi\/blog\/wp-json\/wp\/v2\/posts\/2639","targetHints":{"allow":["GET"]}}],"collection":[{"href":"https:\/\/www.vuosiamaailmalla.fi\/blog\/wp-json\/wp\/v2\/posts"}],"about":[{"href":"https:\/\/www.vuosiamaailmalla.fi\/blog\/wp-json\/wp\/v2\/types\/post"}],"author":[{"embeddable":true,"href":"https:\/\/www.vuosiamaailmalla.fi\/blog\/wp-json\/wp\/v2\/users\/1"}],"replies":[{"embeddable":true,"href":"https:\/\/www.vuosiamaailmalla.fi\/blog\/wp-json\/wp\/v2\/comments?post=2639"}],"version-history":[{"count":1,"href":"https:\/\/www.vuosiamaailmalla.fi\/blog\/wp-json\/wp\/v2\/posts\/2639\/revisions"}],"predecessor-version":[{"id":13116,"href":"https:\/\/www.vuosiamaailmalla.fi\/blog\/wp-json\/wp\/v2\/posts\/2639\/revisions\/13116"}],"wp:featuredmedia":[{"embeddable":true,"href":"https:\/\/www.vuosiamaailmalla.fi\/blog\/wp-json\/wp\/v2\/media\/8755"}],"wp:attachment":[{"href":"https:\/\/www.vuosiamaailmalla.fi\/blog\/wp-json\/wp\/v2\/media?parent=2639"}],"wp:term":[{"taxonomy":"category","embeddable":true,"href":"https:\/\/www.vuosiamaailmalla.fi\/blog\/wp-json\/wp\/v2\/categories?post=2639"},{"taxonomy":"post_tag","embeddable":true,"href":"https:\/\/www.vuosiamaailmalla.fi\/blog\/wp-json\/wp\/v2\/tags?post=2639"}],"curies":[{"name":"wp","href":"https:\/\/api.w.org\/{rel}","templated":true}]}}