{"id":2655,"date":"2014-01-26T18:49:38","date_gmt":"2014-01-27T02:49:38","guid":{"rendered":"http:\/\/13.53.127.146\/?p=2655"},"modified":"2017-12-13T17:50:26","modified_gmt":"2017-12-14T01:50:26","slug":"kevainen-talvi","status":"publish","type":"post","link":"https:\/\/www.vuosiamaailmalla.fi\/blog\/2014\/kevainen-talvi\/","title":{"rendered":"Kev\u00e4inen talvi"},"content":{"rendered":"<p style=\"text-align: justify;\">Kulunut talvi on ollut poikkeuksellinen. Kun <a title=\"Talvinen Kanada\" href=\"https:\/\/www.vuosiamaailmalla.fi\/?p=2609\">normaalisti talvi<\/a> on Vancouverissa sateinen ja l\u00e4hivuorilla saadaan lunta noin kymmenen metri\u00e4, ei t\u00e4n\u00e4 vuonna ole ollut normaalista tietoakaan. Paikallisilla vuorilla on satanut t\u00e4h\u00e4n menness\u00e4 lunta vain puolitoista metri\u00e4 ja Whistleriss\u00e4kin valkoista tavaraa on saatu vain metri t\u00e4t\u00e4 enemm\u00e4n. M\u00e4\u00e4r\u00e4t ovat noin puolet normaalista ja tarkoittaa, ett\u00e4 rinteiss\u00e4 on paraikaa hyvin knaftisti lunta.<\/p>\n<p><!--more--><\/p>\n<p style=\"text-align: justify;\"><a title=\"Ensilumilla Whistleriss\u00e4\" href=\"https:\/\/www.vuosiamaailmalla.fi\/?p=2556\">Alkutalven ensilumilla<\/a> t\u00e4m\u00e4n viel\u00e4 ymm\u00e4rsi, mutta nyt ei ole en\u00e4\u00e4 mit\u00e4\u00e4n j\u00e4rke\u00e4 maksaa t\u00e4ysi\u00e4 hintoja hissilipusta ja l\u00e4hte\u00e4 naarmuttamaan suksia kehnolle lumelle. Monella on kuitenkin niin pakottava tarve p\u00e4\u00e4st\u00e4 rinteeseen, ett\u00e4 sinne menn\u00e4\u00e4n vaikka ehdoin tahdoin. K\u00e4v\u00e4isimme t\u00e4n\u00e4\u00e4n <a title=\"Laskettelua sadepilvess\u00e4\" href=\"https:\/\/www.vuosiamaailmalla.fi\/?p=192\">Mount Seymourilla<\/a> katsastamassa tilannetta ja parkkipaikka oli tupaten t\u00e4ynn\u00e4 ihmisi\u00e4. Suurin osa tosin suuntasi lumikenk\u00e4ilem\u00e4\u00e4n, mutta v\u00e4ke\u00e4 oli paljon my\u00f6s surkean n\u00e4k\u00f6isiss\u00e4 rinteiss\u00e4. \ud83d\ude15<\/p>\n<p style=\"text-align: center;\"><a href=\"\/blog\/wp-content\/uploads\/2014\/vahaluminen_mount_seymour.jpg\"><img decoding=\"async\" style=\"border: 0px none; margin: 5px;\" src=\"\/blog\/wp-content\/uploads\/2014\/vahaluminen_mount_seymour.jpg\" alt=\"\" \/><\/a><\/p>\n<p style=\"text-align: center;\"><em>Laskettelukeskukselta Mount Bakerin suuntaan<\/em><\/p>\n<p style=\"text-align: justify;\">Maisema ylh\u00e4\u00e4lt\u00e4 oli silti kaunis, sill\u00e4 horisontissa kohosi majasteettinen <a title=\"Uskomaton Mount Baker\" href=\"https:\/\/www.vuosiamaailmalla.fi\/?p=2213\">Mount Baker<\/a> utuisen ja <a title=\"Sumu kietoi Fogcouverin\" href=\"https:\/\/www.vuosiamaailmalla.fi\/?p=9400\">sumupilvien peitt\u00e4m\u00e4n<\/a> Lower Mainlandin taustalla. Bakerillakin on lunta normaalia monin verroin v\u00e4hemm\u00e4n, joten jopa sinnekin auttaa menn\u00e4 aikaisintaan vasta kev\u00e4\u00e4mm\u00e4ll\u00e4&#8230;<\/p>\n<p style=\"text-align: center;\"><a href=\"\/blog\/wp-content\/uploads\/2014\/sumu_ja_lower_mainland.jpg\"><img decoding=\"async\" style=\"border: 0px none; margin: 5px;\" src=\"\/blog\/wp-content\/uploads\/2014\/thumbs\/thumbs_sumu_ja_lower_mainland.jpg\" alt=\"\" \/><\/a><a href=\"\/blog\/wp-content\/uploads\/2014\/sumu_ja_edmonds_silhuetti.jpg\"><img decoding=\"async\" style=\"border: 0px none; margin: 5px;\" src=\"\/blog\/wp-content\/uploads\/2014\/thumbs\/thumbs_sumu_ja_edmonds_silhuetti.jpg\" alt=\"\" \/><\/a><a href=\"\/blog\/wp-content\/uploads\/2014\/sumu_ja_burnaby_mountain.jpg\"><img decoding=\"async\" style=\"border: 0px none; margin: 5px;\" src=\"\/blog\/wp-content\/uploads\/2014\/thumbs\/thumbs_sumu_ja_burnaby_mountain.jpg\" alt=\"\" \/><\/a><\/p>\n<p style=\"text-align: center;\"><em><a title=\"Burnaby rakentaa metropolia\" href=\"https:\/\/www.vuosiamaailmalla.fi\/?p=8729\"> Edmondsin<\/a> ja Burnaby Mountainin silhuetit sumupilvien yl\u00e4puolella<\/em><\/p>\n<p style=\"text-align: justify;\">Ongelma on nimenomaan sateen puuttuminen, sill\u00e4 kauniita kelej\u00e4 on kyll\u00e4 piisannut ihan liiankin kanssa. Menneet kaksi viikkoa ja tuleva viikkokin ovat t\u00e4ynn\u00e4 kaunista auringonpaistetta, mik\u00e4 tuo aivan kev\u00e4isen fiiliksen. Eiv\u00e4tk\u00e4 ihmiset ole ainoita tilanteesta sekaisin olevia, sill\u00e4 Niina n\u00e4ki viime viikolla keskustassa t\u00e4yteen kukkaan puhjenneen kirsikkapuun! Luontokin on siis sekaisin siit\u00e4 mit\u00e4 kuukautta t\u00e4ss\u00e4 oikein elet\u00e4\u00e4n.<\/p>\n<p style=\"text-align: justify;\">Lunta onkin ehk\u00e4 pakko l\u00e4hte\u00e4 etsim\u00e4\u00e4n kauempaa. L\u00e4hestyv\u00e4 <em>Family Dayn<\/em> pitk\u00e4 viikonloppu saattaakin saada meid\u00e4t suuntaamaan kauemmas Kalliovuorille, miss\u00e4 lunta on kyll\u00e4 satanut normaaleissa mitoissa. Eli kun lumi ei tule laskijan luokse, on laskijan l\u00e4hdett\u00e4v\u00e4 lumen luo. \ud83d\udca1<\/p>\n","protected":false},"excerpt":{"rendered":"<p>Kulunut talvi on ollut poikkeuksellinen. Kun normaalisti talvi on Vancouverissa sateinen ja l\u00e4hivuorilla saadaan lunta noin kymmenen metri\u00e4, ei t\u00e4n\u00e4 vuonna ole ollut normaalista tietoakaan. Paikallisilla vuorilla on satanut t\u00e4h\u00e4n menness\u00e4 lunta vain puolitoista metri\u00e4 ja Whistleriss\u00e4kin valkoista tavaraa on saatu vain metri t\u00e4t\u00e4 enemm\u00e4n. M\u00e4\u00e4r\u00e4t ovat noin puolet normaalista ja tarkoittaa, ett\u00e4 rinteiss\u00e4 on &hellip; <a href=\"https:\/\/www.vuosiamaailmalla.fi\/blog\/2014\/kevainen-talvi\/\" class=\"more-link\">Jatka lukemista<span class=\"screen-reader-text\"> &#8221;Kev\u00e4inen talvi&#8221;<\/span><\/a><\/p>\n","protected":false},"author":1,"featured_media":8790,"comment_status":"open","ping_status":"open","sticky":false,"template":"","format":"standard","meta":{"_jetpack_memberships_contains_paid_content":false,"footnotes":""},"categories":[17,3],"tags":[34,160,173,181,270,202],"class_list":["post-2655","post","type-post","status-publish","format-standard","has-post-thumbnail","hentry","category-arki-kanadassa","category-arki-ulkomailla","tag-arki","tag-kevat","tag-laskettelu","tag-mount-seymour","tag-saa","tag-talvi"],"jetpack_featured_media_url":"https:\/\/www.vuosiamaailmalla.fi\/blog\/wp-content\/uploads\/vahaluminen_mount_seymour_banner.jpg","jetpack_sharing_enabled":true,"_links":{"self":[{"href":"https:\/\/www.vuosiamaailmalla.fi\/blog\/wp-json\/wp\/v2\/posts\/2655","targetHints":{"allow":["GET"]}}],"collection":[{"href":"https:\/\/www.vuosiamaailmalla.fi\/blog\/wp-json\/wp\/v2\/posts"}],"about":[{"href":"https:\/\/www.vuosiamaailmalla.fi\/blog\/wp-json\/wp\/v2\/types\/post"}],"author":[{"embeddable":true,"href":"https:\/\/www.vuosiamaailmalla.fi\/blog\/wp-json\/wp\/v2\/users\/1"}],"replies":[{"embeddable":true,"href":"https:\/\/www.vuosiamaailmalla.fi\/blog\/wp-json\/wp\/v2\/comments?post=2655"}],"version-history":[{"count":0,"href":"https:\/\/www.vuosiamaailmalla.fi\/blog\/wp-json\/wp\/v2\/posts\/2655\/revisions"}],"wp:featuredmedia":[{"embeddable":true,"href":"https:\/\/www.vuosiamaailmalla.fi\/blog\/wp-json\/wp\/v2\/media\/8790"}],"wp:attachment":[{"href":"https:\/\/www.vuosiamaailmalla.fi\/blog\/wp-json\/wp\/v2\/media?parent=2655"}],"wp:term":[{"taxonomy":"category","embeddable":true,"href":"https:\/\/www.vuosiamaailmalla.fi\/blog\/wp-json\/wp\/v2\/categories?post=2655"},{"taxonomy":"post_tag","embeddable":true,"href":"https:\/\/www.vuosiamaailmalla.fi\/blog\/wp-json\/wp\/v2\/tags?post=2655"}],"curies":[{"name":"wp","href":"https:\/\/api.w.org\/{rel}","templated":true}]}}