{"id":2686,"date":"2014-02-02T14:15:42","date_gmt":"2014-02-02T22:15:42","guid":{"rendered":"http:\/\/13.53.127.146\/?p=2686"},"modified":"2021-01-20T21:12:21","modified_gmt":"2021-01-21T05:12:21","slug":"seitsemannessa-taivaassa","status":"publish","type":"post","link":"https:\/\/www.vuosiamaailmalla.fi\/blog\/2014\/seitsemannessa-taivaassa\/","title":{"rendered":"Seitsem\u00e4nness\u00e4 taivaassa"},"content":{"rendered":"<p style=\"text-align: justify;\">Olimme marraskuussa <a title=\"Ensilumilla Whistleriss\u00e4\" href=\"https:\/\/www.vuosiamaailmalla.fi\/?p=2556\">Whistleriss\u00e4 ensilumilla<\/a>. Tuolloin auki oli vasta pieni osa t\u00e4st\u00e4 yli kahdensadan laskettelurinteen j\u00e4ttikeskuksesta. Meill\u00e4 oli kuitenkin niin hauskaa, ett\u00e4 ostimme tuolla reissulla itsellemme <em>Edge Cardit<\/em>. Kortti on ennakkoon ostettava hissilippu tietylle m\u00e4\u00e4r\u00e4lle p\u00e4ivi\u00e4 ja se on voimassa koko kauden. Edge Cardilla saa mukavan alennuksen normaalisti todella kalliista hissilipuista (109 dollaria hengelt\u00e4 \/ p\u00e4iv\u00e4!) ja siihen ovat oikeutettuja kaikki British Columbian ja Washingtonin asukkaat. Koska kortti on kuitenkin sidottu kuluvaan kauteen, on hyv\u00e4 arvioida tarkkaan tuleva laskettelup\u00e4ivien m\u00e4\u00e4r\u00e4 sek\u00e4 tulevan kauden kelit.<\/p>\n<p><!--more--><\/p>\n<p style=\"text-align: justify;\">Marraskuussa ei kuitenkaan voinut ennustaa, ett\u00e4 ainakin ensimm\u00e4inen puolisko kaudesta olisi <a title=\"Kev\u00e4inen talvi\" href=\"https:\/\/www.vuosiamaailmalla.fi\/?p=2655\">v\u00e4h\u00e4luminen<\/a>. Ostimme kuitenkin itsellemme kolmen laskettelup\u00e4iv\u00e4n hissiliput ja eilen lauantaina l\u00e4hdimme k\u00e4ytt\u00e4m\u00e4\u00e4n yht\u00e4 n\u00e4ist\u00e4. Olemme aiemmilla matkoillamme aina y\u00f6pyneet Whistleriss\u00e4, mutta Vancouverista on aivan mahdollista tehd\u00e4 p\u00e4iv\u00e4matka Whistleriin ja silti ehti\u00e4 ensimm\u00e4isiin nousuihin kello 8:30. Meill\u00e4 olikin her\u00e4tys aamukuudelta ja olimme Whistleriss\u00e4 hisseill\u00e4 noin vartti niiden aukeamisen j\u00e4lkeen.<\/p>\n<p style=\"text-align: justify;\">Kuten jokainen laskettelija tiet\u00e4\u00e4, on aamun ensimm\u00e4inen tunti parasta lasketteluaikaa. Tuolloin ajetut ladut ovat viel\u00e4 tasaisia, eik\u00e4 rinteiss\u00e4 ja hisseill\u00e4 ole mink\u00e4\u00e4nlaisia jonoja. Niinp\u00e4 suuntasimmekin v\u00e4litt\u00f6m\u00e4sti <em>7th Heaven<\/em> nimiselle alueelle Blackcomb-vuoren alppialueella. Alue on vuoren takamaita, mutta sis\u00e4lt\u00e4\u00e4 kattauksen koko Whistlerin parhaimmista rinteist\u00e4.<\/p>\n<p style=\"text-align: center;\"><a href=\"\/blog\/wp-content\/uploads\/2014\/7th_heaven1.jpg\"><img decoding=\"async\" style=\"border: 0px none; margin: 5px;\" src=\"\/blog\/wp-content\/uploads\/2014\/thumbs\/thumbs_7th_heaven1.jpg\" alt=\"\" \/><\/a><a href=\"\/blog\/wp-content\/uploads\/2014\/7th_heaven3.jpg\"><img decoding=\"async\" style=\"border: 0px none; margin: 5px;\" src=\"\/blog\/wp-content\/uploads\/2014\/thumbs\/thumbs_7th_heaven3.jpg\" alt=\"\" \/><\/a><a href=\"\/blog\/wp-content\/uploads\/2014\/7th_heaven2.jpg\"><img decoding=\"async\" style=\"border: 0px none; margin: 5px;\" src=\"\/blog\/wp-content\/uploads\/2014\/thumbs\/thumbs_7th_heaven2.jpg\" alt=\"\" \/><\/a><\/p>\n<p style=\"text-align: center;\"><em> Seitsem\u00e4nness\u00e4 taivaassa<\/em><\/p>\n<p style=\"text-align: center;\"><a href=\"\/blog\/wp-content\/uploads\/2014\/whistler_mountain_panoraama2.jpg\"><img decoding=\"async\" style=\"border: 0px none; margin: 5px;\" src=\"\/blog\/wp-content\/uploads\/2014\/whistler_mountain_panoraama2_pieni.jpg\" alt=\"\" \/><\/a><\/p>\n<p style=\"text-align: center;\"><em>Panoraama Hortsman Hutilta<\/em><\/p>\n<p style=\"text-align: justify;\">Whistler on niin valtava keskus, ett\u00e4 olimme vasta nyt kolmannella laskettelureissullamme ensimm\u00e4ist\u00e4 kertaa Blackcombilla. Seitsem\u00e4s taivas oli kaikkien odotusten arvoinen ja leveit\u00e4 rinteit\u00e4 oli <em>taivaallista<\/em> laskea. Ehdimme laskea melkein tyhji\u00e4 rinteit\u00e4 viisi kertaa kunnes ihmismassat hisseill\u00e4 alkoivat kasvaa h\u00e4iritseviin mittoihin. Tauko oli paikallaan muutenkin, sill\u00e4 p\u00e4iv\u00e4 oli kylm\u00e4 ja l\u00e4mp\u00f6tila kahdessa tonnissa oli -10 pakkasasteen paikkeilla. Tuloksena varpaat olivat paksuista sukista huolimatta niin kohmeessa, ett\u00e4 niit\u00e4 oikein pisteli l\u00e4mpim\u00e4\u00e4n p\u00e4\u00e4sty\u00e4.<\/p>\n<p style=\"text-align: center;\"><a href=\"\/blog\/wp-content\/uploads\/2014\/whistler_mountain_panoraama1.jpg\"><img decoding=\"async\" style=\"border: 0px none; margin: 5px;\" src=\"\/blog\/wp-content\/uploads\/2014\/whistler_mountain_panoraama1_pieni.jpg\" alt=\"\" \/><\/a><\/p>\n<p style=\"text-align: center;\"><em>Whistler Mountain Blackcombilta n\u00e4htyn\u00e4<\/em><\/p>\n<p style=\"text-align: center;\"><a href=\"\/blog\/wp-content\/uploads\/2014\/whistler_mountain.jpg\"><img decoding=\"async\" style=\"border: 0px none; margin: 5px;\" src=\"\/blog\/wp-content\/uploads\/2014\/whistler_mountain.jpg\" alt=\"\" \/><\/a><\/p>\n<p style=\"text-align: center;\"><em>Pilvet ymp\u00e4r\u00f6iv\u00e4t Black Tuskia<\/em><\/p>\n<p style=\"text-align: justify;\">Kahvitauon j\u00e4lkeen laskimme tovin Blackcombin kulhoalueen rinteit\u00e4, jotka olivat my\u00f6s mielett\u00f6m\u00e4t. Valitan kyseisen sanan liikaa k\u00e4ytt\u00f6\u00e4, mutta Whistler vain on mielet\u00f6n paikka. Pelivetona ruuhkaisilta alppirinteit\u00e4 kannattaa yleens\u00e4 iltap\u00e4iv\u00e4ll\u00e4 laskeutua keskivuoren rinteille, jotka yleens\u00e4 loistavat t\u00e4ss\u00e4 vaiheessa tyhjyytt\u00e4\u00e4n massojen laskiessa alppialueella. N\u00e4in oli my\u00f6s t\u00e4ll\u00e4 kertaa ja nautimmekin suuresti jonottomista nousuita ja tilavista rinteist\u00e4 puurajan alapuolella.<\/p>\n<p style=\"text-align: center;\"><a href=\"\/blog\/wp-content\/uploads\/2014\/blackcombin_maisemia2.jpg\"><img decoding=\"async\" style=\"border: 0px none; margin: 5px;\" src=\"\/blog\/wp-content\/uploads\/2014\/thumbs\/thumbs_blackcombin_maisemia2.jpg\" alt=\"\" \/><\/a><a href=\"\/blog\/wp-content\/uploads\/2014\/blackcombin_maisemia1.jpg\"><img decoding=\"async\" style=\"border: 0px none; margin: 5px;\" src=\"\/blog\/wp-content\/uploads\/2014\/thumbs\/thumbs_blackcombin_maisemia1.jpg\" alt=\"\" \/><\/a><a href=\"\/blog\/wp-content\/uploads\/2014\/blackcombin_maisemia3.jpg\"><img decoding=\"async\" style=\"border: 0px none; margin: 5px;\" src=\"\/blog\/wp-content\/uploads\/2014\/thumbs\/thumbs_blackcombin_maisemia3.jpg\" alt=\"\" \/><\/a><br \/>\n<a href=\"\/blog\/wp-content\/uploads\/2014\/blackcombin_maisemia5.jpg\"><img decoding=\"async\" style=\"border: 0px none; margin: 5px;\" src=\"\/blog\/wp-content\/uploads\/2014\/thumbs\/thumbs_blackcombin_maisemia5.jpg\" alt=\"\" \/><\/a><a href=\"\/blog\/wp-content\/uploads\/2014\/blackcombin_maisemia4.jpg\"><img decoding=\"async\" style=\"border: 0px none; margin: 5px;\" src=\"\/blog\/wp-content\/uploads\/2014\/thumbs\/thumbs_blackcombin_maisemia4.jpg\" alt=\"\" \/><\/a><\/p>\n<p style=\"text-align: center;\"><em>Blackcombin kulhon rinteit\u00e4<\/em><\/p>\n<p style=\"text-align: justify;\">P\u00e4iv\u00e4mme olikin aivan mahtava ja on mielet\u00f6nt\u00e4, ett\u00e4 meit\u00e4 l\u00e4hell\u00e4 on maailmanluokan laskettelukeskus. Lumitilannekaan ei ollut ajetuissa rinteiss\u00e4 huono, vaikka selv\u00e4sti olikin n\u00e4ht\u00e4viss\u00e4 ett\u00e4 Whistleriss\u00e4kin on poikkeuksellisen v\u00e4h\u00e4n lunta. Palaamme kuitenkin paikalle j\u00e4lleen muutaman viikon p\u00e4\u00e4st\u00e4!<\/p>\n<p style=\"text-align: justify;\">Kaikki kuvat on otettu j\u00e4lleen kerran <em><a title=\"Kameralaitteisto: Nokia Lumia 1020\" href=\"https:\/\/www.vuosiamaailmalla.fi\/?p=2522\">Lumialla<\/a><\/em>.<\/p>\n","protected":false},"excerpt":{"rendered":"<p>Olimme marraskuussa Whistleriss\u00e4 ensilumilla. Tuolloin auki oli vasta pieni osa t\u00e4st\u00e4 yli kahdensadan laskettelurinteen j\u00e4ttikeskuksesta. Meill\u00e4 oli kuitenkin niin hauskaa, ett\u00e4 ostimme tuolla reissulla itsellemme Edge Cardit. Kortti on ennakkoon ostettava hissilippu tietylle m\u00e4\u00e4r\u00e4lle p\u00e4ivi\u00e4 ja se on voimassa koko kauden. Edge Cardilla saa mukavan alennuksen normaalisti todella kalliista hissilipuista (109 dollaria hengelt\u00e4 \/ p\u00e4iv\u00e4!) &hellip; <a href=\"https:\/\/www.vuosiamaailmalla.fi\/blog\/2014\/seitsemannessa-taivaassa\/\" class=\"more-link\">Jatka lukemista<span class=\"screen-reader-text\"> &#8221;Seitsem\u00e4nness\u00e4 taivaassa&#8221;<\/span><\/a><\/p>\n","protected":false},"author":1,"featured_media":11326,"comment_status":"open","ping_status":"open","sticky":false,"template":"","format":"standard","meta":{"_jetpack_memberships_contains_paid_content":false,"footnotes":""},"categories":[17,3,778,774],"tags":[34,935,173,202,218],"class_list":["post-2686","post","type-post","status-publish","format-standard","has-post-thumbnail","hentry","category-arki-kanadassa","category-arki-ulkomailla","category-laskettelu-ulkoilu","category-ulkoilu","tag-arki","tag-kanada","tag-laskettelu","tag-talvi","tag-whistler"],"jetpack_featured_media_url":"https:\/\/www.vuosiamaailmalla.fi\/blog\/wp-content\/uploads\/7th_heaven_banner-1.jpg","jetpack_sharing_enabled":true,"_links":{"self":[{"href":"https:\/\/www.vuosiamaailmalla.fi\/blog\/wp-json\/wp\/v2\/posts\/2686","targetHints":{"allow":["GET"]}}],"collection":[{"href":"https:\/\/www.vuosiamaailmalla.fi\/blog\/wp-json\/wp\/v2\/posts"}],"about":[{"href":"https:\/\/www.vuosiamaailmalla.fi\/blog\/wp-json\/wp\/v2\/types\/post"}],"author":[{"embeddable":true,"href":"https:\/\/www.vuosiamaailmalla.fi\/blog\/wp-json\/wp\/v2\/users\/1"}],"replies":[{"embeddable":true,"href":"https:\/\/www.vuosiamaailmalla.fi\/blog\/wp-json\/wp\/v2\/comments?post=2686"}],"version-history":[{"count":2,"href":"https:\/\/www.vuosiamaailmalla.fi\/blog\/wp-json\/wp\/v2\/posts\/2686\/revisions"}],"predecessor-version":[{"id":11328,"href":"https:\/\/www.vuosiamaailmalla.fi\/blog\/wp-json\/wp\/v2\/posts\/2686\/revisions\/11328"}],"wp:featuredmedia":[{"embeddable":true,"href":"https:\/\/www.vuosiamaailmalla.fi\/blog\/wp-json\/wp\/v2\/media\/11326"}],"wp:attachment":[{"href":"https:\/\/www.vuosiamaailmalla.fi\/blog\/wp-json\/wp\/v2\/media?parent=2686"}],"wp:term":[{"taxonomy":"category","embeddable":true,"href":"https:\/\/www.vuosiamaailmalla.fi\/blog\/wp-json\/wp\/v2\/categories?post=2686"},{"taxonomy":"post_tag","embeddable":true,"href":"https:\/\/www.vuosiamaailmalla.fi\/blog\/wp-json\/wp\/v2\/tags?post=2686"}],"curies":[{"name":"wp","href":"https:\/\/api.w.org\/{rel}","templated":true}]}}