{"id":2695,"date":"2014-02-03T18:27:20","date_gmt":"2014-02-04T02:27:20","guid":{"rendered":"http:\/\/13.53.127.146\/?p=2695"},"modified":"2018-10-28T16:12:05","modified_gmt":"2018-10-28T23:12:05","slug":"trump-tower-vancouver-18-kerrosta","status":"publish","type":"post","link":"https:\/\/www.vuosiamaailmalla.fi\/blog\/2014\/trump-tower-vancouver-18-kerrosta\/","title":{"rendered":"Trump Tower Vancouver 18 kerrosta"},"content":{"rendered":"<p style=\"text-align: justify;\">Vancouver on allekirjoittaneen kaltaiselle rakennusprojekteista kiinnostuneelle henkil\u00f6lle paratiisi. Kaupunkikuva ymp\u00e4rill\u00e4 muuttuu koko ajan, kun uusia tornitaloja ja pilvenpiirt\u00e4ji\u00e4 nousee jatkuvasti <a title=\"Korkeuksiin kurkottava Metrotown\" href=\"https:\/\/www.vuosiamaailmalla.fi\/?p=2242\">kymmenitt\u00e4in<\/a> ymp\u00e4ri kaupunkiseutua. Uusia projekteja esitell\u00e4\u00e4n muutama kuukaudessa ja kaikista niist\u00e4 k\u00e4rryill\u00e4 pysymisess\u00e4 on jopa itselle vaikeaa, varsinkin kun kyseess\u00e4 ovat esikaupunkeihin kohoavat rakennukset. Aina v\u00e4lill\u00e4 tulee kuitenkin jotain <a title=\"Vancouver House ottaa muotoa\" href=\"https:\/\/www.vuosiamaailmalla.fi\/?p=9294\">aidosti erilaista<\/a>.<\/p>\n<p><!--more--><\/p>\n<p style=\"text-align: center;\"><iframe loading=\"lazy\" src=\"\/\/www.youtube-nocookie.com\/embed\/sRIB1lk0N-c?rel=0\" width=\"560\" height=\"315\" frameborder=\"0\"><\/iframe><\/p>\n<p style=\"text-align: justify;\">Kerroin <a title=\"Trump tuli Vancouveriin\" href=\"https:\/\/www.vuosiamaailmalla.fi\/?p=2137\">viime kes\u00e4kuussa<\/a>, ett\u00e4 my\u00f6s amerikkalainen kiinteist\u00f6moguli Donald Trump on nyt iskenyt silm\u00e4ns\u00e4 Vancouverin kuumiin kiinteist\u00f6markkinoihin. Trump on osakkaana rakentamassa Vancouverin ydinkeskustaan uutta hulppeaa, per\u00e4ti 188-metrist\u00e4 ja 63-kerroksista luksushotellin ja asuntoja yhdist\u00e4v\u00e4n kaartuvan pilvenpiirt\u00e4j\u00e4n.<\/p>\n<p style=\"text-align: center;\"><a href=\"\/blog\/wp-content\/uploads\/2014\/trump_tower_render.jpg\"><img decoding=\"async\" style=\"border: 0px none; margin: 5px;\" src=\"\/blog\/wp-content\/uploads\/2014\/thumbs\/thumbs_trump_tower_render.jpg\" alt=\"\" \/><\/a><\/p>\n<p style=\"text-align: center;\"><em>Uusin havainnekuva tornista<\/em><\/p>\n<p style=\"text-align: center;\"><a href=\"\/blog\/wp-content\/uploads\/2014\/trump_tower6.jpg\"><img decoding=\"async\" style=\"border: 0px none; margin: 5px;\" src=\"\/blog\/wp-content\/uploads\/2014\/thumbs\/thumbs_trump_tower6.jpg\" alt=\"\" \/><\/a><\/p>\n<p style=\"text-align: center;\"><em>18. kerroksen rakennusty\u00f6t alkamassa<\/em><\/p>\n<p style=\"text-align: justify;\">Viel\u00e4 tuolloin projekti oli maanpinnan alapuolella, kun valtavalle rakennukselle tehtiin perustuksia. Syksyn ja talven aikana torni on kuitenkin l\u00e4htenyt nousemaan ja korkeutta tulee noin kerros viikossa. T\u00e4ll\u00e4 viikolla ty\u00f6miehet aloittivatkin jo 18. kerroksen rakennusty\u00f6t. 63. kerrokseen on siis viel\u00e4 matkaa, mutta hiljalleen alkaa hahmottua rakennuksen kiertyv\u00e4 rakenne. Lis\u00e4ksi on saatu ensimm\u00e4iset viitteet rakennuksen tulevasta lasituksesta, joka on tumman vihert\u00e4v\u00e4\u00e4 lasia.<\/p>\n<p style=\"text-align: center;\"><a href=\"\/blog\/wp-content\/uploads\/2014\/trump_tower7.jpg\"><img decoding=\"async\" style=\"border: 0px none; margin: 5px;\" src=\"\/blog\/wp-content\/uploads\/2014\/trump_tower7.jpg\" alt=\"\" \/><\/a><\/p>\n<p style=\"text-align: center;\"><em>N\u00e4kym\u00e4 West Georgia Streetilt\u00e4<\/em><\/p>\n<p style=\"text-align: center;\"><a href=\"\/blog\/wp-content\/uploads\/2014\/trump_tower8.jpg\"><img decoding=\"async\" style=\"border: 0px none; margin: 5px;\" src=\"\/blog\/wp-content\/uploads\/2014\/thumbs\/thumbs_trump_tower8.jpg\" alt=\"\" \/><\/a><a href=\"\/blog\/wp-content\/uploads\/2014\/trump_tower10.jpg\"><img decoding=\"async\" style=\"border: 0px none; margin: 5px;\" src=\"\/blog\/wp-content\/uploads\/2014\/thumbs\/thumbs_trump_tower10.jpg\" alt=\"\" \/><\/a><a href=\"\/blog\/wp-content\/uploads\/2014\/trump_tower9.jpg\"><img decoding=\"async\" style=\"border: 0px none; margin: 5px;\" src=\"\/blog\/wp-content\/uploads\/2014\/thumbs\/thumbs_trump_tower9.jpg\" alt=\"\" \/><\/a><\/p>\n<p style=\"text-align: center;\"><em>Ensimm\u00e4iset palat uutta lasitusta<\/em><\/p>\n<p style=\"text-align: center;\"><a href=\"\/blog\/wp-content\/uploads\/2014\/trump_tower13.jpg\"><img decoding=\"async\" style=\"border: 0px none; margin: 5px;\" src=\"\/blog\/wp-content\/uploads\/2014\/thumbs\/thumbs_trump_tower13.jpg\" alt=\"\" \/><\/a><a href=\"\/blog\/wp-content\/uploads\/2014\/trump_tower12.jpg\"><img decoding=\"async\" style=\"border: 0px none; margin: 5px;\" src=\"\/blog\/wp-content\/uploads\/2014\/thumbs\/thumbs_trump_tower12.jpg\" alt=\"\" \/><\/a><a href=\"\/blog\/wp-content\/uploads\/2014\/trump_tower11.jpg\"><img decoding=\"async\" style=\"border: 0px none; margin: 5px;\" src=\"\/blog\/wp-content\/uploads\/2014\/thumbs\/thumbs_trump_tower11.jpg\" alt=\"\" \/><\/a><\/p>\n<p style=\"text-align: center;\"><em>Ensiviitteet kaareutuvasta rakenteesta<\/em><\/p>\n<p style=\"text-align: justify;\"><a title=\"Asukkaana Trump Towerissa\" href=\"https:\/\/www.vuosiamaailmalla.fi\/?p=9783\">Luksusasuntojen<\/a> myynnist\u00e4 ei ole tihkunut mink\u00e4\u00e4nlaista v\u00e4liaikatietoa, mutta miljoona-asunnot ovat varmasti tehneet kauppansa. Kyseess\u00e4 on kuitenkin ainutlaatuisesta maamerkkirakennuksesta, joka tulee hallitsemaan Vancouverin silhuettia vuosiksi eteenp\u00e4in. Ostajille on tarjolla my\u00f6s monenlaisia herkkuja, kuten taloyhti\u00f6n oma Rolls-Royce autonkuljettajalla sek\u00e4 asunnon hintaan sidottu m\u00e4\u00e4r\u00e4 lentotunteja yksityisjetill\u00e4 vuoden aikana. Koko projekti esitet\u00e4\u00e4nkin luksuksen huipentumana ja sit\u00e4 markkinoidaan prameilla lifestyle-videoilla. Toivon mukaan videot ja visio puhuttelevat ostajakuntaa, ettei rakennuksesta tulisi\u00a0<a title=\"Aavepilvenpiirt\u00e4j\u00e4 sai asukkaat\" href=\"https:\/\/www.vuosiamaailmalla.fi\/?p=2436\">aavepilvenpiirt\u00e4j\u00e4\u00e4.<\/a> \ud83d\ude44<\/p>\n<p style=\"text-align: center;\"><iframe loading=\"lazy\" src=\"\/\/www.youtube-nocookie.com\/embed\/1tn6YmDErJ8?rel=0\" width=\"560\" height=\"315\" frameborder=\"0\"><\/iframe><\/p>\n","protected":false},"excerpt":{"rendered":"<p>Vancouver on allekirjoittaneen kaltaiselle rakennusprojekteista kiinnostuneelle henkil\u00f6lle paratiisi. Kaupunkikuva ymp\u00e4rill\u00e4 muuttuu koko ajan, kun uusia tornitaloja ja pilvenpiirt\u00e4ji\u00e4 nousee jatkuvasti kymmenitt\u00e4in ymp\u00e4ri kaupunkiseutua. Uusia projekteja esitell\u00e4\u00e4n muutama kuukaudessa ja kaikista niist\u00e4 k\u00e4rryill\u00e4 pysymisess\u00e4 on jopa itselle vaikeaa, varsinkin kun kyseess\u00e4 ovat esikaupunkeihin kohoavat rakennukset. Aina v\u00e4lill\u00e4 tulee kuitenkin jotain aidosti erilaista.<\/p>\n","protected":false},"author":1,"featured_media":9856,"comment_status":"open","ping_status":"open","sticky":false,"template":"","format":"standard","meta":{"_jetpack_memberships_contains_paid_content":false,"footnotes":""},"categories":[17,3],"tags":[229,569,935,301,571,939,211,940],"class_list":["post-2695","post","type-post","status-publish","format-standard","has-post-thumbnail","hentry","category-arki-kanadassa","category-arki-ulkomailla","tag-arkkitehtuuri","tag-donald-trump","tag-kanada","tag-rakennustyomaa","tag-trump-international-hotel-tower-vancouver","tag-vancouver","tag-vancouver-coal-harbour","tag-vancouver-downtown"],"jetpack_featured_media_url":"https:\/\/www.vuosiamaailmalla.fi\/blog\/wp-content\/uploads\/trump_tower19_banner.jpg","jetpack_sharing_enabled":true,"_links":{"self":[{"href":"https:\/\/www.vuosiamaailmalla.fi\/blog\/wp-json\/wp\/v2\/posts\/2695","targetHints":{"allow":["GET"]}}],"collection":[{"href":"https:\/\/www.vuosiamaailmalla.fi\/blog\/wp-json\/wp\/v2\/posts"}],"about":[{"href":"https:\/\/www.vuosiamaailmalla.fi\/blog\/wp-json\/wp\/v2\/types\/post"}],"author":[{"embeddable":true,"href":"https:\/\/www.vuosiamaailmalla.fi\/blog\/wp-json\/wp\/v2\/users\/1"}],"replies":[{"embeddable":true,"href":"https:\/\/www.vuosiamaailmalla.fi\/blog\/wp-json\/wp\/v2\/comments?post=2695"}],"version-history":[{"count":0,"href":"https:\/\/www.vuosiamaailmalla.fi\/blog\/wp-json\/wp\/v2\/posts\/2695\/revisions"}],"wp:featuredmedia":[{"embeddable":true,"href":"https:\/\/www.vuosiamaailmalla.fi\/blog\/wp-json\/wp\/v2\/media\/9856"}],"wp:attachment":[{"href":"https:\/\/www.vuosiamaailmalla.fi\/blog\/wp-json\/wp\/v2\/media?parent=2695"}],"wp:term":[{"taxonomy":"category","embeddable":true,"href":"https:\/\/www.vuosiamaailmalla.fi\/blog\/wp-json\/wp\/v2\/categories?post=2695"},{"taxonomy":"post_tag","embeddable":true,"href":"https:\/\/www.vuosiamaailmalla.fi\/blog\/wp-json\/wp\/v2\/tags?post=2695"}],"curies":[{"name":"wp","href":"https:\/\/api.w.org\/{rel}","templated":true}]}}