{"id":2702,"date":"2014-02-10T18:22:22","date_gmt":"2014-02-11T02:22:22","guid":{"rendered":"http:\/\/13.53.127.146\/?p=2702"},"modified":"2014-02-10T21:12:18","modified_gmt":"2014-02-11T05:12:18","slug":"vancouverin-sydan","status":"publish","type":"post","link":"https:\/\/www.vuosiamaailmalla.fi\/blog\/2014\/vancouverin-sydan\/","title":{"rendered":"Vancouverin syd\u00e4n"},"content":{"rendered":"<p style=\"text-align: justify;\">Vancouver on todella kaunis kaupunki, sit\u00e4 ei voi kukaan kiist\u00e4\u00e4. Kaupunki ymp\u00e4rist\u00f6ineen on eritt\u00e4in valokuvauksellinen ja tarjoaa upeat puitteet ulkoiluttaa kameraansa. Olen itse keskittynyt esittelem\u00e4\u00e4n asuinkaupunkini tunnelmaa l\u00e4hinn\u00e4 lukuisten valokuvieni kautta, mutta joskus tunnelma v\u00e4littyy paremmin videokuvan kautta.<\/p>\n<p style=\"text-align: justify;\">Alla on yksi upeimpia <em>timelapse<\/em> videoita Vancouverista talvisesta &#8221;syd\u00e4mest\u00e4&#8221;. Video on kuvattu hieman ennen <a title=\"Vancouverin jouluvalot\" href=\"https:\/\/www.vuosiamaailmalla.fi\/?p=2612\">edellis joulua<\/a> ja olen katsonut sen viimeisen puolen vuoden aikana varmaan jo kymmenen kertaa. Joten olkaapa hyv\u00e4t, <em>The Heart of Vancity<\/em>. \ud83d\ude2e<\/p>\n<p style=\"text-align: center;\"><iframe loading=\"lazy\" src=\"\/\/www.youtube-nocookie.com\/embed\/PRDtRTuMZtM?rel=0\" frameborder=\"0\" width=\"560\" height=\"315\"><\/iframe><\/p>\n","protected":false},"excerpt":{"rendered":"<p>Vancouver on todella kaunis kaupunki, sit\u00e4 ei voi kukaan kiist\u00e4\u00e4. Kaupunki ymp\u00e4rist\u00f6ineen on eritt\u00e4in valokuvauksellinen ja tarjoaa upeat puitteet ulkoiluttaa kameraansa. Olen itse keskittynyt esittelem\u00e4\u00e4n asuinkaupunkini tunnelmaa l\u00e4hinn\u00e4 lukuisten valokuvieni kautta, mutta joskus tunnelma v\u00e4littyy paremmin videokuvan kautta. Alla on yksi upeimpia timelapse videoita Vancouverista talvisesta &#8221;syd\u00e4mest\u00e4&#8221;. Video on kuvattu hieman ennen edellis joulua ja &hellip; <a href=\"https:\/\/www.vuosiamaailmalla.fi\/blog\/2014\/vancouverin-sydan\/\" class=\"more-link\">Jatka lukemista<span class=\"screen-reader-text\"> &#8221;Vancouverin syd\u00e4n&#8221;<\/span><\/a><\/p>\n","protected":false},"author":1,"featured_media":0,"comment_status":"open","ping_status":"open","sticky":false,"template":"","format":"standard","meta":{"_jetpack_memberships_contains_paid_content":false,"footnotes":""},"categories":[17,3],"tags":[935,490,939,940],"class_list":["post-2702","post","type-post","status-publish","format-standard","hentry","category-arki-kanadassa","category-arki-ulkomailla","tag-kanada","tag-timelapse","tag-vancouver","tag-vancouver-downtown"],"jetpack_featured_media_url":"","jetpack_sharing_enabled":true,"_links":{"self":[{"href":"https:\/\/www.vuosiamaailmalla.fi\/blog\/wp-json\/wp\/v2\/posts\/2702","targetHints":{"allow":["GET"]}}],"collection":[{"href":"https:\/\/www.vuosiamaailmalla.fi\/blog\/wp-json\/wp\/v2\/posts"}],"about":[{"href":"https:\/\/www.vuosiamaailmalla.fi\/blog\/wp-json\/wp\/v2\/types\/post"}],"author":[{"embeddable":true,"href":"https:\/\/www.vuosiamaailmalla.fi\/blog\/wp-json\/wp\/v2\/users\/1"}],"replies":[{"embeddable":true,"href":"https:\/\/www.vuosiamaailmalla.fi\/blog\/wp-json\/wp\/v2\/comments?post=2702"}],"version-history":[{"count":0,"href":"https:\/\/www.vuosiamaailmalla.fi\/blog\/wp-json\/wp\/v2\/posts\/2702\/revisions"}],"wp:attachment":[{"href":"https:\/\/www.vuosiamaailmalla.fi\/blog\/wp-json\/wp\/v2\/media?parent=2702"}],"wp:term":[{"taxonomy":"category","embeddable":true,"href":"https:\/\/www.vuosiamaailmalla.fi\/blog\/wp-json\/wp\/v2\/categories?post=2702"},{"taxonomy":"post_tag","embeddable":true,"href":"https:\/\/www.vuosiamaailmalla.fi\/blog\/wp-json\/wp\/v2\/tags?post=2702"}],"curies":[{"name":"wp","href":"https:\/\/api.w.org\/{rel}","templated":true}]}}