{"id":2706,"date":"2014-02-12T20:33:20","date_gmt":"2014-02-13T04:33:20","guid":{"rendered":"http:\/\/13.53.127.146\/?p=2706"},"modified":"2022-01-22T11:27:27","modified_gmt":"2022-01-22T19:27:27","slug":"kaksi-vuotta-kanadassa","status":"publish","type":"post","link":"https:\/\/www.vuosiamaailmalla.fi\/blog\/2014\/kaksi-vuotta-kanadassa\/","title":{"rendered":"Kaksi vuotta Kanadassa"},"content":{"rendered":"<p style=\"text-align: justify;\">Arkinen tammikuun 21. p\u00e4iv\u00e4 tuli ja meni niin vaivihkaa, ett\u00e4 unohdin melkein tyystin silloin juhlittavan t\u00e4rke\u00e4n merkkip\u00e4iv\u00e4n. Se on nimitt\u00e4in p\u00e4iv\u00e4m\u00e4\u00e4r\u00e4, jolloin <a title=\"Maahanmuutto bisnesluokassa\" href=\"https:\/\/www.vuosiamaailmalla.fi\/blog\/2012\/maahanmuutto-bisnesluokassa\/\">min\u00e4 saavuin<\/a> kaksi vuotta sitten t\u00e4nne Vancouveriin, Niinan seuratessa vain <a title=\"Sinkkuel\u00e4m\u00e4n loppu\" href=\"https:\/\/www.vuosiamaailmalla.fi\/blog\/2012\/sinkkuelaman-loppu\/\">muutama viikko per\u00e4ss\u00e4ni<\/a>. <a title=\"Vuosi Kanadassa\" href=\"https:\/\/www.vuosiamaailmalla.fi\/blog\/2013\/vuosi-kanadassa\/\">Ensimm\u00e4inen vuotemme Kanadassa<\/a> oli valitettavasti <a title=\"Yhden aikakauden p\u00e4\u00e4t\u00f6s ja uuden alku\" href=\"https:\/\/www.vuosiamaailmalla.fi\/blog\/2013\/yhden-aikakauden-paatos-ja-uuden-alku\/\">hyvin turbulentti<\/a>, sis\u00e4lt\u00e4en kaksi eri ty\u00f6paikkaa ja paljon murhetta niiden v\u00e4lill\u00e4 siirrytt\u00e4ess\u00e4. Onneksi nyt p\u00e4\u00e4ttynyt toinen vuotemme maassa on ollut ensimm\u00e4ist\u00e4 huomattavasti tasaisempi.<\/p>\n<p><!--more--><\/p>\n<p style=\"text-align: center;\"><a href=\"\/blog\/wp-content\/uploads\/2012\/nokia_vancouver.jpg\"><img decoding=\"async\" style=\"border: 0px none; margin: 5px;\" src=\"\/blog\/wp-content\/uploads\/2012\/nokia_vancouver.jpg\" alt=\"\" \/><\/a><\/p>\n<p style=\"text-align: center;\"><em>Entinen ty\u00f6paikka<\/em><\/p>\n<p style=\"text-align: justify;\">Toisen vuotemme aikana saimme luoksemme per\u00e4ti kolmet vieraat, kun molempien meid\u00e4n vanhemmat <a title=\"Vieraita vanhalta mantereelta\" href=\"https:\/\/www.vuosiamaailmalla.fi\/blog\/2013\/vieraita-vanhalta-mantereelta\/\">vierailivat kes\u00e4ll\u00e4 luonamme<\/a> reilun viikon ajan. Olikin mukava n\u00e4hd\u00e4 tuttuja naamoja pitk\u00e4st\u00e4 aikaa, sill\u00e4 kotipuolessa tulee k\u00e4yty\u00e4 kiireist\u00e4 johtuen vain kerran vuodessa (ja joskus <a title=\"Joulu Amerikassa\" href=\"https:\/\/www.vuosiamaailmalla.fi\/blog\/2013\/joulu-amerikassa\/\">ei silloinkaan<\/a>). Mukavaa on my\u00f6s tieto, ett\u00e4 Niinan vanhemmat ovat palaamassa luoksemme j\u00e4lleen <a title=\"P\u00e4\u00e4si\u00e4isvieraita\" href=\"https:\/\/www.vuosiamaailmalla.fi\/blog\/2014\/paasiaisvieraita\/\">p\u00e4\u00e4si\u00e4isen kieppeill\u00e4<\/a>. Alustavien suunnitelmien pohjalta saatamme saada t\u00e4n\u00e4 kes\u00e4 luoksemme my\u00f6s suomalaisen <a title=\"Kes\u00e4n viimeiset vieraat\" href=\"https:\/\/www.vuosiamaailmalla.fi\/blog\/2013\/kesan-viimeiset-vieraat\/\">tuttavapariskuntamme<\/a>, joten ohjelmaa on tiedossa runsaasti.<\/p>\n<p style=\"text-align: center;\"><a href=\"\/blog\/wp-content\/uploads\/2013\/quarry_rock8.jpg\"><img decoding=\"async\" style=\"border: 0px none; margin: 5px;\" src=\"\/blog\/wp-content\/uploads\/2013\/thumbs\/thumbs_quarry_rock8.jpg\" alt=\"\" \/><\/a><a href=\"\/blog\/wp-content\/uploads\/2013\/hys_encore6.jpg\"><img decoding=\"async\" style=\"border: 0px none; margin: 5px;\" src=\"\/blog\/wp-content\/uploads\/2013\/thumbs\/thumbs_hys_encore6.jpg\" alt=\"\" \/><\/a><\/p>\n<p style=\"text-align: center;\"><em>Vieraita vanhalta mantereelta<\/em><\/p>\n<p style=\"text-align: justify;\">Vaikka tuttuja n\u00e4keekin nykyisin harvakseltaan, tulee n\u00e4ihin silti pidetty\u00e4 aktiivisesti yhteytt\u00e4. <em>Skype<\/em> on kaikin puolin k\u00e4tev\u00e4 vekotin, jolla tulee soiteltua sukulaisten ja kavereiden kanssa useasti. <a title=\"Tunnin l\u00e4hemp\u00e4n\u00e4 Suomea\" href=\"https:\/\/www.vuosiamaailmalla.fi\/blog\/2012\/tunnin-lahempana-suomea\/\">Aikaero<\/a> tuo yhteydenpitoon oman kiusansa, mutta senkin kanssa on oppinut t\u00e4ss\u00e4 kahden vuoden aikana el\u00e4m\u00e4\u00e4n.<\/p>\n<p style=\"text-align: justify;\">Kokonaisuutena toinen vuotemme Kanadassa oli ensimm\u00e4ist\u00e4 arkisempi. Teimme vuoden aikana todella paljon t\u00f6it\u00e4 ja ainoita arjen katkaisseita hetki\u00e4 olivat muutamat pit\u00e4m\u00e4mme lomat. Lomamatkamme <a title=\"Yellowstonen porteilla\" href=\"https:\/\/www.vuosiamaailmalla.fi\/blog\/2013\/yellowstonen-porteilla\/\">Yellowstoneen<\/a> oli varmasti vuoden kohokohta, tosin vietimme my\u00f6s hienoja viikonloppuja t\u00e4ss\u00e4 <a title=\"Kiitosp\u00e4iv\u00e4 autiolla hiekkarannalla\" href=\"https:\/\/www.vuosiamaailmalla.fi\/blog\/2013\/kiitospaiva-autiolla-hiekkarannalla\/\">l\u00e4hiseudulla<\/a>. Matkoja tulee tehty\u00e4 t\u00e4n\u00e4kin vuonna, varsinkin kun vuosilomamme nousi \u00e4skett\u00e4in nelj\u00e4\u00e4n viikkoon. Se on sangen hyvin Pohjois-Amerikassa, jossa vuosilomat ovat joissain ty\u00f6paikoissa vaivaiset kaksi viikkoa. Toivon mukaan n\u00e4ist\u00e4 reissuista kerke\u00e4\u00e4 my\u00f6s kirjoittaa t\u00e4nne blogin puolelle aiempaa nopeammin&#8230;<\/p>\n<p style=\"text-align: center;\"><a href=\"\/blog\/wp-content\/uploads\/2013\/shi_shi_beach_panoraama2.jpg\"><img decoding=\"async\" style=\"border: 0px none; margin: 5px;\" src=\"\/blog\/wp-content\/uploads\/2013\/shi_shi_beach_panoraama2_pieni.jpg\" alt=\"\" \/><\/a><\/p>\n<p style=\"text-align: center;\"><em>Matkalla l\u00e4nsirannikolla<\/em><\/p>\n<p style=\"text-align: justify;\">Ehk\u00e4 merkitt\u00e4vin asia viimeisen vuoden aikana oli <a title=\"Kanadan pysyv\u00e4t asukkaat\" href=\"https:\/\/www.vuosiamaailmalla.fi\/blog\/2013\/kanadan-pysyvat-asukkaat\/\">pysyv\u00e4ksi asukkaaksi<\/a> muuttuminen. Olimme aiemmin Kanadassa ainoastaan v\u00e4liaikaisella statuksella ja <a title=\"Ruljanssi Kanadan ty\u00f6lupien kanssa\" href=\"https:\/\/www.vuosiamaailmalla.fi\/blog\/2013\/kikkailua-kanadalaisten-tyolupien-kanssa\/\">ty\u00f6luvalla<\/a>, mutta saimme elokuussa niin kutsutun <em>Permanent Resident<\/em> statuksen. T\u00e4m\u00e4 on merkitt\u00e4v\u00e4 asia ja tarkoittaa, ett\u00e4 voimme nyt el\u00e4\u00e4 Kanadassa k\u00e4yt\u00e4nn\u00f6ss\u00e4 niin pitk\u00e4\u00e4n kuin haluamme. Ja mik\u00e4s t\u00e4ss\u00e4 elelless\u00e4, sill\u00e4 kyse on <a title=\"17 syyt\u00e4 asua juuri Kanadassa\" href=\"https:\/\/www.vuosiamaailmalla.fi\/blog\/2013\/17-syyta-asua-juuri-kanadassa\/\">hienosta maasta<\/a>, jossa olemme viihtyneet eritt\u00e4in hyvin. Tulevaisuudesta ei voi sanoa koskaan mit\u00e4\u00e4n varmaa, mutta kirjoitimme joulukuussa kolme vuoden lease-sopimuksen <a title=\"2014 BMW X1 xDrive35i\" href=\"https:\/\/www.vuosiamaailmalla.fi\/blog\/2014\/2014-bmw-x1-xdrive35i\/\">uudesta autosta<\/a>. Ehk\u00e4 se antaa hieman osviittaa, ettei t\u00e4st\u00e4 olla viel\u00e4 ihan hetkeen l\u00e4hd\u00f6ss\u00e4 minnek\u00e4\u00e4n.<\/p>\n<p style=\"text-align: justify;\">Toivon mukaan jo alkanut kolmas vuotemme Kanadassa on hauska ja t\u00e4ynn\u00e4 mielenkiintoisia hetki\u00e4. Ainakin t\u00e4ll\u00e4 hetkell\u00e4 kev\u00e4t n\u00e4ytt\u00e4\u00e4 eritt\u00e4in kiintoisalta ja palaammekin asiaan j\u00e4lleen <a title=\"Kolme vuotta Kanadassa\" href=\"https:\/\/www.vuosiamaailmalla.fi\/blog\/2015\/kolme-vuotta-kanadassa\/\">vuoden kuluttua<\/a>.<\/p>\n","protected":false},"excerpt":{"rendered":"<p>Arkinen tammikuun 21. p\u00e4iv\u00e4 tuli ja meni niin vaivihkaa, ett\u00e4 unohdin melkein tyystin silloin juhlittavan t\u00e4rke\u00e4n merkkip\u00e4iv\u00e4n. Se on nimitt\u00e4in p\u00e4iv\u00e4m\u00e4\u00e4r\u00e4, jolloin min\u00e4 saavuin kaksi vuotta sitten t\u00e4nne Vancouveriin, Niinan seuratessa vain muutama viikko per\u00e4ss\u00e4ni. Ensimm\u00e4inen vuotemme Kanadassa oli valitettavasti hyvin turbulentti, sis\u00e4lt\u00e4en kaksi eri ty\u00f6paikkaa ja paljon murhetta niiden v\u00e4lill\u00e4 siirrytt\u00e4ess\u00e4. Onneksi nyt p\u00e4\u00e4ttynyt &hellip; <a href=\"https:\/\/www.vuosiamaailmalla.fi\/blog\/2014\/kaksi-vuotta-kanadassa\/\" class=\"more-link\">Jatka lukemista<span class=\"screen-reader-text\"> &#8221;Kaksi vuotta Kanadassa&#8221;<\/span><\/a><\/p>\n","protected":false},"author":1,"featured_media":11909,"comment_status":"open","ping_status":"open","sticky":false,"template":"","format":"standard","meta":{"_jetpack_memberships_contains_paid_content":false,"footnotes":""},"categories":[17,3,4,13],"tags":[25,34,935],"class_list":["post-2706","post","type-post","status-publish","format-standard","has-post-thumbnail","hentry","category-arki-kanadassa","category-arki-ulkomailla","category-asuminen-kanadassa","category-tyoskentely-kanadassa","tag-ajankohtaista","tag-arki","tag-kanada"],"jetpack_featured_media_url":"https:\/\/www.vuosiamaailmalla.fi\/blog\/wp-content\/uploads\/kanadan_lippu_banner-1.jpg","jetpack_sharing_enabled":true,"_links":{"self":[{"href":"https:\/\/www.vuosiamaailmalla.fi\/blog\/wp-json\/wp\/v2\/posts\/2706","targetHints":{"allow":["GET"]}}],"collection":[{"href":"https:\/\/www.vuosiamaailmalla.fi\/blog\/wp-json\/wp\/v2\/posts"}],"about":[{"href":"https:\/\/www.vuosiamaailmalla.fi\/blog\/wp-json\/wp\/v2\/types\/post"}],"author":[{"embeddable":true,"href":"https:\/\/www.vuosiamaailmalla.fi\/blog\/wp-json\/wp\/v2\/users\/1"}],"replies":[{"embeddable":true,"href":"https:\/\/www.vuosiamaailmalla.fi\/blog\/wp-json\/wp\/v2\/comments?post=2706"}],"version-history":[{"count":3,"href":"https:\/\/www.vuosiamaailmalla.fi\/blog\/wp-json\/wp\/v2\/posts\/2706\/revisions"}],"predecessor-version":[{"id":12618,"href":"https:\/\/www.vuosiamaailmalla.fi\/blog\/wp-json\/wp\/v2\/posts\/2706\/revisions\/12618"}],"wp:featuredmedia":[{"embeddable":true,"href":"https:\/\/www.vuosiamaailmalla.fi\/blog\/wp-json\/wp\/v2\/media\/11909"}],"wp:attachment":[{"href":"https:\/\/www.vuosiamaailmalla.fi\/blog\/wp-json\/wp\/v2\/media?parent=2706"}],"wp:term":[{"taxonomy":"category","embeddable":true,"href":"https:\/\/www.vuosiamaailmalla.fi\/blog\/wp-json\/wp\/v2\/categories?post=2706"},{"taxonomy":"post_tag","embeddable":true,"href":"https:\/\/www.vuosiamaailmalla.fi\/blog\/wp-json\/wp\/v2\/tags?post=2706"}],"curies":[{"name":"wp","href":"https:\/\/api.w.org\/{rel}","templated":true}]}}