{"id":2731,"date":"2014-02-20T21:09:27","date_gmt":"2014-02-21T05:09:27","guid":{"rendered":"http:\/\/13.53.127.146\/?p=2731"},"modified":"2021-01-20T21:09:32","modified_gmt":"2021-01-21T05:09:32","slug":"olympiatuli-syttyi-vancouveriin","status":"publish","type":"post","link":"https:\/\/www.vuosiamaailmalla.fi\/blog\/2014\/olympiatuli-syttyi-vancouveriin\/","title":{"rendered":"Olympiatuli syttyi Vancouveriin"},"content":{"rendered":"<p style=\"text-align: justify;\">Jos <a title=\"Maahanmuutto bisnesluokassa\" href=\"https:\/\/www.vuosiamaailmalla.fi\/?p=230\">Vancouveriin muutossamme<\/a> jokin asia harmittaa, niin sen ajankohta. T\u00e4nne olisi nimitt\u00e4in pit\u00e4nyt muuttaa kaksi vuotta aiemmin ja p\u00e4\u00e4st\u00e4 todistamaan elinik\u00e4n\u00e4mme todenn\u00e4k\u00f6isesti ainutkertaisia Vancouverin talviolympialaisia. Vuodet 2010 kisat olivat kaikkien asiasta jututtamiemme paikallisten mukaan t\u00e4ysin ainutlaatuinen tapahtuma, joka piti Vancouverin maailman keskipisteen\u00e4 kahden viikon ajan.<\/p>\n<p><!--more--><\/p>\n<p style=\"text-align: justify;\">Nelj\u00e4 vuotta my\u00f6hemmin tapahtumasta on j\u00e4ljell\u00e4 en\u00e4\u00e4 l\u00e4mmin muisto sek\u00e4 sit\u00e4 varten rakennetut upeat olympiarakennelmat. N\u00e4ist\u00e4 ehk\u00e4 ikonisin on Coal Harbourin rannassa sijaitseva <em>Olympic Cauldron<\/em> eli olympiatulta pid\u00e4tellyt valtava &#8221;j\u00e4\u00e4soihtu&#8221;. Olemme k\u00e4yneet rakennelmalla useasti ja se on upea jo itsess\u00e4\u00e4n, mutta ilman tulta se on kuitenkin n\u00e4ytt\u00e4nyt hieman vaatimattomalta ja j\u00e4tt\u00e4nyt meid\u00e4t miettim\u00e4\u00e4n milt\u00e4h\u00e4n se onkaan mahtanut n\u00e4ytt\u00e4\u00e4 palaessaan kisojen aikana.<\/p>\n<p style=\"text-align: center;\"><a href=\"\/blog\/wp-content\/uploads\/2014\/vancouver_olympic_cauldron1.jpg\"><img decoding=\"async\" style=\"border: 0px none; margin: 5px;\" src=\"\/blog\/wp-content\/uploads\/2014\/thumbs\/thumbs_vancouver_olympic_cauldron1.jpg\" alt=\"\" \/><\/a><a href=\"\/blog\/wp-content\/uploads\/2014\/vancouver_olympic_cauldron3.jpg\"><img decoding=\"async\" style=\"border: 0px none; margin: 5px;\" src=\"\/blog\/wp-content\/uploads\/2014\/thumbs\/thumbs_vancouver_olympic_cauldron3.jpg\" alt=\"\" \/><\/a><a href=\"\/blog\/wp-content\/uploads\/2014\/vancouver_olympic_cauldron2.jpg\"><img decoding=\"async\" style=\"border: 0px none; margin: 5px;\" src=\"\/blog\/wp-content\/uploads\/2014\/thumbs\/thumbs_vancouver_olympic_cauldron2.jpg\" alt=\"\" \/><\/a><\/p>\n<p style=\"text-align: center;\"><em> Olympiatuli roihuaa j\u00e4lleen Vancouverissa<\/em><\/p>\n<p style=\"text-align: justify;\">Ilahduttavasti Vancouverin kaupunki teki kuitenkin viime viikolla p\u00e4\u00e4t\u00f6ksen, ett\u00e4 se sytytt\u00e4\u00e4 soihdun menossa olevien <a title=\"Olympialaiset Sot\u0161ista Vancouveriin?\" href=\"https:\/\/www.vuosiamaailmalla.fi\/?p=2262\">Sot\u0161in talviolympialaisten<\/a> kunniaksi. Idea sai alkunsa vuonna 1988 talviolympialaisia is\u00e4nn\u00f6ineest\u00e4 Calgaryst\u00e4, jossa <em>Calgary Towerin<\/em> huipulla sijaitseva olympiatuli on sytytetty kisojen ajaksi.<\/p>\n<p style=\"text-align: center;\"><a href=\"\/blog\/wp-content\/uploads\/2014\/vancouver_olympic_cauldron4.jpg\"><img decoding=\"async\" style=\"border: 0px none; margin: 5px;\" src=\"\/blog\/wp-content\/uploads\/2014\/thumbs\/thumbs_vancouver_olympic_cauldron4.jpg\" alt=\"\" \/><\/a><a href=\"\/blog\/wp-content\/uploads\/2014\/vancouver_olympic_cauldron6.jpg\"><img decoding=\"async\" style=\"border: 0px none; margin: 5px;\" src=\"\/blog\/wp-content\/uploads\/2014\/thumbs\/thumbs_vancouver_olympic_cauldron6.jpg\" alt=\"\" \/><\/a><\/p>\n<p style=\"text-align: center;\"><em>Satam\u00e4\u00e4rin ihmisi\u00e4 juhlimassa kultamitaleja<\/em><\/p>\n<p style=\"text-align: justify;\">Kaasulla toimiva Vancouverin olympiatuli on kuitenkin kallis laitos sytytt\u00e4\u00e4 ja lehtitietojen mukaan sen polttaminen maksaa per\u00e4ti 1600 dollaria tunnissa. Niinp\u00e4 tulen polttamisesta kaupungin rahoilla oli v\u00e4\u00e4nt\u00f6\u00e4, kunnes anonyymi kaksikko suostui kustantamaan soihdun polttamisen omasta kukkarostaan. Nyt olympiatuli sytytet\u00e4\u00e4n kahdeksi tunniksi joka ilta, kun Kanada voittaa Sot\u0161issa kultaa.<\/p>\n<p style=\"text-align: center;\"><a href=\"\/blog\/wp-content\/uploads\/2014\/vancouver_olympic_cauldron5.jpg\"><img decoding=\"async\" style=\"border: 0px none; margin: 5px;\" src=\"\/blog\/wp-content\/uploads\/2014\/thumbs\/thumbs_vancouver_olympic_cauldron5.jpg\" alt=\"\" \/><\/a><a href=\"\/blog\/wp-content\/uploads\/2014\/vancouver_olympic_cauldron8.jpg\"><img decoding=\"async\" style=\"border: 0px none; margin: 5px;\" src=\"\/blog\/wp-content\/uploads\/2014\/thumbs\/thumbs_vancouver_olympic_cauldron8.jpg\" alt=\"\" \/><\/a><a href=\"\/blog\/wp-content\/uploads\/2014\/vancouver_olympic_cauldron7.jpg\"><img decoding=\"async\" style=\"border: 0px none; margin: 5px;\" src=\"\/blog\/wp-content\/uploads\/2014\/thumbs\/thumbs_vancouver_olympic_cauldron7.jpg\" alt=\"\" \/><\/a><\/p>\n<p style=\"text-align: center;\"><em>Soihdun aukio Coal Harbourissa<\/em><\/p>\n<p style=\"text-align: justify;\">Ja <a title=\"Kanadan kultajuhlat\" href=\"https:\/\/www.vuosiamaailmalla.fi\/?p=2740\">kultaahan on tullut<\/a> jo yhteens\u00e4 seitsem\u00e4n mitalin verran nelj\u00e4n\u00e4 eri iltana. T\u00e4n\u00e4\u00e4n juhlittiin Kanadan naisten aamuisia kultamitaleja curlingissa ja j\u00e4\u00e4kiekossa. Olympiasoihdun roihua olikin ker\u00e4\u00e4ntynyt katsomaan illasta satam\u00e4\u00e4rin ihmisi\u00e4, jotka lauloivat iloisina kansallislaulua. Paikalla olimme my\u00f6s me, sill\u00e4 t\u00e4m\u00e4 oli ainutkertainen tilaisuus n\u00e4hd\u00e4 komea olympiasoihtu sytytettyn\u00e4. Seuraava mahdollisuus voi olla vasta nelj\u00e4n vuoden p\u00e4\u00e4st\u00e4, joten olen iloinen ett\u00e4 k\u00e4vimme n\u00e4kem\u00e4ss\u00e4 t\u00e4m\u00e4n kirkkaana loistaneen soihdun.<\/p>\n","protected":false},"excerpt":{"rendered":"<p>Jos Vancouveriin muutossamme jokin asia harmittaa, niin sen ajankohta. T\u00e4nne olisi nimitt\u00e4in pit\u00e4nyt muuttaa kaksi vuotta aiemmin ja p\u00e4\u00e4st\u00e4 todistamaan elinik\u00e4n\u00e4mme todenn\u00e4k\u00f6isesti ainutkertaisia Vancouverin talviolympialaisia. Vuodet 2010 kisat olivat kaikkien asiasta jututtamiemme paikallisten mukaan t\u00e4ysin ainutlaatuinen tapahtuma, joka piti Vancouverin maailman keskipisteen\u00e4 kahden viikon ajan.<\/p>\n","protected":false},"author":1,"featured_media":11321,"comment_status":"open","ping_status":"open","sticky":false,"template":"","format":"standard","meta":{"_jetpack_memberships_contains_paid_content":false,"footnotes":""},"categories":[17,3],"tags":[25,935,593,203,939,211],"class_list":["post-2731","post","type-post","status-publish","format-standard","has-post-thumbnail","hentry","category-arki-kanadassa","category-arki-ulkomailla","tag-ajankohtaista","tag-kanada","tag-sotsi","tag-talviolympialaiset","tag-vancouver","tag-vancouver-coal-harbour"],"jetpack_featured_media_url":"https:\/\/www.vuosiamaailmalla.fi\/blog\/wp-content\/uploads\/vancouver_olympic_cauldron_banner-1.jpg","jetpack_sharing_enabled":true,"_links":{"self":[{"href":"https:\/\/www.vuosiamaailmalla.fi\/blog\/wp-json\/wp\/v2\/posts\/2731","targetHints":{"allow":["GET"]}}],"collection":[{"href":"https:\/\/www.vuosiamaailmalla.fi\/blog\/wp-json\/wp\/v2\/posts"}],"about":[{"href":"https:\/\/www.vuosiamaailmalla.fi\/blog\/wp-json\/wp\/v2\/types\/post"}],"author":[{"embeddable":true,"href":"https:\/\/www.vuosiamaailmalla.fi\/blog\/wp-json\/wp\/v2\/users\/1"}],"replies":[{"embeddable":true,"href":"https:\/\/www.vuosiamaailmalla.fi\/blog\/wp-json\/wp\/v2\/comments?post=2731"}],"version-history":[{"count":2,"href":"https:\/\/www.vuosiamaailmalla.fi\/blog\/wp-json\/wp\/v2\/posts\/2731\/revisions"}],"predecessor-version":[{"id":11322,"href":"https:\/\/www.vuosiamaailmalla.fi\/blog\/wp-json\/wp\/v2\/posts\/2731\/revisions\/11322"}],"wp:featuredmedia":[{"embeddable":true,"href":"https:\/\/www.vuosiamaailmalla.fi\/blog\/wp-json\/wp\/v2\/media\/11321"}],"wp:attachment":[{"href":"https:\/\/www.vuosiamaailmalla.fi\/blog\/wp-json\/wp\/v2\/media?parent=2731"}],"wp:term":[{"taxonomy":"category","embeddable":true,"href":"https:\/\/www.vuosiamaailmalla.fi\/blog\/wp-json\/wp\/v2\/categories?post=2731"},{"taxonomy":"post_tag","embeddable":true,"href":"https:\/\/www.vuosiamaailmalla.fi\/blog\/wp-json\/wp\/v2\/tags?post=2731"}],"curies":[{"name":"wp","href":"https:\/\/api.w.org\/{rel}","templated":true}]}}