{"id":2753,"date":"2014-03-02T12:52:46","date_gmt":"2014-03-02T20:52:46","guid":{"rendered":"http:\/\/13.53.127.146\/?p=2753"},"modified":"2021-01-20T20:39:50","modified_gmt":"2021-01-21T04:39:50","slug":"kylma-paiva-pilvisella-whistlerilla","status":"publish","type":"post","link":"https:\/\/www.vuosiamaailmalla.fi\/blog\/2014\/kylma-paiva-pilvisella-whistlerilla\/","title":{"rendered":"Kylm\u00e4 p\u00e4iv\u00e4 pilvisell\u00e4 Whistlerill\u00e4"},"content":{"rendered":"<p style=\"text-align: justify;\">Talven ensimm\u00e4inen puolisko on ollut <a title=\"Kev\u00e4inen talvi\" href=\"https:\/\/www.vuosiamaailmalla.fi\/?p=2655\">enn\u00e4tyksellisen kuiva<\/a> ja siten my\u00f6s v\u00e4h\u00e4luminen. Helmikuussa tilanne on kuitenkin ainakin hieman normalisoitunut, kun lunta satoi kuukauden aikana vuorilla pari metri\u00e4 lis\u00e4\u00e4. Jopa t\u00e4\u00e4ll\u00e4 Vancouverissa n\u00e4htiin viime viikonloppuna kolme p\u00e4iv\u00e4\u00e4 kest\u00e4nyt, paikoin sakeakin lumisade, joka ei kuitenkaan kinostunut maahan t\u00e4ss\u00e4 keskustan alueella. Hieman korkeammalla sijaitsevilla alueilla n\u00e4htiin kuitenkin talvisia maisemia, kuten muutama valokuva viime sunnuntailta osoittaa.<\/p>\n<p><!--more--><\/p>\n<p style=\"text-align: center;\"><a href=\"\/blog\/wp-content\/uploads\/2014\/lunta_vancouverissa2.jpg\"><img decoding=\"async\" style=\"border: 0px none; margin: 5px;\" src=\"\/blog\/wp-content\/uploads\/2014\/thumbs\/thumbs_lunta_vancouverissa2.jpg\" alt=\"\" \/><\/a><a href=\"\/blog\/wp-content\/uploads\/2014\/lunta_vancouverissa3.jpg\"><img decoding=\"async\" style=\"border: 0px none; margin: 5px;\" src=\"\/blog\/wp-content\/uploads\/2014\/thumbs\/thumbs_lunta_vancouverissa3.jpg\" alt=\"\" \/><\/a><a href=\"\/blog\/wp-content\/uploads\/2014\/lunta_vancouverissa1.jpg\"><img decoding=\"async\" style=\"border: 0px none; margin: 5px;\" src=\"\/blog\/wp-content\/uploads\/2014\/thumbs\/thumbs_lunta_vancouverissa1.jpg\" alt=\"\" \/><\/a><\/p>\n<p style=\"text-align: center;\"><em> Lunta Vancouverissa<\/em><\/p>\n<p style=\"text-align: justify;\">Uusi lumi on ollut hyv\u00e4 asia melkeinp\u00e4 ongelmissa olleille l\u00e4hialueen laskettelukeskuksille. Whistlerill\u00e4 oli satanut tammikuun loppuun menness\u00e4 vain kolmisen metri\u00e4 lunta, mutta nyt helmikuun lopussa kumulatiivinen lukema hyp\u00e4hti viiteen ja puoleen metriin. Sekin on viel\u00e4 alle normaalien lukemien, mutta l\u00e4hdimme kuitenkin sen innoittamana eilen lauantaina katsastamaan lasketteluolosuhteita Whistler Mountainilla.<\/p>\n<p style=\"text-align: justify;\">Keli oli Whistleriin ajettaessa kauniin poutainen, mutta harmillisesti taivas meni pilveen melkein heti rinteeseen p\u00e4\u00e4sty\u00e4mme. Keli oli my\u00f6s <a title=\"Seitsem\u00e4nness\u00e4 taivaassa\" href=\"https:\/\/www.vuosiamaailmalla.fi\/?p=2686\">t\u00e4ll\u00e4 kertaa<\/a> sangen kylm\u00e4 ja elohopea pysytteli -10 asteen tienoilla koko p\u00e4iv\u00e4n. Iltap\u00e4iv\u00e4st\u00e4 alkoi my\u00f6s lumisade, joka ei kuitenkaan haitannut sangen mukavaa laskettelup\u00e4iv\u00e4\u00e4.<\/p>\n<p style=\"text-align: center;\"><a href=\"\/blog\/wp-content\/uploads\/2014\/pilvinen_whistler1.jpg\"><img decoding=\"async\" style=\"border: 0px none; margin: 5px;\" src=\"\/blog\/wp-content\/uploads\/2014\/thumbs\/thumbs_pilvinen_whistler1.jpg\" alt=\"\" \/><\/a><a href=\"\/blog\/wp-content\/uploads\/2014\/pilvinen_whistler3.jpg\"><img decoding=\"async\" style=\"border: 0px none; margin: 5px;\" src=\"\/blog\/wp-content\/uploads\/2014\/thumbs\/thumbs_pilvinen_whistler3.jpg\" alt=\"\" \/><\/a><a href=\"\/blog\/wp-content\/uploads\/2014\/pilvinen_whistler4.jpg\"><img decoding=\"async\" style=\"border: 0px none; margin: 5px;\" src=\"\/blog\/wp-content\/uploads\/2014\/thumbs\/thumbs_pilvinen_whistler4.jpg\" alt=\"\" \/><\/a><br \/>\n<a href=\"\/blog\/wp-content\/uploads\/2014\/pilvinen_whistler5.jpg\"><img decoding=\"async\" style=\"border: 0px none; margin: 5px;\" src=\"\/blog\/wp-content\/uploads\/2014\/thumbs\/thumbs_pilvinen_whistler5.jpg\" alt=\"\" \/><\/a><a href=\"\/blog\/wp-content\/uploads\/2014\/pilvinen_whistler6.jpg\"><img decoding=\"async\" style=\"border: 0px none; margin: 5px;\" src=\"\/blog\/wp-content\/uploads\/2014\/thumbs\/thumbs_pilvinen_whistler6.jpg\" alt=\"\" \/><\/a><a href=\"\/blog\/wp-content\/uploads\/2014\/pilvinen_whistler2.jpg\"><img decoding=\"async\" style=\"border: 0px none; margin: 5px;\" src=\"\/blog\/wp-content\/uploads\/2014\/thumbs\/thumbs_pilvinen_whistler2.jpg\" alt=\"\" \/><\/a><\/p>\n<p style=\"text-align: center;\"><em> Pilvinen Whistler<\/em><\/p>\n<p style=\"text-align: justify;\">Seuraava ja n\u00e4ill\u00e4 n\u00e4kymin t\u00e4m\u00e4n kauden viimeinen laskettelureissu Whistleriin on tiedossa p\u00e4\u00e4si\u00e4isen\u00e4 tuolloin luoksemme saapuvien vieraiden kanssa.<\/p>\n","protected":false},"excerpt":{"rendered":"<p>Talven ensimm\u00e4inen puolisko on ollut enn\u00e4tyksellisen kuiva ja siten my\u00f6s v\u00e4h\u00e4luminen. Helmikuussa tilanne on kuitenkin ainakin hieman normalisoitunut, kun lunta satoi kuukauden aikana vuorilla pari metri\u00e4 lis\u00e4\u00e4. Jopa t\u00e4\u00e4ll\u00e4 Vancouverissa n\u00e4htiin viime viikonloppuna kolme p\u00e4iv\u00e4\u00e4 kest\u00e4nyt, paikoin sakeakin lumisade, joka ei kuitenkaan kinostunut maahan t\u00e4ss\u00e4 keskustan alueella. Hieman korkeammalla sijaitsevilla alueilla n\u00e4htiin kuitenkin talvisia maisemia, &hellip; <a href=\"https:\/\/www.vuosiamaailmalla.fi\/blog\/2014\/kylma-paiva-pilvisella-whistlerilla\/\" class=\"more-link\">Jatka lukemista<span class=\"screen-reader-text\"> &#8221;Kylm\u00e4 p\u00e4iv\u00e4 pilvisell\u00e4 Whistlerill\u00e4&#8221;<\/span><\/a><\/p>\n","protected":false},"author":1,"featured_media":11296,"comment_status":"open","ping_status":"open","sticky":false,"template":"","format":"standard","meta":{"_jetpack_memberships_contains_paid_content":false,"footnotes":""},"categories":[17,3,778,774],"tags":[34,935,173,202,939,942,218],"class_list":["post-2753","post","type-post","status-publish","format-standard","has-post-thumbnail","hentry","category-arki-kanadassa","category-arki-ulkomailla","category-laskettelu-ulkoilu","category-ulkoilu","tag-arki","tag-kanada","tag-laskettelu","tag-talvi","tag-vancouver","tag-vancouver-west-side","tag-whistler"],"jetpack_featured_media_url":"https:\/\/www.vuosiamaailmalla.fi\/blog\/wp-content\/uploads\/pilvinen_whistler_banner-1.jpg","jetpack_sharing_enabled":true,"_links":{"self":[{"href":"https:\/\/www.vuosiamaailmalla.fi\/blog\/wp-json\/wp\/v2\/posts\/2753","targetHints":{"allow":["GET"]}}],"collection":[{"href":"https:\/\/www.vuosiamaailmalla.fi\/blog\/wp-json\/wp\/v2\/posts"}],"about":[{"href":"https:\/\/www.vuosiamaailmalla.fi\/blog\/wp-json\/wp\/v2\/types\/post"}],"author":[{"embeddable":true,"href":"https:\/\/www.vuosiamaailmalla.fi\/blog\/wp-json\/wp\/v2\/users\/1"}],"replies":[{"embeddable":true,"href":"https:\/\/www.vuosiamaailmalla.fi\/blog\/wp-json\/wp\/v2\/comments?post=2753"}],"version-history":[{"count":1,"href":"https:\/\/www.vuosiamaailmalla.fi\/blog\/wp-json\/wp\/v2\/posts\/2753\/revisions"}],"predecessor-version":[{"id":11297,"href":"https:\/\/www.vuosiamaailmalla.fi\/blog\/wp-json\/wp\/v2\/posts\/2753\/revisions\/11297"}],"wp:featuredmedia":[{"embeddable":true,"href":"https:\/\/www.vuosiamaailmalla.fi\/blog\/wp-json\/wp\/v2\/media\/11296"}],"wp:attachment":[{"href":"https:\/\/www.vuosiamaailmalla.fi\/blog\/wp-json\/wp\/v2\/media?parent=2753"}],"wp:term":[{"taxonomy":"category","embeddable":true,"href":"https:\/\/www.vuosiamaailmalla.fi\/blog\/wp-json\/wp\/v2\/categories?post=2753"},{"taxonomy":"post_tag","embeddable":true,"href":"https:\/\/www.vuosiamaailmalla.fi\/blog\/wp-json\/wp\/v2\/tags?post=2753"}],"curies":[{"name":"wp","href":"https:\/\/api.w.org\/{rel}","templated":true}]}}