{"id":2756,"date":"2014-03-03T20:36:42","date_gmt":"2014-03-04T04:36:42","guid":{"rendered":"http:\/\/13.53.127.146\/?p=2756"},"modified":"2014-03-03T20:36:42","modified_gmt":"2014-03-04T04:36:42","slug":"live-the-language","status":"publish","type":"post","link":"https:\/\/www.vuosiamaailmalla.fi\/blog\/2014\/live-the-language\/","title":{"rendered":"Live the Language"},"content":{"rendered":"<p style=\"text-align: justify;\">Kanada on nuorten parissa suosittu kielimatkojen kohteita. Vancouveriinkin saapuu vuosittain v\u00e4hint\u00e4\u00e4nkin satoja kielikurssilaisia tutustumaan englanninkielen saloihin sek\u00e4 n\u00e4kem\u00e4\u00e4n l\u00e4nsirannikon el\u00e4m\u00e4\u00e4 kauniissa Vancouverissa. Netti\u00e4 selatessa tuli t\u00e4n\u00e4\u00e4n vastaan nuorekkaan tunnelmallinen video, jolla er\u00e4s kielimatkoja j\u00e4rjest\u00e4v\u00e4 kansainv\u00e4linen j\u00e4tti mainostaa kaupunkiamme mukavalla tyylill\u00e4. \ud83d\ude42<\/p>\n<p style=\"text-align: center;\"><iframe loading=\"lazy\" src=\"\/\/player.vimeo.com\/video\/28789617?portrait=0&amp;color=ffffff\" frameborder=\"0\" width=\"500\" height=\"281\"><\/iframe><\/p>\n<p style=\"text-align: center;\"><em>&#8221;Live the Language&#8221;<\/em><\/p>\n","protected":false},"excerpt":{"rendered":"<p>Kanada on nuorten parissa suosittu kielimatkojen kohteita. Vancouveriinkin saapuu vuosittain v\u00e4hint\u00e4\u00e4nkin satoja kielikurssilaisia tutustumaan englanninkielen saloihin sek\u00e4 n\u00e4kem\u00e4\u00e4n l\u00e4nsirannikon el\u00e4m\u00e4\u00e4 kauniissa Vancouverissa. Netti\u00e4 selatessa tuli t\u00e4n\u00e4\u00e4n vastaan nuorekkaan tunnelmallinen video, jolla er\u00e4s kielimatkoja j\u00e4rjest\u00e4v\u00e4 kansainv\u00e4linen j\u00e4tti mainostaa kaupunkiamme mukavalla tyylill\u00e4. \ud83d\ude42 &#8221;Live the Language&#8221;<\/p>\n","protected":false},"author":1,"featured_media":0,"comment_status":"open","ping_status":"open","sticky":false,"template":"","format":"standard","meta":{"_jetpack_memberships_contains_paid_content":false,"footnotes":""},"categories":[17,3],"tags":[935,939],"class_list":["post-2756","post","type-post","status-publish","format-standard","hentry","category-arki-kanadassa","category-arki-ulkomailla","tag-kanada","tag-vancouver"],"jetpack_featured_media_url":"","jetpack_sharing_enabled":true,"_links":{"self":[{"href":"https:\/\/www.vuosiamaailmalla.fi\/blog\/wp-json\/wp\/v2\/posts\/2756","targetHints":{"allow":["GET"]}}],"collection":[{"href":"https:\/\/www.vuosiamaailmalla.fi\/blog\/wp-json\/wp\/v2\/posts"}],"about":[{"href":"https:\/\/www.vuosiamaailmalla.fi\/blog\/wp-json\/wp\/v2\/types\/post"}],"author":[{"embeddable":true,"href":"https:\/\/www.vuosiamaailmalla.fi\/blog\/wp-json\/wp\/v2\/users\/1"}],"replies":[{"embeddable":true,"href":"https:\/\/www.vuosiamaailmalla.fi\/blog\/wp-json\/wp\/v2\/comments?post=2756"}],"version-history":[{"count":0,"href":"https:\/\/www.vuosiamaailmalla.fi\/blog\/wp-json\/wp\/v2\/posts\/2756\/revisions"}],"wp:attachment":[{"href":"https:\/\/www.vuosiamaailmalla.fi\/blog\/wp-json\/wp\/v2\/media?parent=2756"}],"wp:term":[{"taxonomy":"category","embeddable":true,"href":"https:\/\/www.vuosiamaailmalla.fi\/blog\/wp-json\/wp\/v2\/categories?post=2756"},{"taxonomy":"post_tag","embeddable":true,"href":"https:\/\/www.vuosiamaailmalla.fi\/blog\/wp-json\/wp\/v2\/tags?post=2756"}],"curies":[{"name":"wp","href":"https:\/\/api.w.org\/{rel}","templated":true}]}}