{"id":2759,"date":"2014-03-07T18:48:22","date_gmt":"2014-03-08T02:48:22","guid":{"rendered":"http:\/\/13.53.127.146\/?p=2759"},"modified":"2021-01-20T20:38:54","modified_gmt":"2021-01-21T04:38:54","slug":"big-white","status":"publish","type":"post","link":"https:\/\/www.vuosiamaailmalla.fi\/blog\/2014\/big-white\/","title":{"rendered":"Big White"},"content":{"rendered":"<p style=\"text-align: justify;\">Helmikuun alussa vietettiin t\u00e4\u00e4ll\u00e4 British Columbiassa toista kertaa uutta julkista vapaap\u00e4iv\u00e4\u00e4, <em>Family Dayta<\/em>. Pitk\u00e4n viikonlopun vuoksi p\u00e4\u00e4timmekin l\u00e4hte\u00e4 l\u00e4hivuoria edemm\u00e4s etsim\u00e4\u00e4n parempia lasketteluolosuhteita Okanagan Valleyn alueelle. Viininviljelyst\u00e4 tunnettu pittoreski laakso sijaitsee Vancouverista noin 400 kilometri\u00e4 it\u00e4\u00e4n ja sen suurin kaupunki on Kelowna. Vierailimme alueella ensimm\u00e4ist\u00e4 kertaa syyskuussa 2012 osana <a href=\"https:\/\/www.vuosiamaailmalla.fi\/?tag=matkakertomus-kalliovuoret\">Kalliovuorten matkaamme<\/a>, joten aikaa viime kerrasta oli kulunut jo runsaasti. Lis\u00e4ksi nyt elettiin aivan eri vuodenaikaa, joten odotimme innolla millaista perill\u00e4 olisikaan.<\/p>\n<p><!--more--><\/p>\n<p style=\"text-align: center;\"><iframe loading=\"lazy\" src=\"https:\/\/maps.google.com\/maps?f=d&amp;source=s_d&amp;saddr=Seymour+St%2FBC-99+N&amp;daddr=Big+White+Rd&amp;hl=fi&amp;geocode=FcDy7wId31Sp-A%3BFW6c9gIdxjzp-A&amp;sll=49.566488,-121.026349&amp;sspn=2.271234,5.984802&amp;t=p&amp;mra=ls&amp;ie=UTF8&amp;ll=49.566488,-121.026349&amp;spn=1.066532,4.188135&amp;z=7&amp;output=embed\" width=\"425\" height=\"350\" frameborder=\"0\" marginwidth=\"0\" marginheight=\"0\" scrolling=\"no\"><\/iframe><br \/>\n<small><a style=\"color: #0000ff; text-align: left;\" href=\"https:\/\/maps.google.com\/maps?f=d&amp;source=embed&amp;saddr=Seymour+St%2FBC-99+N&amp;daddr=Big+White+Rd&amp;hl=fi&amp;geocode=FcDy7wId31Sp-A%3BFW6c9gIdxjzp-A&amp;sll=49.566488,-121.026349&amp;sspn=2.271234,5.984802&amp;t=p&amp;mra=ls&amp;ie=UTF8&amp;ll=49.566488,-121.026349&amp;spn=1.066532,4.188135\">N\u00e4yt\u00e4 suurempi kartta<\/a><\/small><\/p>\n<p style=\"text-align: justify;\">Starttasimme matkaan heti t\u00f6iden j\u00e4lkeen perjantaina ja l\u00e4hdimme ajamaan kohti sis\u00e4maata. Matkalla keli oli mahtavan kev\u00e4inen ja lumihuippuiset vuoret kimalsivat iltap\u00e4iv\u00e4n auringossa. Huolenamme oli kuitenkin millainen ajokeli olisi Hopen j\u00e4lkeen pahamaineisella <em><a title=\"Valtatie halki helvetin\" href=\"https:\/\/www.vuosiamaailmalla.fi\/?p=2735\">Coquihalla Highwayll\u00e4<\/a><\/em>, jolla 1200 metrin korkeudessa tien varteen ilmestyiv\u00e4tkin paksut lumivallit. Ajokeli oli kuitenkin hyv\u00e4, vaikka loppumatkasta laskeutunut pimeys vaatikin liukkaalla kelill\u00e4 tarkkaavaisuutta.<\/p>\n<p style=\"text-align: center;\"><a href=\"\/blog\/wp-content\/uploads\/2014\/highway1_6.jpg\"><img decoding=\"async\" style=\"border: 0px none; margin: 5px;\" src=\"\/blog\/wp-content\/uploads\/2014\/thumbs\/thumbs_highway1_6.jpg\" alt=\"\" \/><\/a><a href=\"\/blog\/wp-content\/uploads\/2014\/highway1_5.jpg\"><img decoding=\"async\" style=\"border: 0px none; margin: 5px;\" src=\"\/blog\/wp-content\/uploads\/2014\/thumbs\/thumbs_highway1_5.jpg\" alt=\"\" \/><\/a><a href=\"\/blog\/wp-content\/uploads\/2014\/highway1_7.jpg\"><img decoding=\"async\" style=\"border: 0px none; margin: 5px;\" src=\"\/blog\/wp-content\/uploads\/2014\/thumbs\/thumbs_highway1_7.jpg\" alt=\"\" \/><\/a><\/p>\n<p style=\"text-align: center;\"><em>Kev\u00e4isi\u00e4 alkumatkan maisemia<\/em><\/p>\n<p style=\"text-align: justify;\">Matkalla elohopea laski nopeasti yl\u00f6sp\u00e4in ment\u00e4ess\u00e4 ja taisi k\u00e4yd\u00e4 kylmimmill\u00e4\u00e4n -18 asteessa. Siin\u00e4 oli melkoinen eri Vancouverissa olleeseen +8 asteeseen. Kelownassa majoituimme pieness\u00e4 butiikkihotellissa keskustan etel\u00e4puolella. Okanagan Laken rannalla sijaitseva hotelli oli eritt\u00e4in mukava y\u00f6paikka. Sisustus oli tehty vanhan ajan hengess\u00e4 ja hotellin oma ravintola oli tunnelmallisen h\u00e4m\u00e4r\u00e4. S\u00f6immekin siin\u00e4 niin perjantai- kuin lauantai-iltanakin.<\/p>\n<p style=\"text-align: center;\"><a href=\"\/blog\/wp-content\/uploads\/2014\/illallisella_hotellilla.jpg\"><img decoding=\"async\" style=\"border: 0px none; margin: 5px;\" src=\"\/blog\/wp-content\/uploads\/2014\/illallisella_hotellilla.jpg\" alt=\"\" \/><\/a><\/p>\n<p style=\"text-align: center;\"><em>H\u00e4m\u00e4r\u00e4ll\u00e4 illallisella<\/em><\/p>\n<p style=\"text-align: justify;\">Aamulla suuntasimme liikkeelle auringon vasta noustessa, sill\u00e4 halusimme olla rinteess\u00e4 heti ensimm\u00e4isten joukossa. Kelownasta on 60 kilometri\u00e4 Big Whiten laskettelukeskukseen, joka on alueen suurin 118 rinteell\u00e4\u00e4n. Pakkanen paukkui aamulla Kelownassa -15 asteen lukemissa ja kaikkien aikojen ensimm\u00e4inen kylm\u00e4k\u00e4ynnistys sellaisissa olosuhteissa oli varmasti j\u00e4rkytys <a title=\"2012 BMW X1 xDrive28i\" href=\"https:\/\/www.vuosiamaailmalla.fi\/?p=201\">autollemme<\/a>. Pakkanen paukkui viel\u00e4 kahta kauheammin l\u00e4hemp\u00e4n\u00e4 Big White\u00e4 ja auton mittarissa vilahti pahimmillaan per\u00e4ti -28 asteen lukemat.<\/p>\n<p style=\"text-align: center;\"><a href=\"\/blog\/wp-content\/uploads\/2014\/big_whiten_tiella1.jpg\"><img decoding=\"async\" style=\"border: 0px none; margin: 5px;\" src=\"\/blog\/wp-content\/uploads\/2014\/thumbs\/thumbs_big_whiten_tiella1.jpg\" alt=\"\" \/><\/a><a href=\"\/blog\/wp-content\/uploads\/2014\/big_whiten_tiella2.jpg\"><img decoding=\"async\" style=\"border: 0px none; margin: 5px;\" src=\"\/blog\/wp-content\/uploads\/2014\/thumbs\/thumbs_big_whiten_tiella2.jpg\" alt=\"\" \/><\/a><\/p>\n<p style=\"text-align: center;\"><em>Matkalla Big Whiteen<\/em><\/p>\n<p style=\"text-align: justify;\">Big Whiten laskettelukeskus sijaitsee samannimisen vuoren juurella, tosin &#8221;juurella&#8221; on hieman harhaanjohtavasti sanottu 1755 metriss\u00e4 sijaitsevasta alppikyl\u00e4st\u00e4. Keli oli mit\u00e4 kaunein, mutta pakkasta oli edelleen -20 astetta kun suuntasimme ensimm\u00e4iselle laskulle vuoren huipulle.<\/p>\n<p style=\"text-align: center;\"><a href=\"\/blog\/wp-content\/uploads\/2014\/big_white_sinitaivas6.jpg\"><img decoding=\"async\" style=\"border: 0px none; margin: 5px;\" src=\"\/blog\/wp-content\/uploads\/2014\/thumbs\/thumbs_big_white_sinitaivas6.jpg\" alt=\"\" \/><\/a><a href=\"\/blog\/wp-content\/uploads\/2014\/big_white_sinitaivas4.jpg\"><img decoding=\"async\" style=\"border: 0px none; margin: 5px;\" src=\"\/blog\/wp-content\/uploads\/2014\/thumbs\/thumbs_big_white_sinitaivas4.jpg\" alt=\"\" \/><\/a><a href=\"\/blog\/wp-content\/uploads\/2014\/big_white_sinitaivas3.jpg\"><img decoding=\"async\" style=\"border: 0px none; margin: 5px;\" src=\"\/blog\/wp-content\/uploads\/2014\/thumbs\/thumbs_big_white_sinitaivas3.jpg\" alt=\"\" \/><\/a><\/p>\n<p style=\"text-align: center;\"><em>Pakkasta uhmaten m\u00e4ess\u00e4<\/em><\/p>\n<p style=\"text-align: justify;\">Aloitimme aamup\u00e4iv\u00e4n laskettelukeskuksen it\u00e4isimmill\u00e4 rinteill\u00e4, jotka olivat leveit\u00e4 ja mukavia l\u00e4mmittelyrinteit\u00e4. L\u00e4mmin laskiessa ei kuitenkaan tullut kovan pakkasen johdosta ja jouduimmekin k\u00e4yd\u00e4 sulattelemassa varpaita viiden ensimm\u00e4isen m\u00e4en j\u00e4lkeen. Hieman ennen keskip\u00e4iv\u00e4\u00e4 k\u00e4vimme sy\u00f6m\u00e4ss\u00e4 itse kyl\u00e4ss\u00e4, joka on Kanadan suurin <em>ski in\/ski out<\/em> kyl\u00e4 eli melkein jokaiselta kyl\u00e4n rakennukselta p\u00e4\u00e4see suoraan suksilla m\u00e4keen.<\/p>\n<p style=\"text-align: center;\"><a href=\"\/blog\/wp-content\/uploads\/2014\/big_whiten_kyla1.jpg\"><img decoding=\"async\" style=\"border: 0px none; margin: 5px;\" src=\"\/blog\/wp-content\/uploads\/2014\/thumbs\/thumbs_big_whiten_kyla1.jpg\" alt=\"\" \/><\/a><a href=\"\/blog\/wp-content\/uploads\/2014\/big_whiten_kyla2.jpg\"><img decoding=\"async\" style=\"border: 0px none; margin: 5px;\" src=\"\/blog\/wp-content\/uploads\/2014\/thumbs\/thumbs_big_whiten_kyla2.jpg\" alt=\"\" \/><\/a><\/p>\n<p style=\"text-align: center;\"><em>Lounaalla kyl\u00e4ss\u00e4<\/em><\/p>\n<p style=\"text-align: justify;\">Laskimme iltap\u00e4iv\u00e4ll\u00e4 ristiinrastiin keskialueen rinteit\u00e4 ja sielt\u00e4 l\u00f6ytyikin monta suosikkia. 2319 metrin korkeudessa sijaitsevalta huipulta oli komea katsella ymp\u00e4r\u00f6iv\u00e4\u00e4 vuoristoa, joka toi mieleen Lapin maisemat. T\u00e4m\u00e4 siksi, ett\u00e4 vaikka oltiinkin aivan erilaisissa korkeuslukemissa, on kaikki ymp\u00e4r\u00f6iv\u00e4 korkealla ja t\u00e4ten vuoret eiv\u00e4t ole samalla tavalla jylh\u00e4t kuin t\u00e4ss\u00e4 rannikolla. Niinp\u00e4 ne typistyv\u00e4tkin tunturimaisiksi, mist\u00e4 tuli el\u00e4v\u00e4isesti mieleen Saarisel\u00e4n ja Rukan maisemat.<\/p>\n<p style=\"text-align: center;\"><a href=\"\/blog\/wp-content\/uploads\/2014\/big_white_sinitaivas1.jpg\"><img decoding=\"async\" style=\"border: 0px none; margin: 5px;\" src=\"\/blog\/wp-content\/uploads\/2014\/thumbs\/thumbs_big_white_sinitaivas1.jpg\" alt=\"\" \/><\/a><a href=\"\/blog\/wp-content\/uploads\/2014\/big_white_sinitaivas5.jpg\"><img decoding=\"async\" style=\"border: 0px none; margin: 5px;\" src=\"\/blog\/wp-content\/uploads\/2014\/thumbs\/thumbs_big_white_sinitaivas5.jpg\" alt=\"\" \/><\/a><a href=\"\/blog\/wp-content\/uploads\/2014\/big_white_sinitaivas2.jpg\"><img decoding=\"async\" style=\"border: 0px none; margin: 5px;\" src=\"\/blog\/wp-content\/uploads\/2014\/thumbs\/thumbs_big_white_sinitaivas2.jpg\" alt=\"\" \/><\/a><\/p>\n<p style=\"text-align: center;\"><em>Lapin maisemat<\/em><\/p>\n<p style=\"text-align: justify;\">Ensimm\u00e4inen laskettelup\u00e4iv\u00e4mme oli todella onnistunut ja olimme eritt\u00e4in tyytyv\u00e4isi\u00e4 ettei koko p\u00e4iv\u00e4n paukkunut pakkanen saanut meit\u00e4 j\u00e4nist\u00e4m\u00e4\u00e4n m\u00e4est\u00e4. Seuraaavana p\u00e4iv\u00e4n\u00e4 s\u00e4\u00e4 kuitenkin koetteli meit\u00e4 uudelleen. Vaikka pakkasta olikin vain -10 astetta, satoi Big Whitess\u00e4 sunnuntaina sankasti lunta ja viimeindeksi oli eritt\u00e4in hyyt\u00e4v\u00e4n puolella.<\/p>\n<p style=\"text-align: justify;\">P\u00e4\u00e4timme kuitenkin l\u00e4hte\u00e4 m\u00e4keen ja olimme heti tyytyv\u00e4isi\u00e4 p\u00e4\u00e4t\u00f6kseemme. Vaikka keli olikin j\u00e4\u00e4t\u00e4v\u00e4 ja lunta tuiskutti naamaan, oli rinteiss\u00e4 hiljaista ja aivan ideaalit olosuhteet. Ajetuille rinteille oli laskeutunut sellaiset kymmenen sentti\u00e4 puuterimaista pakkaslunta, joka vain p\u00f6llysi m\u00e4ke\u00e4 alas tullessa &#8211; aivan mahtavaa!<\/p>\n<p style=\"text-align: center;\"><a href=\"\/blog\/wp-content\/uploads\/2014\/big_white_lumisade1.jpg\"><img decoding=\"async\" style=\"border: 0px none; margin: 5px;\" src=\"\/blog\/wp-content\/uploads\/2014\/thumbs\/thumbs_big_white_lumisade1.jpg\" alt=\"\" \/><\/a><a href=\"\/blog\/wp-content\/uploads\/2014\/big_white_lumisade2.jpg\"><img decoding=\"async\" style=\"border: 0px none; margin: 5px;\" src=\"\/blog\/wp-content\/uploads\/2014\/thumbs\/thumbs_big_white_lumisade2.jpg\" alt=\"\" \/><\/a><\/p>\n<p style=\"text-align: center;\"><em>Puuteria taivaalta<\/em><\/p>\n<p style=\"text-align: justify;\">L\u00e4nsilaidan rinteet olivat lis\u00e4ksi aivan uskomattoman hauskoja, sill\u00e4 niist\u00e4 l\u00f6ytyi eritt\u00e4in vaihtelevaa profiilia. Levein\u00e4 niit\u00e4 oli kuitenkin helppo laskea ja meill\u00e4 oli todella hauskaa. Harmi vain, ett\u00e4 keli oli niin j\u00e4\u00e4t\u00e4v\u00e4 ja varpaita ja laskettelijoita pitikin k\u00e4yd\u00e4 j\u00e4lleen sulattelemassa kupposen \u00e4\u00e4ress\u00e4.<\/p>\n<p style=\"text-align: justify;\">Lounasaikaan lumisade kuitenkin taukosi ja iltap\u00e4iv\u00e4ll\u00e4 n\u00e4kyi paikoin sinist\u00e4kin taivasta. Keskityimme j\u00e4lleen laskemaan hauskoja keskialueen rinteit\u00e4, jossa eri vaihtoehtoja on valtavasti. Sivustoja suurempia ihmism\u00e4\u00e4r\u00e4k\u00e4\u00e4n ei haitannyt ollenkaan, ei vaikka suosituimmassa paikassa laskettelijoita kuskaa yl\u00f6s kaksi vierekk\u00e4ist\u00e4 tuolihissi\u00e4, joista toinen neli- ja toinen kuusipaikkainen. Melkoisesti hissikapasiteettia siis!<\/p>\n<p style=\"text-align: center;\"><a href=\"\/blog\/wp-content\/uploads\/2014\/big_white_lumisade3.jpg\"><img decoding=\"async\" style=\"border: 0px none; margin: 5px;\" src=\"\/blog\/wp-content\/uploads\/2014\/thumbs\/thumbs_big_white_lumisade3.jpg\" alt=\"\" \/><\/a><a href=\"\/blog\/wp-content\/uploads\/2014\/big_white_lumisade4.jpg\"><img decoding=\"async\" style=\"border: 0px none; margin: 5px;\" src=\"\/blog\/wp-content\/uploads\/2014\/thumbs\/thumbs_big_white_lumisade4.jpg\" alt=\"\" \/><\/a><a href=\"\/blog\/wp-content\/uploads\/2014\/big_white_lumisade5.jpg\"><img decoding=\"async\" style=\"border: 0px none; margin: 5px;\" src=\"\/blog\/wp-content\/uploads\/2014\/thumbs\/thumbs_big_white_lumisade5.jpg\" alt=\"\" \/><\/a><\/p>\n<p style=\"text-align: center;\"><em>L\u00f6ytyih\u00e4n se aurinkokin<\/em><\/p>\n<p style=\"text-align: justify;\">Ruuhkattomuudesta pit\u00e4\u00e4kin antaa Big Whitelle suuri plussa, sill\u00e4 vaikka kyseess\u00e4 oli todenn\u00e4k\u00f6isesti vuoden vilkkain viikonloppu, emme miss\u00e4\u00e4n vaiheessa jonottaneet hissille minuuttia pidemp\u00e4\u00e4, mik\u00e4 on aivan uskomattoman v\u00e4h\u00e4n. P\u00e4\u00e4osan ajasta hissille sai laskea suoraan, joten laskuaikaa kertyi valtavasti kumpanakin p\u00e4iv\u00e4n\u00e4.<\/p>\n<p style=\"text-align: justify;\">Big White j\u00e4ttikin hyv\u00e4n mielen. Kahdessa p\u00e4iv\u00e4ss\u00e4 ehti laskea kaikilla alueilla, joilla kaikilla oli todella hauskoja rinteit\u00e4. Silti keskukselle olisi hauska palata viel\u00e4 uudelleen jonain tulevana talvena. Asia on vakavassa harkinnassa.<\/p>\n<p style=\"text-align: justify;\">Takaisin Kelownassa k\u00e4vimme sunnuntai-iltana pilistelem\u00e4ss\u00e4 kaupungilla sek\u00e4 sy\u00f6m\u00e4ss\u00e4 ravintolassa. Maanantaiaamuna l\u00e4hdimme paluumatkalle heti aamusta, sill\u00e4 tiedossa piti olla huono ajokeli. Ensimm\u00e4iset viitteet t\u00e4st\u00e4 saatiinkin jo Kelownan ja Merrittin v\u00e4lisell\u00e4 maantiell\u00e4, jossa lunta juoksutti tiell\u00e4 varsinkin 1728 metrin korkeudessa sijatsevalla <em>Pennask Summitilla<\/em>. Kuitenkin vasta Coquihalla Highwayll\u00e4 olosuhteet muuttuivat eritt\u00e4in huonoksi, mist\u00e4 Niinan <a title=\"Valtatie halki helvetin\" href=\"https:\/\/www.vuosiamaailmalla.fi\/?p=2735\">ottamat talvikuvat<\/a> varmasti kertovat.<\/p>\n<p style=\"text-align: center;\"><a href=\"\/blog\/wp-content\/uploads\/2014\/kelowna_illansuussa.jpg\"><img decoding=\"async\" style=\"border: 0px none; margin: 5px;\" src=\"\/blog\/wp-content\/uploads\/2014\/thumbs\/thumbs_kelowna_illansuussa.jpg\" alt=\"\" \/><\/a><a href=\"\/blog\/wp-content\/uploads\/2014\/lake_okanagan_illlansuussa.jpg\"><img decoding=\"async\" style=\"border: 0px none; margin: 5px;\" src=\"\/blog\/wp-content\/uploads\/2014\/thumbs\/thumbs_lake_okanagan_illlansuussa.jpg\" alt=\"\" \/><\/a><\/p>\n<p style=\"text-align: center;\"><em> Sunnuntai-illan pilistely\u00e4 Kelownassa<\/em><\/p>\n<p style=\"text-align: center;\"><a href=\"\/blog\/wp-content\/uploads\/2014\/okanagan_connector3.jpg\"><img decoding=\"async\" style=\"border: 0px none; margin: 5px;\" src=\"\/blog\/wp-content\/uploads\/2014\/thumbs\/thumbs_okanagan_connector3.jpg\" alt=\"\" \/><\/a><a href=\"\/blog\/wp-content\/uploads\/2014\/okanagan_connector2.jpg\"><img decoding=\"async\" style=\"border: 0px none; margin: 5px;\" src=\"\/blog\/wp-content\/uploads\/2014\/thumbs\/thumbs_okanagan_connector2.jpg\" alt=\"\" \/><\/a><a href=\"\/blog\/wp-content\/uploads\/2014\/okanagan_connector1.jpg\"><img decoding=\"async\" style=\"border: 0px none; margin: 5px;\" src=\"\/blog\/wp-content\/uploads\/2014\/thumbs\/thumbs_okanagan_connector1.jpg\" alt=\"\" \/><\/a><\/p>\n<p style=\"text-align: center;\"><em>Oikukas paluumatkan ajokeli<\/em><\/p>\n<p style=\"text-align: justify;\">Lunta satoi aina Chilliwackiin saakka, mist\u00e4 eteenp\u00e4in ajoimme kotiin saakka Vancouverin talvelle tyypillisess\u00e4 vesisateessa. Reissumme oli kaiken kaikkiaan eritt\u00e4in onnistunut ja oli mukava vierailla hieman kauempana oman provinssin alueella. Varmasti alueelle tulee suunnattua my\u00f6s <a title=\"Lunta etsim\u00e4ss\u00e4 Sun Peaksilla\" href=\"https:\/\/www.vuosiamaailmalla.fi\/?p=4269\">ensi talvena<\/a>, sill\u00e4 siell\u00e4 on monia kiintoisia <a title=\"Viikonloppu Okanagan rinteiss\u00e4\" href=\"https:\/\/www.vuosiamaailmalla.fi\/?p=7873\">laskettelukeskuksia<\/a> kokeiltavaksi.<\/p>\n","protected":false},"excerpt":{"rendered":"<p>Helmikuun alussa vietettiin t\u00e4\u00e4ll\u00e4 British Columbiassa toista kertaa uutta julkista vapaap\u00e4iv\u00e4\u00e4, Family Dayta. Pitk\u00e4n viikonlopun vuoksi p\u00e4\u00e4timmekin l\u00e4hte\u00e4 l\u00e4hivuoria edemm\u00e4s etsim\u00e4\u00e4n parempia lasketteluolosuhteita Okanagan Valleyn alueelle. Viininviljelyst\u00e4 tunnettu pittoreski laakso sijaitsee Vancouverista noin 400 kilometri\u00e4 it\u00e4\u00e4n ja sen suurin kaupunki on Kelowna. Vierailimme alueella ensimm\u00e4ist\u00e4 kertaa syyskuussa 2012 osana Kalliovuorten matkaamme, joten aikaa viime kerrasta &hellip; <a href=\"https:\/\/www.vuosiamaailmalla.fi\/blog\/2014\/big-white\/\" class=\"more-link\">Jatka lukemista<span class=\"screen-reader-text\"> &#8221;Big White&#8221;<\/span><\/a><\/p>\n","protected":false},"author":1,"featured_media":11293,"comment_status":"open","ping_status":"open","sticky":false,"template":"","format":"standard","meta":{"_jetpack_memberships_contains_paid_content":false,"footnotes":""},"categories":[9,778,7,774],"tags":[700,935,584,173,699,202],"class_list":["post-2759","post","type-post","status-publish","format-standard","has-post-thumbnail","hentry","category-kanada","category-laskettelu-ulkoilu","category-matkakertomukset","category-ulkoilu","tag-big-white","tag-kanada","tag-kelowna","tag-laskettelu","tag-okanagan-valley","tag-talvi"],"jetpack_featured_media_url":"https:\/\/www.vuosiamaailmalla.fi\/blog\/wp-content\/uploads\/big_white_lumisade_banner.jpg","jetpack_sharing_enabled":true,"_links":{"self":[{"href":"https:\/\/www.vuosiamaailmalla.fi\/blog\/wp-json\/wp\/v2\/posts\/2759","targetHints":{"allow":["GET"]}}],"collection":[{"href":"https:\/\/www.vuosiamaailmalla.fi\/blog\/wp-json\/wp\/v2\/posts"}],"about":[{"href":"https:\/\/www.vuosiamaailmalla.fi\/blog\/wp-json\/wp\/v2\/types\/post"}],"author":[{"embeddable":true,"href":"https:\/\/www.vuosiamaailmalla.fi\/blog\/wp-json\/wp\/v2\/users\/1"}],"replies":[{"embeddable":true,"href":"https:\/\/www.vuosiamaailmalla.fi\/blog\/wp-json\/wp\/v2\/comments?post=2759"}],"version-history":[{"count":2,"href":"https:\/\/www.vuosiamaailmalla.fi\/blog\/wp-json\/wp\/v2\/posts\/2759\/revisions"}],"predecessor-version":[{"id":11295,"href":"https:\/\/www.vuosiamaailmalla.fi\/blog\/wp-json\/wp\/v2\/posts\/2759\/revisions\/11295"}],"wp:featuredmedia":[{"embeddable":true,"href":"https:\/\/www.vuosiamaailmalla.fi\/blog\/wp-json\/wp\/v2\/media\/11293"}],"wp:attachment":[{"href":"https:\/\/www.vuosiamaailmalla.fi\/blog\/wp-json\/wp\/v2\/media?parent=2759"}],"wp:term":[{"taxonomy":"category","embeddable":true,"href":"https:\/\/www.vuosiamaailmalla.fi\/blog\/wp-json\/wp\/v2\/categories?post=2759"},{"taxonomy":"post_tag","embeddable":true,"href":"https:\/\/www.vuosiamaailmalla.fi\/blog\/wp-json\/wp\/v2\/tags?post=2759"}],"curies":[{"name":"wp","href":"https:\/\/api.w.org\/{rel}","templated":true}]}}