{"id":2793,"date":"2014-03-20T20:55:13","date_gmt":"2014-03-21T03:55:13","guid":{"rendered":"http:\/\/13.53.127.146\/?p=2793"},"modified":"2021-01-20T20:37:39","modified_gmt":"2021-01-21T04:37:39","slug":"ted-2014","status":"publish","type":"post","link":"https:\/\/www.vuosiamaailmalla.fi\/blog\/2014\/ted-2014\/","title":{"rendered":"TED 2014"},"content":{"rendered":"<p style=\"text-align: justify;\">Vancouver on paraikaa maailman tiedemaailman ja sivistyneist\u00f6n huomion kohteena. Syyn\u00e4 on tapahtuma nimelt\u00e4 <a href=\"http:\/\/www.ted.com\">TED<\/a> eli <em>Technology, Entertainment, Design<\/em>. Kyse on yhdest\u00e4 maailman arvostetuimmasta eri alojen pioneerien ja ajattelijoiden konfrenssista, joka j\u00e4rjestet\u00e4\u00e4n vuosittain jossain p\u00e4in Pohjois-Amerikkaa. Viimeiset viisi vuotta paikkana on ollut Long Beachin kaupunki Kaliforniassa, mutta t\u00e4n\u00e4 vuonna TED j\u00e4rjestet\u00e4\u00e4n t\u00e4\u00e4ll\u00e4 Vancouverissa. T\u00e4m\u00e4 ei liene t\u00e4ysin sattumaa, sill\u00e4 Vancouver on <a title=\"Kes\u00e4lomalla New Yorkissa\" href=\"https:\/\/www.vuosiamaailmalla.fi\/?p=9567\">New Yorkin<\/a> ohella toinen TED:in taustalla olevan voittoa tavoittelemattoman j\u00e4rjest\u00f6n kotipaikoista.<\/p>\n<p><!--more--><\/p>\n<p style=\"text-align: center;\"><a href=\"\/blog\/wp-content\/uploads\/2014\/ted.jpg\"><img decoding=\"async\" style=\"border: 0px none; margin: 5px;\" src=\"\/blog\/wp-content\/uploads\/2014\/ted.jpg\" alt=\"\" \/><\/a><\/p>\n<p style=\"text-align: center;\"><em>TED Vancouver 2014 pitopaikka<br \/>\n<\/em><\/p>\n<p style=\"text-align: justify;\">TED:in motto on <em>&#8221;Ideas Worth Spreading&#8221;<\/em> eli &#8221;levitt\u00e4misen arvoisia ideoita&#8221;. Ajatuksena on, ett\u00e4 konfrenssissa esitett\u00e4v\u00e4t puheenvuorot inspiroisivat ihmisi\u00e4 kehitt\u00e4m\u00e4\u00e4n itse\u00e4\u00e4n ja koko yhteiskuntaa eteenp\u00e4in eri alojen pioneerien ja ajattelijoiden inspiroimana. Harvalla on kuitenkaan mahdollisuus osallistua itse konfrenssiin, tai edes varaa siihen, sill\u00e4 lippujen hinta on noin 7000 dollaria per henki. \ud83d\udca1 Kaikki puheet kuitenkin videoidaan ja ne tulevat n\u00e4ht\u00e4ville ilmaiseksi j\u00e4rjest\u00f6n nettisivuille sek\u00e4 <a href=\"https:\/\/www.youtube.com\/user\/TEDtalksDirector\">Youtubeen<\/a>, jossa niit\u00e4 on katsottu t\u00e4h\u00e4n menness\u00e4 yli miljardi kertaa. Voidaankin todeta, ett\u00e4 TED konfrensseissa pidett\u00e4v\u00e4t puheenvuorot ovat selv\u00e4sti satojen miljoonien ihmisten mielest\u00e4 olleet levitt\u00e4misen arvoisia.<\/p>\n<p style=\"text-align: justify;\">TED keskittyy kolmen kirjaimensa perusteella tieteeseen, viihteeseen sek\u00e4 suunnitteluun. Esiintyj\u00e4t ovat monesti teknologiapioneerej\u00e4, professoreita, filosofeja, journalisteja, ymp\u00e4rist\u00f6ihmisi\u00e4, muusikkoja ja toisinaan my\u00f6s poliitikkoja. Vancouverissa puhujien joukossa ovat muun muassa Microsoftin perustaja ja maailman rikkain mies Bill Gates (vaimonsa kanssa), Googlen perustajat Larry Page ja Sergey Brin, Wikipedian perustaja Jimmy Wales, muusikko Sting, <a title=\"Vancouver avaruudesta\" href=\"https:\/\/www.vuosiamaailmalla.fi\/?p=1756\">astronautti Chris Hadfield<\/a> sek\u00e4 kymmeni\u00e4 muita. Ehk\u00e4 yll\u00e4tt\u00e4vin puhuja oli tiistaina n\u00e4hty tietovuotaja Edward Snowden, joka piti kiinnostavan puheenvuoron Ven\u00e4j\u00e4lt\u00e4 k\u00e4sin er\u00e4\u00e4nlaisen et\u00e4laitteen kautta.<\/p>\n<p style=\"text-align: center;\"><iframe loading=\"lazy\" src=\"\/\/www.youtube-nocookie.com\/embed\/yVwAodrjZMY?rel=0\" width=\"560\" height=\"315\" frameborder=\"0\"><\/iframe><\/p>\n<p style=\"text-align: center;\"><em>Edward Snowdenin puheenvuoro<\/em><\/p>\n<p style=\"text-align: justify;\">Tapahtumaa ja sen puheenvuoroja on ollut kiintoisaa kuunnella median kautta viikon varrella. On my\u00f6s ollut mielt\u00e4 kutkuttava ajatus, ett\u00e4 vain joitain satoja metrej\u00e4 kotoamme on juuri t\u00e4ll\u00e4 hetkell\u00e4 paikalla monenlaisia tieteen ja teknologian pioneerej\u00e4. On aivan mahdollista, ett\u00e4 kaupungilla kulkiessa saattaa t\u00f6rm\u00e4t\u00e4 internetin perustaja Tim Berners-Leehen tai johon kuhun muuhun, joka on jollain tavalla j\u00e4tt\u00e4nyt j\u00e4lkens\u00e4 historiaan.<\/p>\n<p style=\"text-align: justify;\">Vaikka tapahtumaan ei olekaan fyysist\u00e4 p\u00e4\u00e4sy\u00e4, n\u00e4kyy se kuitenkin kaupungin katukuvassa. Downtownin rantaan, tapahtumapaikkana toimivan uuden konfrenssikeskuksen viereen on nimitt\u00e4in pystytetty tilap\u00e4inen taideteos juhlistamaan tapahtumaa. Korkealle ilmaan ripustettu taiteilija Janet Echelmanin valtaisa tekstiilinen tilataideteos kantaa nime\u00e4\u00a0<em>Unnumbered Sparks<\/em> ja siihen heijastetaan iltaisin v\u00e4rej\u00e4 sek\u00e4 laserikuvioita. Teos on kiintoisa ja takuulla huomiota her\u00e4tt\u00e4v\u00e4. Onkin harmi, ett\u00e4 se on vain tilap\u00e4inen ja puretaan jo tulevana viikonloppuna.<\/p>\n<p style=\"text-align: center;\"><a href=\"\/blog\/wp-content\/uploads\/2014\/unnumbered_sparks3.jpg\"><img decoding=\"async\" style=\"border: 0px none; margin: 5px;\" src=\"\/blog\/wp-content\/uploads\/2014\/thumbs\/thumbs_unnumbered_sparks3.jpg\" alt=\"\" \/><\/a><a href=\"\/blog\/wp-content\/uploads\/2014\/unnumbered_sparks5.jpg\"><img decoding=\"async\" style=\"border: 0px none; margin: 5px;\" src=\"\/blog\/wp-content\/uploads\/2014\/thumbs\/thumbs_unnumbered_sparks5.jpg\" alt=\"\" \/><\/a><a href=\"\/blog\/wp-content\/uploads\/2014\/unnumbered_sparks2.jpg\"><img decoding=\"async\" style=\"border: 0px none; margin: 5px;\" src=\"\/blog\/wp-content\/uploads\/2014\/thumbs\/thumbs_unnumbered_sparks2.jpg\" alt=\"\" \/><\/a><br \/>\n<a href=\"\/blog\/wp-content\/uploads\/2014\/unnumbered_sparks1.jpg\"><img decoding=\"async\" style=\"border: 0px none; margin: 5px;\" src=\"\/blog\/wp-content\/uploads\/2014\/thumbs\/thumbs_unnumbered_sparks1.jpg\" alt=\"\" \/><\/a><a href=\"\/blog\/wp-content\/uploads\/2014\/unnumbered_sparks4.jpg\"><img decoding=\"async\" style=\"border: 0px none; margin: 5px;\" src=\"\/blog\/wp-content\/uploads\/2014\/thumbs\/thumbs_unnumbered_sparks4.jpg\" alt=\"\" \/><\/a><\/p>\n<p style=\"text-align: center;\"><em>Unnumbered Sparks<\/em><\/p>\n<p style=\"text-align: justify;\">Niinp\u00e4 teos pitikin k\u00e4yt\u00e4 toteamassa omin silmin keskiviikko illasta ja ihan j\u00e4nn\u00e4lt\u00e4h\u00e4n tuo n\u00e4yttikin. Paikalla oli kymmeni\u00e4 valokuvaajia ja satoja uteliaita katsomassa taideteosta sek\u00e4 yritt\u00e4m\u00e4ss\u00e4 bongata julkkiksia. Alla on video taideteoksen kiintoisasta rakennusprosessista.<\/p>\n<p style=\"text-align: center;\"><iframe loading=\"lazy\" src=\"\/\/www.youtube-nocookie.com\/embed\/npjTmG-TBHQ?rel=0\" width=\"560\" height=\"315\" frameborder=\"0\"><\/iframe><\/p>\n","protected":false},"excerpt":{"rendered":"<p>Vancouver on paraikaa maailman tiedemaailman ja sivistyneist\u00f6n huomion kohteena. Syyn\u00e4 on tapahtuma nimelt\u00e4 TED eli Technology, Entertainment, Design. Kyse on yhdest\u00e4 maailman arvostetuimmasta eri alojen pioneerien ja ajattelijoiden konfrenssista, joka j\u00e4rjestet\u00e4\u00e4n vuosittain jossain p\u00e4in Pohjois-Amerikkaa. Viimeiset viisi vuotta paikkana on ollut Long Beachin kaupunki Kaliforniassa, mutta t\u00e4n\u00e4 vuonna TED j\u00e4rjestet\u00e4\u00e4n t\u00e4\u00e4ll\u00e4 Vancouverissa. T\u00e4m\u00e4 ei liene &hellip; <a href=\"https:\/\/www.vuosiamaailmalla.fi\/blog\/2014\/ted-2014\/\" class=\"more-link\">Jatka lukemista<span class=\"screen-reader-text\"> &#8221;TED 2014&#8221;<\/span><\/a><\/p>\n","protected":false},"author":1,"featured_media":11291,"comment_status":"open","ping_status":"open","sticky":false,"template":"","format":"standard","meta":{"_jetpack_memberships_contains_paid_content":false,"footnotes":""},"categories":[17,3],"tags":[25,935,702,939,940],"class_list":["post-2793","post","type-post","status-publish","format-standard","has-post-thumbnail","hentry","category-arki-kanadassa","category-arki-ulkomailla","tag-ajankohtaista","tag-kanada","tag-ted","tag-vancouver","tag-vancouver-downtown"],"jetpack_featured_media_url":"https:\/\/www.vuosiamaailmalla.fi\/blog\/wp-content\/uploads\/ted_banner-1.jpg","jetpack_sharing_enabled":true,"_links":{"self":[{"href":"https:\/\/www.vuosiamaailmalla.fi\/blog\/wp-json\/wp\/v2\/posts\/2793","targetHints":{"allow":["GET"]}}],"collection":[{"href":"https:\/\/www.vuosiamaailmalla.fi\/blog\/wp-json\/wp\/v2\/posts"}],"about":[{"href":"https:\/\/www.vuosiamaailmalla.fi\/blog\/wp-json\/wp\/v2\/types\/post"}],"author":[{"embeddable":true,"href":"https:\/\/www.vuosiamaailmalla.fi\/blog\/wp-json\/wp\/v2\/users\/1"}],"replies":[{"embeddable":true,"href":"https:\/\/www.vuosiamaailmalla.fi\/blog\/wp-json\/wp\/v2\/comments?post=2793"}],"version-history":[{"count":2,"href":"https:\/\/www.vuosiamaailmalla.fi\/blog\/wp-json\/wp\/v2\/posts\/2793\/revisions"}],"predecessor-version":[{"id":11292,"href":"https:\/\/www.vuosiamaailmalla.fi\/blog\/wp-json\/wp\/v2\/posts\/2793\/revisions\/11292"}],"wp:featuredmedia":[{"embeddable":true,"href":"https:\/\/www.vuosiamaailmalla.fi\/blog\/wp-json\/wp\/v2\/media\/11291"}],"wp:attachment":[{"href":"https:\/\/www.vuosiamaailmalla.fi\/blog\/wp-json\/wp\/v2\/media?parent=2793"}],"wp:term":[{"taxonomy":"category","embeddable":true,"href":"https:\/\/www.vuosiamaailmalla.fi\/blog\/wp-json\/wp\/v2\/categories?post=2793"},{"taxonomy":"post_tag","embeddable":true,"href":"https:\/\/www.vuosiamaailmalla.fi\/blog\/wp-json\/wp\/v2\/tags?post=2793"}],"curies":[{"name":"wp","href":"https:\/\/api.w.org\/{rel}","templated":true}]}}